{"id":12140,"date":"2026-04-28T09:50:11","date_gmt":"2026-04-28T12:50:11","guid":{"rendered":"https:\/\/fabricadescripts.com.br\/igrejas\/IGRE3535\/criticado-por-artistas-evento-de-cazarre-para-homens-atrai-milhares-familia-fortalecida\/"},"modified":"2026-04-28T09:50:11","modified_gmt":"2026-04-28T12:50:11","slug":"criticado-por-artistas-evento-de-cazarre-para-homens-atrai-milhares-familia-fortalecida","status":"publish","type":"post","link":"https:\/\/fabricadescripts.com.br\/igrejas\/IGRE3535\/criticado-por-artistas-evento-de-cazarre-para-homens-atrai-milhares-familia-fortalecida\/","title":{"rendered":"Criticado por artistas, evento de Cazarr\u00e9 para homens atrai milhares: \u2018Fam\u00edlia fortalecida\u2019"},"content":{"rendered":"<div>\n<p><span>Nos \u00faltimos dias, o ator e influenciador <\/span><span><strong>Juliano Cazarre\u0301<\/strong><\/span><span> foi alvo de ataques por artistas nas redes sociais por promover um evento com valores crist\u00e3os para homens.<\/span><\/p>\n<p><span>Por\u00e9m, o que era para ser um cancelamento na internet se transformou em divulga\u00e7\u00e3o do projeto que quer proteger a fam\u00edlia da <\/span><span><strong>ideologia progressista<\/strong><\/span><span>.<\/span><\/p>\n<p><span>Ap\u00f3s a repercuss\u00e3o, Cazarre\u0301, que \u00e9 cat\u00f3lico, fez um pronunciamento no Instagram na sexta-feira (24).<\/span><\/p>\n<p><span>\u201cNos \u00faltimos dias, voc\u00eas viram tudo que come\u00e7ou a acontecer: foram cr\u00edticas, interpreta\u00e7\u00f5es distorcidas, ataques que v\u00eam de gente que realmente n\u00e3o quer entender, que prefere simplesmente diminuir ou demonizar aquilo que n\u00e3o concorda, isso n\u00e3o \u00e9 novo\u201d, declarou ele, em v\u00eddeo.<\/span><\/p>\n<p><span>\u201cToda essa confus\u00e3o prova pra mim que tem algo que precisa ser feito, porque o que \u00e9 vazio n\u00e3o incomoda, o que \u00e9 superficial n\u00e3o gera rea\u00e7\u00e3o nenhuma. Agora, quando voc\u00ea tenta falar de <\/span><span><strong>fam\u00edlia<\/strong><\/span><span>, de responsabilidade, de colocar ordem dentro da casa com base principalmente em princ\u00edpios crist\u00e3os, isso mexe\u201d, denunciou.<\/span><\/p>\n<p><span>O ator comemorou que o ataque se transformou em promo\u00e7\u00e3o do evento cat\u00f3lico \u201cO Farol e a Forja\u201d com foco na vida familiar, profissional e espiritual do homem, que acontecer\u00e1 em julho.<\/span><\/p>\n<p><span>\u201cEu s\u00f3 posso agradecer a todo mundo que veio aqui criticar e acabou jogando o nosso evento na m\u00eddia e na boca de todo mundo. O nosso evento j\u00e1 tem milhares de pr\u00e9-inscritos, a gente tinha 500 pessoas, a \u00faltima vez que eu vi j\u00e1 tinha mais de 5 mil. Decuplicou, ent\u00e3o obrigado a todo mundo a\u00ed que fez essa publicidade gr\u00e1tis\u201d, disse ele.<\/span><\/p>\n<p><strong>Fortalecendo a fam\u00edlia com valores b\u00edblicos<\/strong><\/p>\n<p><span>Cazarre\u0301 ainda afirmou que vai continuar realizando projetos voltados para fortalecer a fam\u00edlia e para forjar homens \u00edntegros.<\/span><\/p>\n<p><span>\u201cVamos continuar lutando com serenidade por aquilo que a gente acredita, por homens melhores, por pais melhores, por uma sociedade menos violenta, por uma sociedade que seja realmente plural, que aceite as diverg\u00eancias, que aceite opini\u00f5es diferentes. Vamos continuar lutando por fam\u00edlias mais estruturadas, mais s\u00f3lidas\u201d, ressaltou.<\/span><\/p>\n<p><span>\u201cUm pa\u00eds se constr\u00f3i das fam\u00edlias para cima. O pa\u00eds n\u00e3o se constr\u00f3i da burocracia pra baixo. Ent\u00e3o vamos fortalecer a fam\u00edlia, que \u00e9 a base de uma sociedade saud\u00e1vel\u201d.<\/span><\/p>\n<p><span>Ele citou o projeto \u201cA Casa Sobre a Rocha\u201d, que criou junto com sua esposa Let\u00edcia. \u201cEu quero criar uma comunidade baseada nos princ\u00edpios de Nosso Senhor Jesus Cristo, nos princ\u00edpios da B\u00edblia, pra gente cuidar das nossas fam\u00edlias, em meio a esse mundo louco onde muitas vezes as pessoas tentam enfraquecer justamente aquilo que mais merece ser protegido\u201d, explicou.<\/span><\/p>\n<p><span>\u201cCom um desejo sincero de ajudar mais fam\u00edlias a constru\u00edrem a sua casa sobre a Rocha firme, que \u00e9 o Cristo\u201d.<\/span><\/p>\n<blockquote data-instgrm-captioned data-instgrm-permalink=\"https:\/\/www.instagram.com\/reel\/DXh5SR1CZok\/?utm_source=ig_embed&#038;utm_campaign=loading\" data-instgrm-version=\"14\"><\/blockquote>\n<\/div>\n","protected":false},"excerpt":{"rendered":"<p>Nos \u00faltimos dias, o ator e influenciador Juliano Cazarre\u0301 foi alvo de ataques por artistas nas redes sociais por promover um evento com valores crist\u00e3os para homens. Por\u00e9m, o que era para ser um cancelamento na internet se transformou em divulga\u00e7\u00e3o do projeto que quer proteger a fam\u00edlia da ideologia progressista. Ap\u00f3s a repercuss\u00e3o, Cazarre\u0301, que \u00e9 cat\u00f3lico, fez um pronunciamento no Instagram na sexta-feira (24). \u201cNos \u00faltimos dias, voc\u00eas viram tudo que come\u00e7ou a acontecer: foram cr\u00edticas, interpreta\u00e7\u00f5es distorcidas, ataques que v\u00eam de gente que realmente n\u00e3o quer entender, que prefere simplesmente diminuir ou demonizar aquilo que n\u00e3o concorda, isso n\u00e3o \u00e9 novo\u201d, declarou ele, em v\u00eddeo. \u201cToda essa confus\u00e3o prova pra mim que tem algo que precisa ser feito, porque o que \u00e9 vazio n\u00e3o incomoda, o que \u00e9 superficial n\u00e3o gera rea\u00e7\u00e3o nenhuma. Agora, quando voc\u00ea tenta falar de fam\u00edlia, de responsabilidade, de colocar ordem dentro da casa com base principalmente em princ\u00edpios crist\u00e3os, isso mexe\u201d, denunciou. O ator comemorou que o ataque se transformou em promo\u00e7\u00e3o do evento cat\u00f3lico \u201cO Farol e a Forja\u201d com foco na vida familiar, profissional e espiritual do homem, que acontecer\u00e1 em julho. \u201cEu s\u00f3 posso agradecer a todo mundo que veio aqui criticar e acabou jogando o nosso evento na m\u00eddia e na boca de todo mundo. O nosso evento j\u00e1 tem milhares de pr\u00e9-inscritos, a gente tinha 500 pessoas, a \u00faltima vez que eu vi j\u00e1 tinha mais de 5 mil. Decuplicou, ent\u00e3o obrigado a todo mundo a\u00ed que fez essa publicidade gr\u00e1tis\u201d, disse ele. Fortalecendo a fam\u00edlia com valores b\u00edblicos Cazarre\u0301 ainda afirmou que vai continuar realizando projetos voltados para fortalecer a fam\u00edlia e para forjar homens \u00edntegros. \u201cVamos continuar lutando com serenidade por aquilo que a gente acredita, por homens melhores, por pais melhores, por uma sociedade menos violenta, por uma sociedade que seja realmente plural, que aceite as diverg\u00eancias, que aceite opini\u00f5es diferentes. Vamos continuar lutando por fam\u00edlias mais estruturadas, mais s\u00f3lidas\u201d, ressaltou. \u201cUm pa\u00eds se constr\u00f3i das fam\u00edlias para cima. O pa\u00eds n\u00e3o se constr\u00f3i da burocracia pra baixo. Ent\u00e3o vamos fortalecer a fam\u00edlia, que \u00e9 a base de uma sociedade saud\u00e1vel\u201d. Ele citou o projeto \u201cA Casa Sobre a Rocha\u201d, que criou junto com sua esposa Let\u00edcia. \u201cEu quero criar uma comunidade baseada nos princ\u00edpios de Nosso Senhor Jesus Cristo, nos princ\u00edpios da B\u00edblia, pra gente cuidar das nossas fam\u00edlias, em meio a esse mundo louco onde muitas vezes as pessoas tentam enfraquecer justamente aquilo que mais merece ser protegido\u201d, explicou. \u201cCom um desejo sincero de ajudar mais fam\u00edlias a constru\u00edrem a sua casa sobre a Rocha firme, que \u00e9 o Cristo\u201d.<\/p>\n","protected":false},"author":1,"featured_media":12141,"comment_status":"closed","ping_status":"closed","sticky":false,"template":"","format":"standard","meta":{"footnotes":""},"categories":[11],"tags":[],"class_list":["post-12140","post","type-post","status-publish","format-standard","has-post-thumbnail","hentry","category-brasil"],"acf":[],"_links":{"self":[{"href":"https:\/\/fabricadescripts.com.br\/igrejas\/IGRE3535\/wp-json\/wp\/v2\/posts\/12140","targetHints":{"allow":["GET"]}}],"collection":[{"href":"https:\/\/fabricadescripts.com.br\/igrejas\/IGRE3535\/wp-json\/wp\/v2\/posts"}],"about":[{"href":"https:\/\/fabricadescripts.com.br\/igrejas\/IGRE3535\/wp-json\/wp\/v2\/types\/post"}],"author":[{"embeddable":true,"href":"https:\/\/fabricadescripts.com.br\/igrejas\/IGRE3535\/wp-json\/wp\/v2\/users\/1"}],"replies":[{"embeddable":true,"href":"https:\/\/fabricadescripts.com.br\/igrejas\/IGRE3535\/wp-json\/wp\/v2\/comments?post=12140"}],"version-history":[{"count":0,"href":"https:\/\/fabricadescripts.com.br\/igrejas\/IGRE3535\/wp-json\/wp\/v2\/posts\/12140\/revisions"}],"wp:featuredmedia":[{"embeddable":true,"href":"https:\/\/fabricadescripts.com.br\/igrejas\/IGRE3535\/wp-json\/wp\/v2\/media\/12141"}],"wp:attachment":[{"href":"https:\/\/fabricadescripts.com.br\/igrejas\/IGRE3535\/wp-json\/wp\/v2\/media?parent=12140"}],"wp:term":[{"taxonomy":"category","embeddable":true,"href":"https:\/\/fabricadescripts.com.br\/igrejas\/IGRE3535\/wp-json\/wp\/v2\/categories?post=12140"},{"taxonomy":"post_tag","embeddable":true,"href":"https:\/\/fabricadescripts.com.br\/igrejas\/IGRE3535\/wp-json\/wp\/v2\/tags?post=12140"}],"curies":[{"name":"wp","href":"https:\/\/api.w.org\/{rel}","templated":true}]}}