{"id":12130,"date":"2026-04-27T07:28:51","date_gmt":"2026-04-27T10:28:51","guid":{"rendered":"https:\/\/fabricadescripts.com.br\/igrejas\/IGRE3535\/500-pastores-se-reunem-em-portugal-para-fortalecer-igreja-na-europa-movimento-do-ceu\/"},"modified":"2026-04-27T07:28:51","modified_gmt":"2026-04-27T10:28:51","slug":"500-pastores-se-reunem-em-portugal-para-fortalecer-igreja-na-europa-movimento-do-ceu","status":"publish","type":"post","link":"https:\/\/fabricadescripts.com.br\/igrejas\/IGRE3535\/500-pastores-se-reunem-em-portugal-para-fortalecer-igreja-na-europa-movimento-do-ceu\/","title":{"rendered":"500 pastores se re\u00fanem em Portugal para fortalecer Igreja na Europa: \u201cMovimento do C\u00e9u\u201d"},"content":{"rendered":"<div>\n<p><span>A <\/span><span><strong>Inspire Conference Portugal<\/strong><\/span><span> iniciou nesta sexta-feira (24), reunindo mais de 500 l\u00edderes crist\u00e3os de 15 pa\u00edses da Europa.<\/span><\/p>\n<p><span>O evento, promovido pela Rede Inspire <\/span><span><strong>Portugal<\/strong><\/span><span>, acontece simultaneamente nas cidades de Sintra, Porto e Algarve, e seguir\u00e1 at\u00e9 s\u00e1bado (25).<\/span><\/p>\n<p><span>A programa\u00e7\u00e3o conta com dois dias repletos de plen\u00e1rias, ministra\u00e7\u00f5es, workshops, al\u00e9m de momentos de networking e ativa\u00e7\u00e3o espiritual, com o prop\u00f3sito de fortalecer a lideran\u00e7a e impulsionar o avan\u00e7o do Reino de Deus na Europa.<\/span><\/p>\n<p><span>A 5\u00aa edi\u00e7\u00e3o da confer\u00eancia marca os cinco anos da Rede Inspire na Europa, que tem capacitado pastores e incentivado a unidade entre igrejas.<\/span><\/p>\n<p><span>Na abertura do evento, o pastor Vin\u00edcius Carvalho, coordenador da Rede Inspire na Europa, louvou a Deus pelo crescimento da rede na regi\u00e3o.<\/span><\/p>\n<p><span>\u201cA primeira confer\u00eancia nossa foi em 2022. N\u00f3s \u00e9ramos 11 igrejas na Europa. Hoje, n\u00f3s somos mais de 150. Gl\u00f3ria a Deus por isso! E voc\u00ea faz parte disso, pastor, pastora, l\u00edder, do movimento do C\u00e9u que Deus est\u00e1 fazendo aqui em Portugal e na Europa\u201d, declarou ele.<\/span><\/p>\n<p><span><br \/><span><sup>Pastor Vin\u00edcios Carvalho. (Foto:\u00a0Guiame\/Marcos Paulo Correa).<\/sup><\/span><\/span><\/p>\n<p><span>A confer\u00eancia foi iniciada com o Pastor Joel Xavier, da igreja Comunidade Crist\u00e3 de Lisboa (CCLX) em Portugal, que ministrou sobre a integridade na lideran\u00e7a com a vida do ap\u00f3stolo Pedro como exemplo.<\/span><\/p>\n<p><span>Joel ensinou que para ser um bom l\u00edder \u00e9 preciso primeiro ser um bom disc\u00edpulo. \u201cO Senhor nos chama em primeiro lugar para sermos disc\u00edpulos, para sermos seguidores, para corrermos atr\u00e1s de Jesus e seguirmos os seus passos. \u00c9 esse o nosso primeiro chamado\u201d, afirmou.<\/span><\/p>\n<p><span>\u201cSe n\u00f3s queremos liderar com amor e integridade, n\u00f3s precisamos ser disc\u00edpulos com integridade. Essa \u00e9 a nossa prote\u00e7\u00e3o para sermos bons l\u00edderes. \u00c9 n\u00f3s andarmos com Jesus e seguirmos os seus passos de perto. Essa \u00e9 a nossa garantia, esse \u00e9 o penhor do nosso minist\u00e9rio\u201d.<\/span><\/p>\n<p><strong>\u201cChamado n\u00e3o substitui car\u00e1ter\u201d<\/strong><\/p>\n<p><span>O pastor ressaltou a import\u00e2ncia do l\u00edder crist\u00e3o lapidar seu car\u00e1ter para servir no Reino de Deus.<\/span><\/p>\n<p><span>\u201cChamado n\u00e3o substitui car\u00e1ter. N\u00f3s podemos ser chamados, mas se n\u00e3o cuidarmos do nosso car\u00e1ter, vamos entrar num caminho muito perigoso. Os problemas que n\u00f3s vivemos nas nossas igrejas n\u00e3o t\u00eam a ver com o fato de sermos chamados ou n\u00e3o, t\u00eam a ver com o fato de n\u00f3s termos o car\u00e1ter trabalhado ou n\u00e3o\u201d, ressaltou.\u00a0<\/span><\/p>\n<p><span>\u201cO chamado revela um prop\u00f3sito, mas n\u00e3o resolve o interior. O chamado n\u00e3o cura, o chamado n\u00e3o restaura ningu\u00e9m. O que cura e restaura \u00e9 o que acontece no nosso car\u00e1ter, \u00e9 aquilo que o Senhor vai fazer em n\u00f3s\u201d.<\/span><\/p>\n<p><span><br \/><span><sup>Pastor Joel Xavier. (Foto: Guiame\/Marcos Paulo Correa).<\/sup><\/span><\/span><\/p>\n<p><strong>Capacita\u00e7\u00e3o espiritual<\/strong><\/p>\n<p><span>Joel tamb\u00e9m comentou sobre a tend\u00eancia da lideran\u00e7a em escolher para atuar no minist\u00e9rio pessoas que performam mais, esquecendo de analisar o car\u00e1ter.<\/span><\/p>\n<p><span>\u201cN\u00f3s, fam\u00edlia evang\u00e9lica, preferimos chamar aqueles que s\u00e3o mais confiantes, que se destacam mais, antes de percebermos o car\u00e1ter. N\u00f3s preferimos chamar as pessoas que trazem resultados. Isso \u00e9 perigoso\u201d, alertou ele.<\/span><\/p>\n<p><span>E questionou:\u00a0 Que tipo de l\u00edderes somos e que tipo de l\u00edderes n\u00f3s temos promovido? Ser\u00e1 que os nossos sucessores, as pessoas que andam conosco, s\u00e3o inspiradas a trabalharem primeiro o seu car\u00e1ter? Ou elas s\u00e3o inspiradas a esconder as falhas, as fragilidades, as vulnerabilidades no seu car\u00e1ter?\u201d.<\/span><\/p>\n<p><span>O pastor observou que a vida de Pedro mostra que confian\u00e7a n\u00e3o substitui a capacidade espiritual.<\/span><\/p>\n<p><span>\u201cO problema de Pedro n\u00e3o era falta de convic\u00e7\u00e3o. O problema de Pedro era a falta de consist\u00eancia. E h\u00e1 uma diferen\u00e7a entre confian\u00e7a emocional e confian\u00e7a espiritual. Confian\u00e7a espiritual \u00e9 aquilo que nos faz avan\u00e7ar mesmo tendo medo, mesmo sabendo que n\u00f3s n\u00e3o temos capacidade. A confian\u00e7a espiritual vem de Deus e ela depende inteiramente do Esp\u00edrito Santo\u201d, afirmou.<\/span><\/p>\n<p><span>Joel Xavier finalizou sua prega\u00e7\u00e3o encorajando os l\u00edderes crist\u00e3os a buscarem em Deus aquilo que falta para terem um minist\u00e9rio com integridade.<\/span><\/p>\n<p><span>\u201cSe falta car\u00e1ter, se falta consist\u00eancia, se falta restaura\u00e7\u00e3o, n\u00f3s n\u00e3o precisamos desistir e ficar tristes. N\u00f3s precisamos ter esperan\u00e7a, porque o Senhor da Igreja nos oferece tudo aquilo que nos falta. N\u00f3s temos que confiar no processo que Ele tem para n\u00f3s\u201d, declarou.<\/span><\/p>\n<\/div>\n","protected":false},"excerpt":{"rendered":"<p>A Inspire Conference Portugal iniciou nesta sexta-feira (24), reunindo mais de 500 l\u00edderes crist\u00e3os de 15 pa\u00edses da Europa. O evento, promovido pela Rede Inspire Portugal, acontece simultaneamente nas cidades de Sintra, Porto e Algarve, e seguir\u00e1 at\u00e9 s\u00e1bado (25). A programa\u00e7\u00e3o conta com dois dias repletos de plen\u00e1rias, ministra\u00e7\u00f5es, workshops, al\u00e9m de momentos de networking e ativa\u00e7\u00e3o espiritual, com o prop\u00f3sito de fortalecer a lideran\u00e7a e impulsionar o avan\u00e7o do Reino de Deus na Europa. A 5\u00aa edi\u00e7\u00e3o da confer\u00eancia marca os cinco anos da Rede Inspire na Europa, que tem capacitado pastores e incentivado a unidade entre igrejas. Na abertura do evento, o pastor Vin\u00edcius Carvalho, coordenador da Rede Inspire na Europa, louvou a Deus pelo crescimento da rede na regi\u00e3o. \u201cA primeira confer\u00eancia nossa foi em 2022. N\u00f3s \u00e9ramos 11 igrejas na Europa. Hoje, n\u00f3s somos mais de 150. Gl\u00f3ria a Deus por isso! E voc\u00ea faz parte disso, pastor, pastora, l\u00edder, do movimento do C\u00e9u que Deus est\u00e1 fazendo aqui em Portugal e na Europa\u201d, declarou ele. Pastor Vin\u00edcios Carvalho. (Foto:\u00a0Guiame\/Marcos Paulo Correa). A confer\u00eancia foi iniciada com o Pastor Joel Xavier, da igreja Comunidade Crist\u00e3 de Lisboa (CCLX) em Portugal, que ministrou sobre a integridade na lideran\u00e7a com a vida do ap\u00f3stolo Pedro como exemplo. Joel ensinou que para ser um bom l\u00edder \u00e9 preciso primeiro ser um bom disc\u00edpulo. \u201cO Senhor nos chama em primeiro lugar para sermos disc\u00edpulos, para sermos seguidores, para corrermos atr\u00e1s de Jesus e seguirmos os seus passos. \u00c9 esse o nosso primeiro chamado\u201d, afirmou. \u201cSe n\u00f3s queremos liderar com amor e integridade, n\u00f3s precisamos ser disc\u00edpulos com integridade. Essa \u00e9 a nossa prote\u00e7\u00e3o para sermos bons l\u00edderes. \u00c9 n\u00f3s andarmos com Jesus e seguirmos os seus passos de perto. Essa \u00e9 a nossa garantia, esse \u00e9 o penhor do nosso minist\u00e9rio\u201d. \u201cChamado n\u00e3o substitui car\u00e1ter\u201d O pastor ressaltou a import\u00e2ncia do l\u00edder crist\u00e3o lapidar seu car\u00e1ter para servir no Reino de Deus. \u201cChamado n\u00e3o substitui car\u00e1ter. N\u00f3s podemos ser chamados, mas se n\u00e3o cuidarmos do nosso car\u00e1ter, vamos entrar num caminho muito perigoso. Os problemas que n\u00f3s vivemos nas nossas igrejas n\u00e3o t\u00eam a ver com o fato de sermos chamados ou n\u00e3o, t\u00eam a ver com o fato de n\u00f3s termos o car\u00e1ter trabalhado ou n\u00e3o\u201d, ressaltou.\u00a0 \u201cO chamado revela um prop\u00f3sito, mas n\u00e3o resolve o interior. O chamado n\u00e3o cura, o chamado n\u00e3o restaura ningu\u00e9m. O que cura e restaura \u00e9 o que acontece no nosso car\u00e1ter, \u00e9 aquilo que o Senhor vai fazer em n\u00f3s\u201d. Pastor Joel Xavier. (Foto: Guiame\/Marcos Paulo Correa). Capacita\u00e7\u00e3o espiritual Joel tamb\u00e9m comentou sobre a tend\u00eancia da lideran\u00e7a em escolher para atuar no minist\u00e9rio pessoas que performam mais, esquecendo de analisar o car\u00e1ter. \u201cN\u00f3s, fam\u00edlia evang\u00e9lica, preferimos chamar aqueles que s\u00e3o mais confiantes, que se destacam mais, antes de percebermos o car\u00e1ter. N\u00f3s preferimos chamar as pessoas que trazem resultados. Isso \u00e9 perigoso\u201d, alertou ele. E questionou:\u00a0 Que tipo de l\u00edderes somos e que tipo de l\u00edderes n\u00f3s temos promovido? Ser\u00e1 que os nossos sucessores, as pessoas que andam conosco, s\u00e3o inspiradas a trabalharem primeiro o seu car\u00e1ter? Ou elas s\u00e3o inspiradas a esconder as falhas, as fragilidades, as vulnerabilidades no seu car\u00e1ter?\u201d. O pastor observou que a vida de Pedro mostra que confian\u00e7a n\u00e3o substitui a capacidade espiritual. \u201cO problema de Pedro n\u00e3o era falta de convic\u00e7\u00e3o. O problema de Pedro era a falta de consist\u00eancia. E h\u00e1 uma diferen\u00e7a entre confian\u00e7a emocional e confian\u00e7a espiritual. Confian\u00e7a espiritual \u00e9 aquilo que nos faz avan\u00e7ar mesmo tendo medo, mesmo sabendo que n\u00f3s n\u00e3o temos capacidade. A confian\u00e7a espiritual vem de Deus e ela depende inteiramente do Esp\u00edrito Santo\u201d, afirmou. Joel Xavier finalizou sua prega\u00e7\u00e3o encorajando os l\u00edderes crist\u00e3os a buscarem em Deus aquilo que falta para terem um minist\u00e9rio com integridade. \u201cSe falta car\u00e1ter, se falta consist\u00eancia, se falta restaura\u00e7\u00e3o, n\u00f3s n\u00e3o precisamos desistir e ficar tristes. N\u00f3s precisamos ter esperan\u00e7a, porque o Senhor da Igreja nos oferece tudo aquilo que nos falta. N\u00f3s temos que confiar no processo que Ele tem para n\u00f3s\u201d, declarou.<\/p>\n","protected":false},"author":1,"featured_media":12131,"comment_status":"closed","ping_status":"closed","sticky":false,"template":"","format":"standard","meta":{"footnotes":""},"categories":[12],"tags":[],"class_list":["post-12130","post","type-post","status-publish","format-standard","has-post-thumbnail","hentry","category-mundo-cristao"],"acf":[],"_links":{"self":[{"href":"https:\/\/fabricadescripts.com.br\/igrejas\/IGRE3535\/wp-json\/wp\/v2\/posts\/12130","targetHints":{"allow":["GET"]}}],"collection":[{"href":"https:\/\/fabricadescripts.com.br\/igrejas\/IGRE3535\/wp-json\/wp\/v2\/posts"}],"about":[{"href":"https:\/\/fabricadescripts.com.br\/igrejas\/IGRE3535\/wp-json\/wp\/v2\/types\/post"}],"author":[{"embeddable":true,"href":"https:\/\/fabricadescripts.com.br\/igrejas\/IGRE3535\/wp-json\/wp\/v2\/users\/1"}],"replies":[{"embeddable":true,"href":"https:\/\/fabricadescripts.com.br\/igrejas\/IGRE3535\/wp-json\/wp\/v2\/comments?post=12130"}],"version-history":[{"count":0,"href":"https:\/\/fabricadescripts.com.br\/igrejas\/IGRE3535\/wp-json\/wp\/v2\/posts\/12130\/revisions"}],"wp:featuredmedia":[{"embeddable":true,"href":"https:\/\/fabricadescripts.com.br\/igrejas\/IGRE3535\/wp-json\/wp\/v2\/media\/12131"}],"wp:attachment":[{"href":"https:\/\/fabricadescripts.com.br\/igrejas\/IGRE3535\/wp-json\/wp\/v2\/media?parent=12130"}],"wp:term":[{"taxonomy":"category","embeddable":true,"href":"https:\/\/fabricadescripts.com.br\/igrejas\/IGRE3535\/wp-json\/wp\/v2\/categories?post=12130"},{"taxonomy":"post_tag","embeddable":true,"href":"https:\/\/fabricadescripts.com.br\/igrejas\/IGRE3535\/wp-json\/wp\/v2\/tags?post=12130"}],"curies":[{"name":"wp","href":"https:\/\/api.w.org\/{rel}","templated":true}]}}