{"id":12115,"date":"2026-04-26T06:46:48","date_gmt":"2026-04-26T09:46:48","guid":{"rendered":"https:\/\/fabricadescripts.com.br\/igrejas\/IGRE3535\/autoridade-espiritual-exige-alinhamento-com-deus-conferencia-no-rs-faz-alerta-a-igreja\/"},"modified":"2026-04-26T06:46:48","modified_gmt":"2026-04-26T09:46:48","slug":"autoridade-espiritual-exige-alinhamento-com-deus-conferencia-no-rs-faz-alerta-a-igreja","status":"publish","type":"post","link":"https:\/\/fabricadescripts.com.br\/igrejas\/IGRE3535\/autoridade-espiritual-exige-alinhamento-com-deus-conferencia-no-rs-faz-alerta-a-igreja\/","title":{"rendered":"\u201cAutoridade espiritual exige alinhamento com Deus\u201d: Confer\u00eancia no RS faz alerta \u00e0 Igreja"},"content":{"rendered":"<div>\n<p><span>Nos dias 18 e 19 de abril, a cidade de Santa Maria recebeu mais uma edi\u00e7\u00e3o do <\/span><span><strong>Alinhamento Prof\u00e9tico 2026<\/strong><\/span><span>, encontro promovido pelo Minist\u00e9rio Engel que reuniu participantes de diversas regi\u00f5es do pa\u00eds.<\/span><\/p>\n<p><span>Com o tema \u201cAutoridade Delegada\u201d, o evento buscou despertar a Igreja para exercer sua autoridade espiritual alinhada \u00e0 vontade de Deus.<\/span><\/p>\n<p><span>Na abertura, realizada no s\u00e1bado, o pastor Tiago Engel compartilhou: \u201cAcordei \u00e0s tr\u00eas horas da manh\u00e3 e fui conversar com o Esp\u00edrito Santo. Perguntei o que deveria ministrar a este povo, e Ele me disse: \u2018Olha para o cora\u00e7\u00e3o deles\u2019.\u201d<\/span><\/p>\n<p><span>\u201cH\u00e1 l\u00edderes que t\u00eam sido machucados e t\u00eam pago um pre\u00e7o muito grande por pregar um Evangelho de verdade. Por pregar o que est\u00e1 na B\u00edblia, um Evangelho que olha somente para Jesus.\u201d<\/span><\/p>\n<p><span>Ele destacou ainda que a miss\u00e3o do Minist\u00e9rio Engel ao longo das \u00faltimas d\u00e9cadas tem sido restaurar a Igreja, come\u00e7ando pelos seus l\u00edderes.<\/span><\/p>\n<p><span>\u201cH\u00e1 40 anos n\u00f3s vivemos para curar a Igreja \u2014 e a cura da Igreja come\u00e7a com os l\u00edderes.\u201d<\/span><\/p>\n<p><span>Na sequ\u00eancia, a pastora Gabriele Engel enfatizou: \u201cQuanto mais se aproxima a volta de Jesus, maior \u00e9 a un\u00e7\u00e3o que precisa descer, maior \u00e9 a capacita\u00e7\u00e3o para os novos ungidos que v\u00e3o preparar o caminho.\u201d<\/span><\/p>\n<p><span>E completou: \u201cTalvez voc\u00ea pense: \u2018Eu n\u00e3o nasci para isso, n\u00e3o sou bom o suficiente, n\u00e3o falo bem\u2019. Mas eu tenho uma not\u00edcia: n\u00e3o \u00e9 no que voc\u00ea fala, n\u00e3o \u00e9 na sua sabedoria, n\u00e3o \u00e9 como voc\u00ea ministra. \u00c9 a un\u00e7\u00e3o do Esp\u00edrito Santo que vir\u00e1 sobre voc\u00ea.\u201d<\/span><\/p>\n<p><span><br \/><\/span><sup><span>Fam\u00edlia Engel reunida na abertura do evento. (Foto: Minist\u00e9rio Engel)<\/span><\/sup><\/p>\n<p><span>J\u00e1 a pastora Mara Engel trouxe um testemunho pessoal sobre os desafios enfrentados no in\u00edcio do minist\u00e9rio, destacando o custo espiritual da caminhada.<\/span><\/p>\n<p><span>\u201cAprendi desde o in\u00edcio a ir para lugares muito distantes, enfrentando dificuldades. Eu n\u00e3o entendia por qu\u00ea, mas Deus me disse: \u2018Quanto mais longe, quanto maior o pre\u00e7o que voc\u00ea paga, maior \u00e9 a un\u00e7\u00e3o\u2019.\u201d<\/span><\/p>\n<p><strong>Autoridade n\u00e3o vem do homem, mas de Deus<\/strong><\/p>\n<p><span>Ao falar sobre o tema principal desta edi\u00e7\u00e3o, Isaac Engel, neto do l\u00edder do minist\u00e9rio, disse: \u201cA autoridade que n\u00f3s carregamos n\u00e3o nasceu em n\u00f3s. Ela n\u00e3o vem do nosso esfor\u00e7o, nem do nosso tempo de ora\u00e7\u00e3o ou de igreja. Ela vem porque foi delegada por Deus.\u201d<\/span><\/p>\n<p><span>Ele afirmou que autoridade espiritual n\u00e3o est\u00e1 ligada \u00e0 apar\u00eancia: \u201cQuem entende de onde vem a autoridade n\u00e3o precisa provar que tem. Autoridade delegada \u00e9 poder confiado com responsabilidade.\u201d<\/span><\/p>\n<p><span>Isaac tamb\u00e9m alertou: \u201cMuitos querem autoridade, mas sem alinhamento. E se n\u00e3o h\u00e1 alinhamento, n\u00e3o h\u00e1 autoridade. E sem autoridade, n\u00e3o h\u00e1 resposta do c\u00e9u.\u201d<\/span><\/p>\n<p><span><br \/><sup><span>Joel Engel na abertura do Alinhamento Prof\u00e9tico. (Foto: Minist\u00e9rio Engel)<\/span><\/sup><br \/><\/span><\/p>\n<p><span>No momento central do evento, o l\u00edder do minist\u00e9rio, o pastor Joel Engel, trouxe reflex\u00f5es profundas sobre vida espiritual e autoridade.<\/span><\/p>\n<p><span>\u201cA vida come\u00e7ou no sopro de Deus. Antes mesmo de voc\u00ea respirar, j\u00e1 havia um prop\u00f3sito sendo estabelecido. Foi ali, desde Ad\u00e3o, que o rel\u00f3gio come\u00e7ou a funcionar na nossa vida.\u201d<\/span><\/p>\n<p><span>Ao relembrar a queda do homem, o pastor destacou que a vida espiritual foi restaurada por meio de Cristo:<\/span><\/p>\n<p><span>\u201cAd\u00e3o perdeu a vida eterna, mas Jesus veio e trouxe essa vida novamente. Hoje, embora Ele esteja \u00e0 direita do Pai, a vida dEle est\u00e1 em n\u00f3s \u2014 nos nossos p\u00e9s, nas nossas m\u00e3os, no nosso corpo. Deus \u00e9 Esp\u00edrito e habita em cada um de n\u00f3s.\u201d<\/span><\/p>\n<p><span>A partir disso, Joel Engel fez um chamado: \u201cExiste uma d\u00edvida que nunca vamos conseguir pagar: o amor que devemos aos perdidos. Essa \u00e9 a nossa miss\u00e3o.\u201d<\/span><\/p>\n<p><span>Segundo ele, essa miss\u00e3o est\u00e1 diretamente ligada \u00e0 autoridade espiritual recebida pela Igreja:<\/span><\/p>\n<p><span>\u201cVoc\u00eas v\u00e3o receber uma un\u00e7\u00e3o para cumprir a Grande Comiss\u00e3o: \u2018Ide por todo o mundo\u2019. Essa n\u00e3o \u00e9 apenas uma ordem, \u00e9 uma capacita\u00e7\u00e3o.\u201d<\/span><\/p>\n<p><strong>Um chamado ao alinhamento<\/strong><\/p>\n<p><span>Na ministra\u00e7\u00e3o de domingo, o pastor Joel Engel aprofundou o tema da autoridade espiritual trazendo exemplos b\u00edblicos:<\/span><\/p>\n<p><span>\u201cQuando Deus levanta algu\u00e9m, Ele n\u00e3o escolhe qualquer pessoa. Essa un\u00e7\u00e3o \u00e9 poderosa. Se a pessoa n\u00e3o tiver for\u00e7a, n\u00e3o suporta. Por isso Deus levanta pessoas fortes, preparadas para carregar aquilo que Ele quer liberar.\u201d<\/span><\/p>\n<p><span>Ele tamb\u00e9m mencionou o desgaste emocional que pode acompanhar esse chamado, fazendo refer\u00eancia ao profeta Elias:<\/span><\/p>\n<p><span>\u201cTeve momentos em que o profeta disse: \u2018Eu quero desistir, quero morrer\u2019. Mas toda vez que isso acontece, Deus envia um anjo para fortalecer. Deus sustenta aqueles que Ele chama.\u201d<\/span><\/p>\n<p><span>Encerrando a mensagem, Engel fez um forte apelo: \u201cJesus j\u00e1 levou sobre si todas as maldi\u00e7\u00f5es. Muitas coisas que as pessoas vivem hoje s\u00e3o consequ\u00eancia de uma mentalidade antiga. \u00c9 uma quest\u00e3o de vis\u00e3o. Mude a sua vis\u00e3o.\u201d<\/span><\/p>\n<p><em><span>Veja parte da abertura do Alinhamento Prof\u00e9tico 2026<\/span><\/em><span>:<\/span><\/p>\n<p><iframe title=\"YouTube video player\" src=\"https:\/\/www.youtube.com\/embed\/E1RiE2D2gDg?si=2Xz-Nd4KSHurn-Ye\" width=\"560\" height=\"315\" frameborder=\"0\" allowfullscreen=\"allowfullscreen\"><\/iframe><\/p>\n<\/div>\n","protected":false},"excerpt":{"rendered":"<p>Nos dias 18 e 19 de abril, a cidade de Santa Maria recebeu mais uma edi\u00e7\u00e3o do Alinhamento Prof\u00e9tico 2026, encontro promovido pelo Minist\u00e9rio Engel que reuniu participantes de diversas regi\u00f5es do pa\u00eds. Com o tema \u201cAutoridade Delegada\u201d, o evento buscou despertar a Igreja para exercer sua autoridade espiritual alinhada \u00e0 vontade de Deus. Na abertura, realizada no s\u00e1bado, o pastor Tiago Engel compartilhou: \u201cAcordei \u00e0s tr\u00eas horas da manh\u00e3 e fui conversar com o Esp\u00edrito Santo. Perguntei o que deveria ministrar a este povo, e Ele me disse: \u2018Olha para o cora\u00e7\u00e3o deles\u2019.\u201d \u201cH\u00e1 l\u00edderes que t\u00eam sido machucados e t\u00eam pago um pre\u00e7o muito grande por pregar um Evangelho de verdade. Por pregar o que est\u00e1 na B\u00edblia, um Evangelho que olha somente para Jesus.\u201d Ele destacou ainda que a miss\u00e3o do Minist\u00e9rio Engel ao longo das \u00faltimas d\u00e9cadas tem sido restaurar a Igreja, come\u00e7ando pelos seus l\u00edderes. \u201cH\u00e1 40 anos n\u00f3s vivemos para curar a Igreja \u2014 e a cura da Igreja come\u00e7a com os l\u00edderes.\u201d Na sequ\u00eancia, a pastora Gabriele Engel enfatizou: \u201cQuanto mais se aproxima a volta de Jesus, maior \u00e9 a un\u00e7\u00e3o que precisa descer, maior \u00e9 a capacita\u00e7\u00e3o para os novos ungidos que v\u00e3o preparar o caminho.\u201d E completou: \u201cTalvez voc\u00ea pense: \u2018Eu n\u00e3o nasci para isso, n\u00e3o sou bom o suficiente, n\u00e3o falo bem\u2019. Mas eu tenho uma not\u00edcia: n\u00e3o \u00e9 no que voc\u00ea fala, n\u00e3o \u00e9 na sua sabedoria, n\u00e3o \u00e9 como voc\u00ea ministra. \u00c9 a un\u00e7\u00e3o do Esp\u00edrito Santo que vir\u00e1 sobre voc\u00ea.\u201d Fam\u00edlia Engel reunida na abertura do evento. (Foto: Minist\u00e9rio Engel) J\u00e1 a pastora Mara Engel trouxe um testemunho pessoal sobre os desafios enfrentados no in\u00edcio do minist\u00e9rio, destacando o custo espiritual da caminhada. \u201cAprendi desde o in\u00edcio a ir para lugares muito distantes, enfrentando dificuldades. Eu n\u00e3o entendia por qu\u00ea, mas Deus me disse: \u2018Quanto mais longe, quanto maior o pre\u00e7o que voc\u00ea paga, maior \u00e9 a un\u00e7\u00e3o\u2019.\u201d Autoridade n\u00e3o vem do homem, mas de Deus Ao falar sobre o tema principal desta edi\u00e7\u00e3o, Isaac Engel, neto do l\u00edder do minist\u00e9rio, disse: \u201cA autoridade que n\u00f3s carregamos n\u00e3o nasceu em n\u00f3s. Ela n\u00e3o vem do nosso esfor\u00e7o, nem do nosso tempo de ora\u00e7\u00e3o ou de igreja. Ela vem porque foi delegada por Deus.\u201d Ele afirmou que autoridade espiritual n\u00e3o est\u00e1 ligada \u00e0 apar\u00eancia: \u201cQuem entende de onde vem a autoridade n\u00e3o precisa provar que tem. Autoridade delegada \u00e9 poder confiado com responsabilidade.\u201d Isaac tamb\u00e9m alertou: \u201cMuitos querem autoridade, mas sem alinhamento. E se n\u00e3o h\u00e1 alinhamento, n\u00e3o h\u00e1 autoridade. E sem autoridade, n\u00e3o h\u00e1 resposta do c\u00e9u.\u201d Joel Engel na abertura do Alinhamento Prof\u00e9tico. (Foto: Minist\u00e9rio Engel) No momento central do evento, o l\u00edder do minist\u00e9rio, o pastor Joel Engel, trouxe reflex\u00f5es profundas sobre vida espiritual e autoridade. \u201cA vida come\u00e7ou no sopro de Deus. Antes mesmo de voc\u00ea respirar, j\u00e1 havia um prop\u00f3sito sendo estabelecido. Foi ali, desde Ad\u00e3o, que o rel\u00f3gio come\u00e7ou a funcionar na nossa vida.\u201d Ao relembrar a queda do homem, o pastor destacou que a vida espiritual foi restaurada por meio de Cristo: \u201cAd\u00e3o perdeu a vida eterna, mas Jesus veio e trouxe essa vida novamente. Hoje, embora Ele esteja \u00e0 direita do Pai, a vida dEle est\u00e1 em n\u00f3s \u2014 nos nossos p\u00e9s, nas nossas m\u00e3os, no nosso corpo. Deus \u00e9 Esp\u00edrito e habita em cada um de n\u00f3s.\u201d A partir disso, Joel Engel fez um chamado: \u201cExiste uma d\u00edvida que nunca vamos conseguir pagar: o amor que devemos aos perdidos. Essa \u00e9 a nossa miss\u00e3o.\u201d Segundo ele, essa miss\u00e3o est\u00e1 diretamente ligada \u00e0 autoridade espiritual recebida pela Igreja: \u201cVoc\u00eas v\u00e3o receber uma un\u00e7\u00e3o para cumprir a Grande Comiss\u00e3o: \u2018Ide por todo o mundo\u2019. Essa n\u00e3o \u00e9 apenas uma ordem, \u00e9 uma capacita\u00e7\u00e3o.\u201d Um chamado ao alinhamento Na ministra\u00e7\u00e3o de domingo, o pastor Joel Engel aprofundou o tema da autoridade espiritual trazendo exemplos b\u00edblicos: \u201cQuando Deus levanta algu\u00e9m, Ele n\u00e3o escolhe qualquer pessoa. Essa un\u00e7\u00e3o \u00e9 poderosa. Se a pessoa n\u00e3o tiver for\u00e7a, n\u00e3o suporta. Por isso Deus levanta pessoas fortes, preparadas para carregar aquilo que Ele quer liberar.\u201d Ele tamb\u00e9m mencionou o desgaste emocional que pode acompanhar esse chamado, fazendo refer\u00eancia ao profeta Elias: \u201cTeve momentos em que o profeta disse: \u2018Eu quero desistir, quero morrer\u2019. Mas toda vez que isso acontece, Deus envia um anjo para fortalecer. Deus sustenta aqueles que Ele chama.\u201d Encerrando a mensagem, Engel fez um forte apelo: \u201cJesus j\u00e1 levou sobre si todas as maldi\u00e7\u00f5es. Muitas coisas que as pessoas vivem hoje s\u00e3o consequ\u00eancia de uma mentalidade antiga. \u00c9 uma quest\u00e3o de vis\u00e3o. Mude a sua vis\u00e3o.\u201d Veja parte da abertura do Alinhamento Prof\u00e9tico 2026:<\/p>\n","protected":false},"author":1,"featured_media":12116,"comment_status":"closed","ping_status":"closed","sticky":false,"template":"","format":"standard","meta":{"footnotes":""},"categories":[12],"tags":[],"class_list":["post-12115","post","type-post","status-publish","format-standard","has-post-thumbnail","hentry","category-mundo-cristao"],"acf":[],"_links":{"self":[{"href":"https:\/\/fabricadescripts.com.br\/igrejas\/IGRE3535\/wp-json\/wp\/v2\/posts\/12115","targetHints":{"allow":["GET"]}}],"collection":[{"href":"https:\/\/fabricadescripts.com.br\/igrejas\/IGRE3535\/wp-json\/wp\/v2\/posts"}],"about":[{"href":"https:\/\/fabricadescripts.com.br\/igrejas\/IGRE3535\/wp-json\/wp\/v2\/types\/post"}],"author":[{"embeddable":true,"href":"https:\/\/fabricadescripts.com.br\/igrejas\/IGRE3535\/wp-json\/wp\/v2\/users\/1"}],"replies":[{"embeddable":true,"href":"https:\/\/fabricadescripts.com.br\/igrejas\/IGRE3535\/wp-json\/wp\/v2\/comments?post=12115"}],"version-history":[{"count":0,"href":"https:\/\/fabricadescripts.com.br\/igrejas\/IGRE3535\/wp-json\/wp\/v2\/posts\/12115\/revisions"}],"wp:featuredmedia":[{"embeddable":true,"href":"https:\/\/fabricadescripts.com.br\/igrejas\/IGRE3535\/wp-json\/wp\/v2\/media\/12116"}],"wp:attachment":[{"href":"https:\/\/fabricadescripts.com.br\/igrejas\/IGRE3535\/wp-json\/wp\/v2\/media?parent=12115"}],"wp:term":[{"taxonomy":"category","embeddable":true,"href":"https:\/\/fabricadescripts.com.br\/igrejas\/IGRE3535\/wp-json\/wp\/v2\/categories?post=12115"},{"taxonomy":"post_tag","embeddable":true,"href":"https:\/\/fabricadescripts.com.br\/igrejas\/IGRE3535\/wp-json\/wp\/v2\/tags?post=12115"}],"curies":[{"name":"wp","href":"https:\/\/api.w.org\/{rel}","templated":true}]}}