{"id":12110,"date":"2026-04-26T06:46:51","date_gmt":"2026-04-26T09:46:51","guid":{"rendered":"https:\/\/fabricadescripts.com.br\/igrejas\/IGRE3535\/menino-pede-aniversario-com-tema-de-jesus-e-faz-apelo-para-convidados-se-converterem\/"},"modified":"2026-04-26T06:46:51","modified_gmt":"2026-04-26T09:46:51","slug":"menino-pede-aniversario-com-tema-de-jesus-e-faz-apelo-para-convidados-se-converterem","status":"publish","type":"post","link":"https:\/\/fabricadescripts.com.br\/igrejas\/IGRE3535\/menino-pede-aniversario-com-tema-de-jesus-e-faz-apelo-para-convidados-se-converterem\/","title":{"rendered":"Menino pede anivers\u00e1rio com tema de \u2018Jesus\u2019 e faz apelo para convidados se converterem"},"content":{"rendered":"<div>\n<p><span>Um menino de 5 anos chamou aten\u00e7\u00e3o nas redes sociais ap\u00f3s celebrar seu <\/span><span><strong>anivers\u00e1rio com o tema de Jesus<\/strong><\/span><span> e surpreender os convidados com um apelo para se renderem a Cristo durante a festa.\u00a0<\/span><\/p>\n<p><span>Derek Chagas comemorou seus 5 anos no dia 8 de abril em Itabora\u00ed, na Regi\u00e3o Metropolitana do Rio de Janeiro.<\/span><\/p>\n<p><span>A festa, que teve Jesus como tema, foi marcada por louvores e momentos de ora\u00e7\u00e3o que emocionaram familiares e amigos.\u00a0<\/span><\/p>\n<p><span>Segundo os pais, Priscila e Felipe Chagas, o pr\u00f3prio filho escolheu o <\/span><span><strong>tema do anivers\u00e1rio<\/strong><\/span><span>:<\/span><\/p>\n<p><span>\u201cPensa em um menino apaixonado por Jesus? Ele faz a diferen\u00e7a dentro do nosso lar, meu pequeno pastor\u201d, disse a m\u00e3e no Instagram.<\/span><\/p>\n<blockquote data-instgrm-permalink=\"https:\/\/www.instagram.com\/reel\/DXX6iuUDQ11\/?utm_source=ig_embed&#038;utm_campaign=loading\" data-instgrm-version=\"14\"><\/blockquote>\n<p><span>Quando chegou ao local do evento, Derek se emocionou ao ver a decora\u00e7\u00e3o. Com um boneco que representava Jesus nos bra\u00e7os, o menino cantou um louvor e fez uma ora\u00e7\u00e3o.<\/span><\/p>\n<p><span>Por\u00e9m, o momento mais emocionante da noite ocorreu depois que o aniversariante surpreendeu os convidados perguntando: \u201cAlgu\u00e9m quer aceitar Jesus?\u201d.<\/span><\/p>\n<p><span>\u201cO mundo precisa desse amor por Jesus como voc\u00ea tem, filho\u201d, acrescentou a m\u00e3e.<\/span><\/p>\n<p><span>Conforme os pais, o louvor apresentado durante a festa tamb\u00e9m foi um pedido de Derek, que desejava cantar na comemora\u00e7\u00e3o.<\/span><\/p>\n<p><span>\u201cEle cantou, orou e ainda fez o que Jesus ordenou. T\u00e3o pequeno e t\u00e3o cheio do Esp\u00edrito Santo\u201d, afirmou Priscila.<\/span><\/p>\n<p><span>No painel, a frase \u201cJesus \u00e9 meu melhor amigo\u201d refletiu o amor que Derek demonstrou por Cristo durante toda a festa.<\/span><\/p>\n<p><strong>\u2018As crian\u00e7as s\u00e3o sens\u00edveis a Jesus\u2019<\/strong><\/p>\n<p><span>A atitude do menino repercutiu nas redes sociais e muitos internautas foram impactados pela espontaneidade da crian\u00e7a em expressar seu amor por Cristo.<\/span><\/p>\n<p><span>\u201cO seu filho j\u00e1 iniciou o minist\u00e9rio dele. Que coisa linda \u00e9 ver esse pequenino apaixonado por Jesus\u201d, disse uma mulher.<\/span><\/p>\n<blockquote data-instgrm-permalink=\"https:\/\/www.instagram.com\/reel\/DXafaODjRba\/?utm_source=ig_embed&#038;utm_campaign=loading\" data-instgrm-version=\"14\"><\/blockquote>\n<p><span>E outra acrescentou: \u201cLindo demais! Eu chorei vendo o v\u00eddeo. Imagina quem estava neste anivers\u00e1rio. A presen\u00e7a do Senhor foi real, gl\u00f3ria a Jesus\u201d.<\/span><\/p>\n<p><span>Uma av\u00f3 aproveitou a oportunidade e contou a experi\u00eancia que viveu com seu neto: \u201cOntem, meu netinho me disse que o anivers\u00e1rio dele ser\u00e1 de Jesus. As crian\u00e7as s\u00e3o sens\u00edveis quando ouvem falar de Jesus e desejam abra\u00e7ar Ele\u201d.<\/span><\/p>\n<p><span>\u201cCom certeza, o convidado principal se fez presente! Louvado seja o nome do Senhor Jesus\u201d, concluiu uma crist\u00e3.<\/span><\/p>\n<\/div>\n","protected":false},"excerpt":{"rendered":"<p>Um menino de 5 anos chamou aten\u00e7\u00e3o nas redes sociais ap\u00f3s celebrar seu anivers\u00e1rio com o tema de Jesus e surpreender os convidados com um apelo para se renderem a Cristo durante a festa.\u00a0 Derek Chagas comemorou seus 5 anos no dia 8 de abril em Itabora\u00ed, na Regi\u00e3o Metropolitana do Rio de Janeiro. A festa, que teve Jesus como tema, foi marcada por louvores e momentos de ora\u00e7\u00e3o que emocionaram familiares e amigos.\u00a0 Segundo os pais, Priscila e Felipe Chagas, o pr\u00f3prio filho escolheu o tema do anivers\u00e1rio: \u201cPensa em um menino apaixonado por Jesus? Ele faz a diferen\u00e7a dentro do nosso lar, meu pequeno pastor\u201d, disse a m\u00e3e no Instagram. Quando chegou ao local do evento, Derek se emocionou ao ver a decora\u00e7\u00e3o. Com um boneco que representava Jesus nos bra\u00e7os, o menino cantou um louvor e fez uma ora\u00e7\u00e3o. Por\u00e9m, o momento mais emocionante da noite ocorreu depois que o aniversariante surpreendeu os convidados perguntando: \u201cAlgu\u00e9m quer aceitar Jesus?\u201d. \u201cO mundo precisa desse amor por Jesus como voc\u00ea tem, filho\u201d, acrescentou a m\u00e3e. Conforme os pais, o louvor apresentado durante a festa tamb\u00e9m foi um pedido de Derek, que desejava cantar na comemora\u00e7\u00e3o. \u201cEle cantou, orou e ainda fez o que Jesus ordenou. T\u00e3o pequeno e t\u00e3o cheio do Esp\u00edrito Santo\u201d, afirmou Priscila. No painel, a frase \u201cJesus \u00e9 meu melhor amigo\u201d refletiu o amor que Derek demonstrou por Cristo durante toda a festa. \u2018As crian\u00e7as s\u00e3o sens\u00edveis a Jesus\u2019 A atitude do menino repercutiu nas redes sociais e muitos internautas foram impactados pela espontaneidade da crian\u00e7a em expressar seu amor por Cristo. \u201cO seu filho j\u00e1 iniciou o minist\u00e9rio dele. Que coisa linda \u00e9 ver esse pequenino apaixonado por Jesus\u201d, disse uma mulher. E outra acrescentou: \u201cLindo demais! Eu chorei vendo o v\u00eddeo. Imagina quem estava neste anivers\u00e1rio. A presen\u00e7a do Senhor foi real, gl\u00f3ria a Jesus\u201d. Uma av\u00f3 aproveitou a oportunidade e contou a experi\u00eancia que viveu com seu neto: \u201cOntem, meu netinho me disse que o anivers\u00e1rio dele ser\u00e1 de Jesus. As crian\u00e7as s\u00e3o sens\u00edveis quando ouvem falar de Jesus e desejam abra\u00e7ar Ele\u201d. \u201cCom certeza, o convidado principal se fez presente! Louvado seja o nome do Senhor Jesus\u201d, concluiu uma crist\u00e3.<\/p>\n","protected":false},"author":1,"featured_media":12111,"comment_status":"closed","ping_status":"closed","sticky":false,"template":"","format":"standard","meta":{"footnotes":""},"categories":[12],"tags":[],"class_list":["post-12110","post","type-post","status-publish","format-standard","has-post-thumbnail","hentry","category-mundo-cristao"],"acf":[],"_links":{"self":[{"href":"https:\/\/fabricadescripts.com.br\/igrejas\/IGRE3535\/wp-json\/wp\/v2\/posts\/12110","targetHints":{"allow":["GET"]}}],"collection":[{"href":"https:\/\/fabricadescripts.com.br\/igrejas\/IGRE3535\/wp-json\/wp\/v2\/posts"}],"about":[{"href":"https:\/\/fabricadescripts.com.br\/igrejas\/IGRE3535\/wp-json\/wp\/v2\/types\/post"}],"author":[{"embeddable":true,"href":"https:\/\/fabricadescripts.com.br\/igrejas\/IGRE3535\/wp-json\/wp\/v2\/users\/1"}],"replies":[{"embeddable":true,"href":"https:\/\/fabricadescripts.com.br\/igrejas\/IGRE3535\/wp-json\/wp\/v2\/comments?post=12110"}],"version-history":[{"count":0,"href":"https:\/\/fabricadescripts.com.br\/igrejas\/IGRE3535\/wp-json\/wp\/v2\/posts\/12110\/revisions"}],"wp:featuredmedia":[{"embeddable":true,"href":"https:\/\/fabricadescripts.com.br\/igrejas\/IGRE3535\/wp-json\/wp\/v2\/media\/12111"}],"wp:attachment":[{"href":"https:\/\/fabricadescripts.com.br\/igrejas\/IGRE3535\/wp-json\/wp\/v2\/media?parent=12110"}],"wp:term":[{"taxonomy":"category","embeddable":true,"href":"https:\/\/fabricadescripts.com.br\/igrejas\/IGRE3535\/wp-json\/wp\/v2\/categories?post=12110"},{"taxonomy":"post_tag","embeddable":true,"href":"https:\/\/fabricadescripts.com.br\/igrejas\/IGRE3535\/wp-json\/wp\/v2\/tags?post=12110"}],"curies":[{"name":"wp","href":"https:\/\/api.w.org\/{rel}","templated":true}]}}