{"id":12038,"date":"2026-04-22T03:09:06","date_gmt":"2026-04-22T06:09:06","guid":{"rendered":"https:\/\/fabricadescripts.com.br\/igrejas\/IGRE3535\/evangelista-e-morto-em-emboscada-de-extremistas-apos-pregar-em-culto-em-uganda\/"},"modified":"2026-04-22T03:09:06","modified_gmt":"2026-04-22T06:09:06","slug":"evangelista-e-morto-em-emboscada-de-extremistas-apos-pregar-em-culto-em-uganda","status":"publish","type":"post","link":"https:\/\/fabricadescripts.com.br\/igrejas\/IGRE3535\/evangelista-e-morto-em-emboscada-de-extremistas-apos-pregar-em-culto-em-uganda\/","title":{"rendered":"Evangelista \u00e9 morto em emboscada de extremistas ap\u00f3s pregar em culto em Uganda"},"content":{"rendered":"<div>\n<p><span>Um <\/span><span><strong>evangelista<\/strong><\/span><span> foi morto por extremistas <\/span><span><strong>isl\u00e2micos<\/strong><\/span><span> ap\u00f3s pregar em um evento evangel\u00edstico em <\/span><span><strong>Uganda<\/strong><\/span><span>.<\/span><\/p>\n<p><span>Segundo o Morning Star News, Alfred Kitenga foi v\u00edtima de uma emboscada, no dia 9 de abril.<\/span><\/p>\n<p><span>Ele e sua esposa, Anna Grace Nabirye, estavam voltando para casa \u00e0 noite, ap\u00f3s Alfred pregar em um culto na regi\u00e3o de Namungoona, em Kampala.<\/span><\/p>\n<p><span>No t\u00e9rmino do evento, quatro homens que se identificaram como motoristas de motot\u00e1xi ofereceram carona gratuita para o casal. Eles afirmaram que eram crist\u00e3os e que haviam participado do culto.<\/span><\/p>\n<p><span>&#8220;Acreditamos neles porque disseram que eram companheiros de cren\u00e7a que ouviram a mensagem&#8221;, disse Anna, em entrevista ao Morning Star News.<\/span><\/p>\n<p><span>Durante a viagem, os motoristas sugeriram seguir por uma outra rota, argumentando que havia congestionamento, e o casal concordou.<\/span><\/p>\n<p><span>Logo depois, um dos motoristas come\u00e7ou a falar ao telefone em outra l\u00edngua e mais tr\u00eas homens surgiram na estrada. &#8220;O que veio depois foi repentino e violento&#8221;, lembrou Anna.<\/span><\/p>\n<p><strong>Atacado com facas<\/strong><\/p>\n<p><span>O grupo passou a espancar Alfred e a esposa. O evangelista foi atacado com facas e morreu.<\/span><\/p>\n<p><span>Os criminosos n\u00e3o assassinaram Anna e ap\u00f3s o ataque, a deixaram perto de sua casa. Ent\u00e3o, a esposa pediu ajuda aos l\u00edderes de uma igreja local, que foram at\u00e9 a estrada e encontraram Alfred morto.<\/span><\/p>\n<p><span>A morte do pregador deixou sua igreja e comunidade crist\u00e3 em choque e luto. L\u00edderes crist\u00e3os locais lamentaram a trag\u00e9dia, afirmando que Alfred era um evangelista dedicado em compartilhar o Evangelho, principalmente em comunidades mu\u00e7ulmanas.<\/span><\/p>\n<p><span>&#8220;Esta \u00e9 uma perda dolorosa para o corpo de Cristo&#8221;, disse um l\u00edder, pedindo ora\u00e7\u00f5es e apoio \u00e0 fam\u00edlia enlutada.<\/span><\/p>\n<p><span>O caso gerou preocupa\u00e7\u00e3o com a seguran\u00e7a de evangelistas entre a comunidade crist\u00e3 de Uganda. Agora, alguns l\u00edderes est\u00e3o pedindo que medidas de seguran\u00e7a sejam implementadas para garantir a prote\u00e7\u00e3o de equipes ministeriais que atuam no campo.<\/span><\/p>\n<p><strong>Persegui\u00e7\u00e3o em Uganda<\/strong><\/p>\n<p><span>A Constitui\u00e7\u00e3o de Uganda garante liberdade religiosa, incluindo o direito de compartilhar a pr\u00f3pria f\u00e9 e de se converter de uma religi\u00e3o para outra.\u00a0<\/span><\/p>\n<p><span>No entanto, o ataque \u00e9 mais um entre os muitos casos de persegui\u00e7\u00e3o a crist\u00e3os documentados no pa\u00eds, com cerca de 12% da popula\u00e7\u00e3o composta por mu\u00e7ulmanos. O pa\u00eds ocupa o 52\u00ba lugar da Lista Mundial da Persegui\u00e7\u00e3o 2026 da Miss\u00e3o Portas Abertas.<\/span><\/p>\n<p><span>Nos \u00faltimos anos, evangelistas, pastores e pregadores t\u00eam sido alvo de emboscadas realizadas por extremistas isl\u00e2micos em Uganda.<\/span><\/p>\n<\/div>\n","protected":false},"excerpt":{"rendered":"<p>Um evangelista foi morto por extremistas isl\u00e2micos ap\u00f3s pregar em um evento evangel\u00edstico em Uganda. Segundo o Morning Star News, Alfred Kitenga foi v\u00edtima de uma emboscada, no dia 9 de abril. Ele e sua esposa, Anna Grace Nabirye, estavam voltando para casa \u00e0 noite, ap\u00f3s Alfred pregar em um culto na regi\u00e3o de Namungoona, em Kampala. No t\u00e9rmino do evento, quatro homens que se identificaram como motoristas de motot\u00e1xi ofereceram carona gratuita para o casal. Eles afirmaram que eram crist\u00e3os e que haviam participado do culto. &#8220;Acreditamos neles porque disseram que eram companheiros de cren\u00e7a que ouviram a mensagem&#8221;, disse Anna, em entrevista ao Morning Star News. Durante a viagem, os motoristas sugeriram seguir por uma outra rota, argumentando que havia congestionamento, e o casal concordou. Logo depois, um dos motoristas come\u00e7ou a falar ao telefone em outra l\u00edngua e mais tr\u00eas homens surgiram na estrada. &#8220;O que veio depois foi repentino e violento&#8221;, lembrou Anna. Atacado com facas O grupo passou a espancar Alfred e a esposa. O evangelista foi atacado com facas e morreu. Os criminosos n\u00e3o assassinaram Anna e ap\u00f3s o ataque, a deixaram perto de sua casa. Ent\u00e3o, a esposa pediu ajuda aos l\u00edderes de uma igreja local, que foram at\u00e9 a estrada e encontraram Alfred morto. A morte do pregador deixou sua igreja e comunidade crist\u00e3 em choque e luto. L\u00edderes crist\u00e3os locais lamentaram a trag\u00e9dia, afirmando que Alfred era um evangelista dedicado em compartilhar o Evangelho, principalmente em comunidades mu\u00e7ulmanas. &#8220;Esta \u00e9 uma perda dolorosa para o corpo de Cristo&#8221;, disse um l\u00edder, pedindo ora\u00e7\u00f5es e apoio \u00e0 fam\u00edlia enlutada. O caso gerou preocupa\u00e7\u00e3o com a seguran\u00e7a de evangelistas entre a comunidade crist\u00e3 de Uganda. Agora, alguns l\u00edderes est\u00e3o pedindo que medidas de seguran\u00e7a sejam implementadas para garantir a prote\u00e7\u00e3o de equipes ministeriais que atuam no campo. Persegui\u00e7\u00e3o em Uganda A Constitui\u00e7\u00e3o de Uganda garante liberdade religiosa, incluindo o direito de compartilhar a pr\u00f3pria f\u00e9 e de se converter de uma religi\u00e3o para outra.\u00a0 No entanto, o ataque \u00e9 mais um entre os muitos casos de persegui\u00e7\u00e3o a crist\u00e3os documentados no pa\u00eds, com cerca de 12% da popula\u00e7\u00e3o composta por mu\u00e7ulmanos. O pa\u00eds ocupa o 52\u00ba lugar da Lista Mundial da Persegui\u00e7\u00e3o 2026 da Miss\u00e3o Portas Abertas. Nos \u00faltimos anos, evangelistas, pastores e pregadores t\u00eam sido alvo de emboscadas realizadas por extremistas isl\u00e2micos em Uganda.<\/p>\n","protected":false},"author":1,"featured_media":12039,"comment_status":"closed","ping_status":"closed","sticky":false,"template":"","format":"standard","meta":{"footnotes":""},"categories":[14],"tags":[],"class_list":["post-12038","post","type-post","status-publish","format-standard","has-post-thumbnail","hentry","category-missoes"],"acf":[],"_links":{"self":[{"href":"https:\/\/fabricadescripts.com.br\/igrejas\/IGRE3535\/wp-json\/wp\/v2\/posts\/12038","targetHints":{"allow":["GET"]}}],"collection":[{"href":"https:\/\/fabricadescripts.com.br\/igrejas\/IGRE3535\/wp-json\/wp\/v2\/posts"}],"about":[{"href":"https:\/\/fabricadescripts.com.br\/igrejas\/IGRE3535\/wp-json\/wp\/v2\/types\/post"}],"author":[{"embeddable":true,"href":"https:\/\/fabricadescripts.com.br\/igrejas\/IGRE3535\/wp-json\/wp\/v2\/users\/1"}],"replies":[{"embeddable":true,"href":"https:\/\/fabricadescripts.com.br\/igrejas\/IGRE3535\/wp-json\/wp\/v2\/comments?post=12038"}],"version-history":[{"count":0,"href":"https:\/\/fabricadescripts.com.br\/igrejas\/IGRE3535\/wp-json\/wp\/v2\/posts\/12038\/revisions"}],"wp:featuredmedia":[{"embeddable":true,"href":"https:\/\/fabricadescripts.com.br\/igrejas\/IGRE3535\/wp-json\/wp\/v2\/media\/12039"}],"wp:attachment":[{"href":"https:\/\/fabricadescripts.com.br\/igrejas\/IGRE3535\/wp-json\/wp\/v2\/media?parent=12038"}],"wp:term":[{"taxonomy":"category","embeddable":true,"href":"https:\/\/fabricadescripts.com.br\/igrejas\/IGRE3535\/wp-json\/wp\/v2\/categories?post=12038"},{"taxonomy":"post_tag","embeddable":true,"href":"https:\/\/fabricadescripts.com.br\/igrejas\/IGRE3535\/wp-json\/wp\/v2\/tags?post=12038"}],"curies":[{"name":"wp","href":"https:\/\/api.w.org\/{rel}","templated":true}]}}