{"id":12035,"date":"2026-04-22T03:09:04","date_gmt":"2026-04-22T06:09:04","guid":{"rendered":"https:\/\/fabricadescripts.com.br\/igrejas\/IGRE3535\/menino-autista-inspira-ao-celebrar-aniversario-com-tema-de-jesus-ele-e-meu-melhor-amigo\/"},"modified":"2026-04-22T03:09:04","modified_gmt":"2026-04-22T06:09:04","slug":"menino-autista-inspira-ao-celebrar-aniversario-com-tema-de-jesus-ele-e-meu-melhor-amigo","status":"publish","type":"post","link":"https:\/\/fabricadescripts.com.br\/igrejas\/IGRE3535\/menino-autista-inspira-ao-celebrar-aniversario-com-tema-de-jesus-ele-e-meu-melhor-amigo\/","title":{"rendered":"Menino autista inspira ao celebrar anivers\u00e1rio com tema de Jesus: \u201cEle \u00e9 meu melhor amigo\u201d"},"content":{"rendered":"<div>\n<p><span>Um menino <\/span><strong><span>autista<\/span> <\/strong><span>emocionou milhares de pessoas ao celebrar seu anivers\u00e1rio de 10 anos com uma festa com o tema de Jesus. Al\u00e9m da escolha do tema, o garoto foi surpreendido com a presen\u00e7a de um homem vestido como Cristo durante a comemora\u00e7\u00e3o em Manaus.<\/span><\/p>\n<p><span>Ap\u00f3s anos pedindo uma festa com o tema de Jesus, Enzo celebrou seu anivers\u00e1rio de 10 anos com o t\u00e3o sonhado evento.<\/span><\/p>\n<p><span>Segundo a m\u00e3e, Myrllena Elamid, o menino, que \u00e9 autista, tem hiperfoco em Jesus: \u201cMuitos podem n\u00e3o entender, mas eu vejo como algo lindo e cheio de prop\u00f3sito. Em meio a tantas distra\u00e7\u00f5es do mundo, ele escolheu fixar o cora\u00e7\u00e3o justamente em Jesus e isso me emociona\u201d, disse ela no Instagram.<\/span><\/p>\n<blockquote data-instgrm-permalink=\"https:\/\/www.instagram.com\/reel\/DXUcun-kZ6w\/?utm_source=ig_embed&#038;utm_campaign=loading\" data-instgrm-version=\"14\"><\/blockquote>\n<p><span>A festa foi organizada com o apoio de familiares e amigos, e teve como momento mais marcante a chegada de um homem que interpreta Jesus na igreja que a fam\u00edlia frequenta.<\/span><\/p>\n<p><span>\u201cCada detalhe foi pensado com muito carinho, mas nada se comparou ao momento da surpresa, a rea\u00e7\u00e3o dele foi simplesmente inesquec\u00edvel\u201d, afirmou a prima, Emilly Elamid.<\/span><\/p>\n<p><span>Ao ver o homem vestido de Jesus chegar na festa, Enzo correu, o abra\u00e7ou e chorou de alegria: \u201cVer o brilho nos olhos, a emo\u00e7\u00e3o e a felicidade dele fez tudo valer a pena\u201d, contou Emilly.<\/span><\/p>\n<p><strong>\u2018Jesus \u00e9 o meu melhor amigo\u2019<\/strong><\/p>\n<p><span>A <\/span><span><strong>emo\u00e7\u00e3o do menino<\/strong><\/span><span> impactou todos os presentes, incluindo o homem que interpretava Jesus, que tamb\u00e9m se emocionou com o amor de Enzo pelo Senhor.<\/span><\/p>\n<p><span>\u201cO meu anivers\u00e1rio foi t\u00e3o da hora que a minha cabe\u00e7a vai explodir de alegria. Eu adorei os brinquedos, mas sabe o que eu adorei mais ainda? Do meu melhor amigo, por quem eu sou louco: Jesus. Adorei tanto que at\u00e9 caiu uma l\u00e1grima\u201d, declarou Enzo.<\/span><\/p>\n<p><span>\u201cJesus \u00e9 o melhor de todos, as pessoas amam Jesus. S\u00f3 que eu, eu sou louco por Jesus\u201d, acrescentou ele.<\/span><\/p>\n<p><span>O v\u00eddeo da comemora\u00e7\u00e3o repercutiu nas redes sociais e alcan\u00e7ou milhares de pessoas. Segundo a fam\u00edlia, muitos internautas relataram ter se emocionado com o amor de Enzo por Jesus.<\/span><\/p>\n<p><span>\u201c\u00c9 muito gratificante ver que, atrav\u00e9s de um v\u00eddeo, de uma coisa simb\u00f3lica, pessoas est\u00e3o sendo alcan\u00e7adas. Atrav\u00e9s do meu filho, as pessoas est\u00e3o sendo tocadas\u201d, disse a m\u00e3e.<\/span><\/p>\n<p><span>\u201cChegaram muitas mensagens de pessoas falando que choraram muito e sentiram a presen\u00e7a de Deus. Na hora, n\u00e3o teve ningu\u00e9m que n\u00e3o segurou o choro. Todo mundo chorou\u201d, acrescentou Myrllena.<\/span><\/p>\n<blockquote data-instgrm-permalink=\"https:\/\/www.instagram.com\/p\/C5O0SzUvOVt\/?utm_source=ig_embed&#038;utm_campaign=loading\" data-instgrm-version=\"14\"><\/blockquote>\n<p><span>A m\u00e3e tamb\u00e9m destacou como \u00e9 o relacionamento de Enzo com Jesus no dia a dia: \u201cO Enzo \u00e9 muito genu\u00edno, ele tem uma f\u00e9 grande, e disse que esse foi o melhor <\/span><strong><span>anivers\u00e1rio<\/span> <\/strong><span>dele porque Jesus estava l\u00e1. \u00c9 muito gratificante para n\u00f3s, pois ele \u00e9 uma crian\u00e7a muito amada e nos ensina muita coisa\u201d.<\/span><\/p>\n<p><span>E continuou: \u201cN\u00f3s, adultos, achamos que sabemos de tudo, mas ver uma crian\u00e7a amando Jesus dessa forma \u00e9 incr\u00edvel. At\u00e9 mesmo quando a gente vai dormir, ele sempre me cobra de orar. N\u00e3o tem um dia que ele deixe de orar\u201d.<\/span><\/p>\n<p><span>\u201cO jeitinho dele, a intensidade, a forma como fala, pensa e demonstra esse amor, tudo isso me ensina todos os dias. Sei que Deus tem algo grande na vida dele, e esse amor t\u00e3o puro \u00e9 s\u00f3 o come\u00e7o de tudo que ainda vai florescer. Que eu nunca deixe de incentivar e valorizar esse cora\u00e7\u00e3o t\u00e3o especial que Ele me confiou\u201d, concluiu.<\/span><\/p>\n<\/div>\n","protected":false},"excerpt":{"rendered":"<p>Um menino autista emocionou milhares de pessoas ao celebrar seu anivers\u00e1rio de 10 anos com uma festa com o tema de Jesus. Al\u00e9m da escolha do tema, o garoto foi surpreendido com a presen\u00e7a de um homem vestido como Cristo durante a comemora\u00e7\u00e3o em Manaus. Ap\u00f3s anos pedindo uma festa com o tema de Jesus, Enzo celebrou seu anivers\u00e1rio de 10 anos com o t\u00e3o sonhado evento. Segundo a m\u00e3e, Myrllena Elamid, o menino, que \u00e9 autista, tem hiperfoco em Jesus: \u201cMuitos podem n\u00e3o entender, mas eu vejo como algo lindo e cheio de prop\u00f3sito. Em meio a tantas distra\u00e7\u00f5es do mundo, ele escolheu fixar o cora\u00e7\u00e3o justamente em Jesus e isso me emociona\u201d, disse ela no Instagram. A festa foi organizada com o apoio de familiares e amigos, e teve como momento mais marcante a chegada de um homem que interpreta Jesus na igreja que a fam\u00edlia frequenta. \u201cCada detalhe foi pensado com muito carinho, mas nada se comparou ao momento da surpresa, a rea\u00e7\u00e3o dele foi simplesmente inesquec\u00edvel\u201d, afirmou a prima, Emilly Elamid. Ao ver o homem vestido de Jesus chegar na festa, Enzo correu, o abra\u00e7ou e chorou de alegria: \u201cVer o brilho nos olhos, a emo\u00e7\u00e3o e a felicidade dele fez tudo valer a pena\u201d, contou Emilly. \u2018Jesus \u00e9 o meu melhor amigo\u2019 A emo\u00e7\u00e3o do menino impactou todos os presentes, incluindo o homem que interpretava Jesus, que tamb\u00e9m se emocionou com o amor de Enzo pelo Senhor. \u201cO meu anivers\u00e1rio foi t\u00e3o da hora que a minha cabe\u00e7a vai explodir de alegria. Eu adorei os brinquedos, mas sabe o que eu adorei mais ainda? Do meu melhor amigo, por quem eu sou louco: Jesus. Adorei tanto que at\u00e9 caiu uma l\u00e1grima\u201d, declarou Enzo. \u201cJesus \u00e9 o melhor de todos, as pessoas amam Jesus. S\u00f3 que eu, eu sou louco por Jesus\u201d, acrescentou ele. O v\u00eddeo da comemora\u00e7\u00e3o repercutiu nas redes sociais e alcan\u00e7ou milhares de pessoas. Segundo a fam\u00edlia, muitos internautas relataram ter se emocionado com o amor de Enzo por Jesus. \u201c\u00c9 muito gratificante ver que, atrav\u00e9s de um v\u00eddeo, de uma coisa simb\u00f3lica, pessoas est\u00e3o sendo alcan\u00e7adas. Atrav\u00e9s do meu filho, as pessoas est\u00e3o sendo tocadas\u201d, disse a m\u00e3e. \u201cChegaram muitas mensagens de pessoas falando que choraram muito e sentiram a presen\u00e7a de Deus. Na hora, n\u00e3o teve ningu\u00e9m que n\u00e3o segurou o choro. Todo mundo chorou\u201d, acrescentou Myrllena. A m\u00e3e tamb\u00e9m destacou como \u00e9 o relacionamento de Enzo com Jesus no dia a dia: \u201cO Enzo \u00e9 muito genu\u00edno, ele tem uma f\u00e9 grande, e disse que esse foi o melhor anivers\u00e1rio dele porque Jesus estava l\u00e1. \u00c9 muito gratificante para n\u00f3s, pois ele \u00e9 uma crian\u00e7a muito amada e nos ensina muita coisa\u201d. E continuou: \u201cN\u00f3s, adultos, achamos que sabemos de tudo, mas ver uma crian\u00e7a amando Jesus dessa forma \u00e9 incr\u00edvel. At\u00e9 mesmo quando a gente vai dormir, ele sempre me cobra de orar. N\u00e3o tem um dia que ele deixe de orar\u201d. \u201cO jeitinho dele, a intensidade, a forma como fala, pensa e demonstra esse amor, tudo isso me ensina todos os dias. Sei que Deus tem algo grande na vida dele, e esse amor t\u00e3o puro \u00e9 s\u00f3 o come\u00e7o de tudo que ainda vai florescer. Que eu nunca deixe de incentivar e valorizar esse cora\u00e7\u00e3o t\u00e3o especial que Ele me confiou\u201d, concluiu.<\/p>\n","protected":false},"author":1,"featured_media":12036,"comment_status":"closed","ping_status":"closed","sticky":false,"template":"","format":"standard","meta":{"footnotes":""},"categories":[12],"tags":[],"class_list":["post-12035","post","type-post","status-publish","format-standard","has-post-thumbnail","hentry","category-mundo-cristao"],"acf":[],"_links":{"self":[{"href":"https:\/\/fabricadescripts.com.br\/igrejas\/IGRE3535\/wp-json\/wp\/v2\/posts\/12035","targetHints":{"allow":["GET"]}}],"collection":[{"href":"https:\/\/fabricadescripts.com.br\/igrejas\/IGRE3535\/wp-json\/wp\/v2\/posts"}],"about":[{"href":"https:\/\/fabricadescripts.com.br\/igrejas\/IGRE3535\/wp-json\/wp\/v2\/types\/post"}],"author":[{"embeddable":true,"href":"https:\/\/fabricadescripts.com.br\/igrejas\/IGRE3535\/wp-json\/wp\/v2\/users\/1"}],"replies":[{"embeddable":true,"href":"https:\/\/fabricadescripts.com.br\/igrejas\/IGRE3535\/wp-json\/wp\/v2\/comments?post=12035"}],"version-history":[{"count":0,"href":"https:\/\/fabricadescripts.com.br\/igrejas\/IGRE3535\/wp-json\/wp\/v2\/posts\/12035\/revisions"}],"wp:featuredmedia":[{"embeddable":true,"href":"https:\/\/fabricadescripts.com.br\/igrejas\/IGRE3535\/wp-json\/wp\/v2\/media\/12036"}],"wp:attachment":[{"href":"https:\/\/fabricadescripts.com.br\/igrejas\/IGRE3535\/wp-json\/wp\/v2\/media?parent=12035"}],"wp:term":[{"taxonomy":"category","embeddable":true,"href":"https:\/\/fabricadescripts.com.br\/igrejas\/IGRE3535\/wp-json\/wp\/v2\/categories?post=12035"},{"taxonomy":"post_tag","embeddable":true,"href":"https:\/\/fabricadescripts.com.br\/igrejas\/IGRE3535\/wp-json\/wp\/v2\/tags?post=12035"}],"curies":[{"name":"wp","href":"https:\/\/api.w.org\/{rel}","templated":true}]}}