{"id":12022,"date":"2026-04-21T01:07:09","date_gmt":"2026-04-21T04:07:09","guid":{"rendered":"https:\/\/fabricadescripts.com.br\/igrejas\/IGRE3535\/milei-visita-israel-vai-ao-muro-das-lamentacoes-e-confirma-embaixada-em-jerusalem\/"},"modified":"2026-04-21T01:07:09","modified_gmt":"2026-04-21T04:07:09","slug":"milei-visita-israel-vai-ao-muro-das-lamentacoes-e-confirma-embaixada-em-jerusalem","status":"publish","type":"post","link":"https:\/\/fabricadescripts.com.br\/igrejas\/IGRE3535\/milei-visita-israel-vai-ao-muro-das-lamentacoes-e-confirma-embaixada-em-jerusalem\/","title":{"rendered":"Milei visita Israel, vai ao Muro das Lamenta\u00e7\u00f5es e confirma embaixada em Jerusal\u00e9m"},"content":{"rendered":"<div>\n<p>O presidente da Argentina, <span><strong>Javier Milei<\/strong>,<\/span> chegou a Israel neste domingo (19) para uma visita oficial marcada pelo fortalecimento das rela\u00e7\u00f5es diplom\u00e1ticas entre os dois pa\u00edses e pela confirma\u00e7\u00e3o da abertura da <span><strong>embaixada argentina em Jerusal\u00e9m<\/strong><\/span>.<\/p>\n<p>Assim que desembarcou no pa\u00eds, Milei seguiu diretamente para o <span><strong>Muro das Lamenta\u00e7\u00f5es<\/strong>,<\/span> um dos locais mais sagrados do juda\u00edsmo.<\/p>\n<blockquote data-instgrm-captioned data-instgrm-permalink=\"https:\/\/www.instagram.com\/reel\/DXVWGOsjXZQ\/?utm_source=ig_embed&#038;utm_campaign=loading\" data-instgrm-version=\"14\"><\/blockquote>\n<p>\u00c9 a terceira visita oficial do presidente argentino a Israel desde que assumiu o cargo e, novamente, ele escolheu iniciar sua agenda no centro espiritual do povo judeu.<\/p>\n<p>Recebido por autoridades religiosas, Milei participou de um momento de ora\u00e7\u00e3o, recitou um salmo e demonstrou forte emo\u00e7\u00e3o durante a visita.<\/p>\n<p>Segundo relatos da imprensa local, Milei afirmou considerar aquele o lugar mais importante para ele.<\/p>\n<p>Durante a agenda oficial, Milei se reuniu com o primeiro-ministro Benjamin Netanyahu.<\/p>\n<p>Segundo o Times of Israel, os l\u00edderes tamb\u00e9m assinaram os Acordos de Isaac e uma s\u00e9rie de compromissos estrat\u00e9gicos nas \u00e1reas de seguran\u00e7a e intelig\u00eancia artificial.<\/p>\n<p>O nome dos acordos faz refer\u00eancia aos <span><strong>Acordos de Abra\u00e3o<\/strong>,<\/span> assinados em 2020, que normalizaram as rela\u00e7\u00f5es com diversos pa\u00edses \u00e1rabes e visam promover la\u00e7os com pa\u00edses do Hemisf\u00e9rio Ocidental.<\/p>\n<p>Tamb\u00e9m foi anunciado que voos diretos entre os dois pa\u00edses come\u00e7ar\u00e3o at\u00e9 o final do ano.<\/p>\n<p><strong>Acordos de Isaac<\/strong><\/p>\n<p>Ao se encontrarem em Jerusal\u00e9m, os dois l\u00edderes se cumprimentaram com um abra\u00e7o. Em tom descontra\u00eddo, Netanyahu comentou a semelhan\u00e7a entre \u201cJavier\u201d e a palavra hebraica <em>chaver<\/em>, que significa amigo.<\/p>\n<p>Antes da reuni\u00e3o, ambos posaram para os fot\u00f3grafos fazendo sinal de positivo, enquanto Netanyahu declarou ao presidente argentino Javier Milei: \u201cFico muito feliz em saber que voc\u00ea est\u00e1 aqui\u201d.<\/p>\n<p>Os l\u00edderes tamb\u00e9m foram acompanhados pelo ministro das Rela\u00e7\u00f5es Exteriores, Gideon Sa&#8217;ar, pela ministra dos Transportes, Miri Regev, pelo ministro das Finan\u00e7as, Bezalel Smotrich, e pelo embaixador dos Estados Unidos em Israel, Mike Huckabee.<\/p>\n<\/p>\n<p><span><sup>Milei (\u00e0 esquerda), Netanyahu (ao centro) e o embaixador dos EUA em Israel, Mike Huckabee, em uma cerim\u00f4nia em Jerusal\u00e9m em 19 de abril de 2026. (Kobi Gideon\/ GPO)<\/sup><\/span><\/p>\n<p>Durante discurso na cerim\u00f4nia de assinatura dos Acordos de Isaac, realizada no gabinete do primeiro-ministro, Benjamin Netanyahu afirmou que as recentes mudan\u00e7as pol\u00edticas na Am\u00e9rica do Sul \u2014 em prov\u00e1vel refer\u00eancia \u00e0 elei\u00e7\u00e3o de governos de direita e pr\u00f3-Ocidente \u2014 representam o retorno da \u201calian\u00e7a da liberdade\u201d.<\/p>\n<p>\u201cTudo come\u00e7a com n\u00f3s dois e com o apoio que sempre existe por parte dos EUA para as sociedades livres\u201d, disse ele, expressando a esperan\u00e7a de que o modelo dos Acordos de Abra\u00e3o possa ser aplicado \u00e0 Am\u00e9rica Latina.<\/p>\n<p>&#8220;Tivemos Abra\u00e3o, e agora temos Isaque. O que ser\u00e3o os Acordos de Jac\u00f3?&#8221;, brincou o primeiro-ministro.<\/p>\n<p>A Iniciativa Milei reunir\u00e1 \u201cos descendentes de Isaac e as na\u00e7\u00f5es da tradi\u00e7\u00e3o judaico-crist\u00e3, em defesa da liberdade e da democracia, e na luta contra o terrorismo, o antissemitismo e o tr\u00e1fico de drogas\u201d, segundo declara\u00e7\u00e3o conjunta divulgada posteriormente pelos governos.<\/p>\n<p>Milei classificou o lan\u00e7amento dos acordos como &#8220;um momento hist\u00f3rico para nossas na\u00e7\u00f5es&#8221;.<\/p>\n<p>\u201cIsso n\u00e3o apenas fortalecer\u00e1 a rela\u00e7\u00e3o entre a Argentina e Israel, unidos por valores compartilhados, mas tamb\u00e9m representa um passo rumo a um hemisf\u00e9rio mais livre e pr\u00f3spero\u201d, disse ele.<\/p>\n<p>\u201cA Argentina e Israel s\u00e3o irm\u00e3os na dor desde o ataque terrorista \u00e0 embaixada em Buenos Aires\u201d, acrescentou, referindo-se ao atentado mortal de 1992 contra a embaixada de Israel na Argentina, atribu\u00eddo ao Ir\u00e3.<\/p>\n<p><strong>Embaixada em Jerusal\u00e9m<\/strong><\/p>\n<p>No in\u00edcio do ano, a Argentina teria colocado em pausa os planos de transferir sua embaixada para Jerusal\u00e9m, em meio a tens\u00f5es entre Benjamin Netanyahu e Javier Milei.<\/p>\n<p>O impasse estaria relacionado aos planos da Navitas Petroleum de realizar perfura\u00e7\u00f5es mar\u00edtimas nas disputadas Ilhas Malvinas, com in\u00edcio previsto para 2028.<\/p>\n<p>Apesar disso, Milei reafirmou a decis\u00e3o durante a visita oficial: \u201cHoje estamos exigindo justi\u00e7a e transferiremos a embaixada para Jerusal\u00e9m\u201d.<\/p>\n<p>A mudan\u00e7a da embaixada argentina de Tel Aviv para Jerusal\u00e9m havia sido anunciada por Milei ainda em 2024, poucos meses ap\u00f3s assumir o governo. Agora, a visita oficial marca mais um passo concreto no cumprimento dessa promessa.<\/p>\n<p>Esta \u00e9 a terceira viagem de Milei a Israel desde que assumiu a presid\u00eancia em dezembro de 2023, demonstrando a aproxima\u00e7\u00e3o in\u00e9dita entre os governos. O presidente argentino deve permanecer no pa\u00eds at\u00e9 ter\u00e7a-feira (21).<\/p>\n<p>A mudan\u00e7a da Argentina faria dela o oitavo pa\u00eds a transferir sua embaixada de Tel Aviv para Jerusal\u00e9m, depois dos EUA, Guatemala, Honduras, Fiji, Kosovo, Papua Nova Guin\u00e9 e Paraguai.<\/p>\n<\/div>\n","protected":false},"excerpt":{"rendered":"<p>O presidente da Argentina, Javier Milei, chegou a Israel neste domingo (19) para uma visita oficial marcada pelo fortalecimento das rela\u00e7\u00f5es diplom\u00e1ticas entre os dois pa\u00edses e pela confirma\u00e7\u00e3o da abertura da embaixada argentina em Jerusal\u00e9m. Assim que desembarcou no pa\u00eds, Milei seguiu diretamente para o Muro das Lamenta\u00e7\u00f5es, um dos locais mais sagrados do juda\u00edsmo. \u00c9 a terceira visita oficial do presidente argentino a Israel desde que assumiu o cargo e, novamente, ele escolheu iniciar sua agenda no centro espiritual do povo judeu. Recebido por autoridades religiosas, Milei participou de um momento de ora\u00e7\u00e3o, recitou um salmo e demonstrou forte emo\u00e7\u00e3o durante a visita. Segundo relatos da imprensa local, Milei afirmou considerar aquele o lugar mais importante para ele. Durante a agenda oficial, Milei se reuniu com o primeiro-ministro Benjamin Netanyahu. Segundo o Times of Israel, os l\u00edderes tamb\u00e9m assinaram os Acordos de Isaac e uma s\u00e9rie de compromissos estrat\u00e9gicos nas \u00e1reas de seguran\u00e7a e intelig\u00eancia artificial. O nome dos acordos faz refer\u00eancia aos Acordos de Abra\u00e3o, assinados em 2020, que normalizaram as rela\u00e7\u00f5es com diversos pa\u00edses \u00e1rabes e visam promover la\u00e7os com pa\u00edses do Hemisf\u00e9rio Ocidental. Tamb\u00e9m foi anunciado que voos diretos entre os dois pa\u00edses come\u00e7ar\u00e3o at\u00e9 o final do ano. Acordos de Isaac Ao se encontrarem em Jerusal\u00e9m, os dois l\u00edderes se cumprimentaram com um abra\u00e7o. Em tom descontra\u00eddo, Netanyahu comentou a semelhan\u00e7a entre \u201cJavier\u201d e a palavra hebraica chaver, que significa amigo. Antes da reuni\u00e3o, ambos posaram para os fot\u00f3grafos fazendo sinal de positivo, enquanto Netanyahu declarou ao presidente argentino Javier Milei: \u201cFico muito feliz em saber que voc\u00ea est\u00e1 aqui\u201d. Os l\u00edderes tamb\u00e9m foram acompanhados pelo ministro das Rela\u00e7\u00f5es Exteriores, Gideon Sa&#8217;ar, pela ministra dos Transportes, Miri Regev, pelo ministro das Finan\u00e7as, Bezalel Smotrich, e pelo embaixador dos Estados Unidos em Israel, Mike Huckabee. Milei (\u00e0 esquerda), Netanyahu (ao centro) e o embaixador dos EUA em Israel, Mike Huckabee, em uma cerim\u00f4nia em Jerusal\u00e9m em 19 de abril de 2026. (Kobi Gideon\/ GPO) Durante discurso na cerim\u00f4nia de assinatura dos Acordos de Isaac, realizada no gabinete do primeiro-ministro, Benjamin Netanyahu afirmou que as recentes mudan\u00e7as pol\u00edticas na Am\u00e9rica do Sul \u2014 em prov\u00e1vel refer\u00eancia \u00e0 elei\u00e7\u00e3o de governos de direita e pr\u00f3-Ocidente \u2014 representam o retorno da \u201calian\u00e7a da liberdade\u201d. \u201cTudo come\u00e7a com n\u00f3s dois e com o apoio que sempre existe por parte dos EUA para as sociedades livres\u201d, disse ele, expressando a esperan\u00e7a de que o modelo dos Acordos de Abra\u00e3o possa ser aplicado \u00e0 Am\u00e9rica Latina. &#8220;Tivemos Abra\u00e3o, e agora temos Isaque. O que ser\u00e3o os Acordos de Jac\u00f3?&#8221;, brincou o primeiro-ministro. A Iniciativa Milei reunir\u00e1 \u201cos descendentes de Isaac e as na\u00e7\u00f5es da tradi\u00e7\u00e3o judaico-crist\u00e3, em defesa da liberdade e da democracia, e na luta contra o terrorismo, o antissemitismo e o tr\u00e1fico de drogas\u201d, segundo declara\u00e7\u00e3o conjunta divulgada posteriormente pelos governos. Milei classificou o lan\u00e7amento dos acordos como &#8220;um momento hist\u00f3rico para nossas na\u00e7\u00f5es&#8221;. \u201cIsso n\u00e3o apenas fortalecer\u00e1 a rela\u00e7\u00e3o entre a Argentina e Israel, unidos por valores compartilhados, mas tamb\u00e9m representa um passo rumo a um hemisf\u00e9rio mais livre e pr\u00f3spero\u201d, disse ele. \u201cA Argentina e Israel s\u00e3o irm\u00e3os na dor desde o ataque terrorista \u00e0 embaixada em Buenos Aires\u201d, acrescentou, referindo-se ao atentado mortal de 1992 contra a embaixada de Israel na Argentina, atribu\u00eddo ao Ir\u00e3. Embaixada em Jerusal\u00e9m No in\u00edcio do ano, a Argentina teria colocado em pausa os planos de transferir sua embaixada para Jerusal\u00e9m, em meio a tens\u00f5es entre Benjamin Netanyahu e Javier Milei. O impasse estaria relacionado aos planos da Navitas Petroleum de realizar perfura\u00e7\u00f5es mar\u00edtimas nas disputadas Ilhas Malvinas, com in\u00edcio previsto para 2028. Apesar disso, Milei reafirmou a decis\u00e3o durante a visita oficial: \u201cHoje estamos exigindo justi\u00e7a e transferiremos a embaixada para Jerusal\u00e9m\u201d. A mudan\u00e7a da embaixada argentina de Tel Aviv para Jerusal\u00e9m havia sido anunciada por Milei ainda em 2024, poucos meses ap\u00f3s assumir o governo. Agora, a visita oficial marca mais um passo concreto no cumprimento dessa promessa. Esta \u00e9 a terceira viagem de Milei a Israel desde que assumiu a presid\u00eancia em dezembro de 2023, demonstrando a aproxima\u00e7\u00e3o in\u00e9dita entre os governos. O presidente argentino deve permanecer no pa\u00eds at\u00e9 ter\u00e7a-feira (21). A mudan\u00e7a da Argentina faria dela o oitavo pa\u00eds a transferir sua embaixada de Tel Aviv para Jerusal\u00e9m, depois dos EUA, Guatemala, Honduras, Fiji, Kosovo, Papua Nova Guin\u00e9 e Paraguai.<\/p>\n","protected":false},"author":1,"featured_media":12023,"comment_status":"closed","ping_status":"closed","sticky":false,"template":"","format":"standard","meta":{"footnotes":""},"categories":[13],"tags":[],"class_list":["post-12022","post","type-post","status-publish","format-standard","has-post-thumbnail","hentry","category-israel"],"acf":[],"_links":{"self":[{"href":"https:\/\/fabricadescripts.com.br\/igrejas\/IGRE3535\/wp-json\/wp\/v2\/posts\/12022","targetHints":{"allow":["GET"]}}],"collection":[{"href":"https:\/\/fabricadescripts.com.br\/igrejas\/IGRE3535\/wp-json\/wp\/v2\/posts"}],"about":[{"href":"https:\/\/fabricadescripts.com.br\/igrejas\/IGRE3535\/wp-json\/wp\/v2\/types\/post"}],"author":[{"embeddable":true,"href":"https:\/\/fabricadescripts.com.br\/igrejas\/IGRE3535\/wp-json\/wp\/v2\/users\/1"}],"replies":[{"embeddable":true,"href":"https:\/\/fabricadescripts.com.br\/igrejas\/IGRE3535\/wp-json\/wp\/v2\/comments?post=12022"}],"version-history":[{"count":0,"href":"https:\/\/fabricadescripts.com.br\/igrejas\/IGRE3535\/wp-json\/wp\/v2\/posts\/12022\/revisions"}],"wp:featuredmedia":[{"embeddable":true,"href":"https:\/\/fabricadescripts.com.br\/igrejas\/IGRE3535\/wp-json\/wp\/v2\/media\/12023"}],"wp:attachment":[{"href":"https:\/\/fabricadescripts.com.br\/igrejas\/IGRE3535\/wp-json\/wp\/v2\/media?parent=12022"}],"wp:term":[{"taxonomy":"category","embeddable":true,"href":"https:\/\/fabricadescripts.com.br\/igrejas\/IGRE3535\/wp-json\/wp\/v2\/categories?post=12022"},{"taxonomy":"post_tag","embeddable":true,"href":"https:\/\/fabricadescripts.com.br\/igrejas\/IGRE3535\/wp-json\/wp\/v2\/tags?post=12022"}],"curies":[{"name":"wp","href":"https:\/\/api.w.org\/{rel}","templated":true}]}}