{"id":12016,"date":"2026-04-21T01:07:04","date_gmt":"2026-04-21T04:07:04","guid":{"rendered":"https:\/\/fabricadescripts.com.br\/igrejas\/IGRE3535\/apos-missao-espacial-astronauta-nao-religioso-busca-capelao-e-chora-ao-ver-cruz\/"},"modified":"2026-04-21T01:07:04","modified_gmt":"2026-04-21T04:07:04","slug":"apos-missao-espacial-astronauta-nao-religioso-busca-capelao-e-chora-ao-ver-cruz","status":"publish","type":"post","link":"https:\/\/fabricadescripts.com.br\/igrejas\/IGRE3535\/apos-missao-espacial-astronauta-nao-religioso-busca-capelao-e-chora-ao-ver-cruz\/","title":{"rendered":"Ap\u00f3s miss\u00e3o espacial, astronauta n\u00e3o religioso busca capel\u00e3o e chora ao ver cruz"},"content":{"rendered":"<div>\n<p><span>O astronauta da NASA e comandante da miss\u00e3o Artemis II, Reid Wiseman, afirmou que, embora n\u00e3o seja religioso, se emocionou <\/span><span><strong>ap\u00f3s retornar do espa\u00e7o<\/strong><\/span><span> e chegou a pedir para conversar com um capel\u00e3o da Marinha diante da intensidade da experi\u00eancia.<\/span><\/p>\n<p><span>Durante uma coletiva de imprensa no Centro Espacial Johnson, em Houston, Texas, na \u00faltima quinta-feira (16), os astronautas que participaram da miss\u00e3o compartilharam detalhes da experi\u00eancia no espa\u00e7o.<\/span><\/p>\n<p><span>Wiseman foi questionado se experimentou alguma mudan\u00e7a em sua consci\u00eancia ap\u00f3s retornar da miss\u00e3o. Ao responder, o comandante declarou:<\/span><\/p>\n<p><span>&#8220;Eu n\u00e3o sou exatamente uma pessoa religiosa, mas n\u00e3o havia outra maneira de explicar ou vivenciar nada\u201d.\u00a0<\/span><\/p>\n<p><span>E continuou: \u201cEnt\u00e3o, pedi ao capel\u00e3o do navio da Marinha que viesse nos visitar por um minuto. E quando aquele homem entrou, eu nunca o tinha visto antes, mas vi a cruz em sua gola e desabei em l\u00e1grimas&#8221;.<\/span><\/p>\n<p><strong>\u2018Foi al\u00e9m da compreens\u00e3o humana\u2019<\/strong><\/p>\n<p><span>Segundo Wiseman, a tripula\u00e7\u00e3o passou por exames m\u00e9dicos e ainda n\u00e3o teve tempo para refletir sobre tudo o que viveu.<\/span><\/p>\n<p><span>&#8220;\u00c9 muito dif\u00edcil assimilar completamente o que acabamos de vivenciar. N\u00e3o tivemos esse tempo de reflex\u00e3o. Ent\u00e3o, estou me baseando no que vimos\u201d, contou ele.\u00a0<\/span><\/p>\n<p><span>Nesse momento, o comandante descreveu uma das experi\u00eancias mais intensas que viveu na miss\u00e3o:<\/span><\/p>\n<p><span>\u201cQuando o sol eclipsou a lua, acho que n\u00f3s quatro. Eu me virei para Victor [Glover] e disse: &#8216;N\u00e3o acho que a humanidade tenha evolu\u00eddo a ponto de ser capaz de compreender o que estamos vendo agora, porque foi algo de outro mundo\u2019. Foi incr\u00edvel&#8221;.<\/span><\/p>\n<p><span>O piloto da miss\u00e3o, <\/span><span><strong>Victor Glover<\/strong><\/span><span>, confirmou o impacto do momento e acrescentou: \u201cAquele foi um momento realmente especial. Eu estava na cama bem em frente quando o capel\u00e3o entrou, e a \u00fanica coisa que eu acrescentaria \u00e9 que sou uma pessoa religiosa, mas todo o resto \u00e9 igual. H\u00e1 algo ali, e conforme formos processando, terei que contar para voc\u00eas na semana que vem, mas ainda n\u00e3o tive a chance de realmente analisar tudo\u201d.<\/span><\/p>\n<p><span>De acordo com a NASA, a miss\u00e3o Artemis II durou pouco mais de uma semana e consistiu em um &#8220;sobrevoo lunar tripulado&#8221;, etapa considerada como &#8220;um passo fundamental para o retorno a longo prazo \u00e0 Lua e futuras miss\u00f5es a Marte&#8221;.\u00a0<\/span><\/p>\n<p><span>A pr\u00f3xima etapa do programa, a miss\u00e3o Artemis IV, est\u00e1 prevista para 2028 e dever\u00e1 incluir um pouso na superf\u00edcie lunar, onde os tripulantes dever\u00e3o permanecer por cerca de uma semana.\u00a0<\/span><\/p>\n<\/div>\n","protected":false},"excerpt":{"rendered":"<p>O astronauta da NASA e comandante da miss\u00e3o Artemis II, Reid Wiseman, afirmou que, embora n\u00e3o seja religioso, se emocionou ap\u00f3s retornar do espa\u00e7o e chegou a pedir para conversar com um capel\u00e3o da Marinha diante da intensidade da experi\u00eancia. Durante uma coletiva de imprensa no Centro Espacial Johnson, em Houston, Texas, na \u00faltima quinta-feira (16), os astronautas que participaram da miss\u00e3o compartilharam detalhes da experi\u00eancia no espa\u00e7o. Wiseman foi questionado se experimentou alguma mudan\u00e7a em sua consci\u00eancia ap\u00f3s retornar da miss\u00e3o. Ao responder, o comandante declarou: &#8220;Eu n\u00e3o sou exatamente uma pessoa religiosa, mas n\u00e3o havia outra maneira de explicar ou vivenciar nada\u201d.\u00a0 E continuou: \u201cEnt\u00e3o, pedi ao capel\u00e3o do navio da Marinha que viesse nos visitar por um minuto. E quando aquele homem entrou, eu nunca o tinha visto antes, mas vi a cruz em sua gola e desabei em l\u00e1grimas&#8221;. \u2018Foi al\u00e9m da compreens\u00e3o humana\u2019 Segundo Wiseman, a tripula\u00e7\u00e3o passou por exames m\u00e9dicos e ainda n\u00e3o teve tempo para refletir sobre tudo o que viveu. &#8220;\u00c9 muito dif\u00edcil assimilar completamente o que acabamos de vivenciar. N\u00e3o tivemos esse tempo de reflex\u00e3o. Ent\u00e3o, estou me baseando no que vimos\u201d, contou ele.\u00a0 Nesse momento, o comandante descreveu uma das experi\u00eancias mais intensas que viveu na miss\u00e3o: \u201cQuando o sol eclipsou a lua, acho que n\u00f3s quatro. Eu me virei para Victor [Glover] e disse: &#8216;N\u00e3o acho que a humanidade tenha evolu\u00eddo a ponto de ser capaz de compreender o que estamos vendo agora, porque foi algo de outro mundo\u2019. Foi incr\u00edvel&#8221;. O piloto da miss\u00e3o, Victor Glover, confirmou o impacto do momento e acrescentou: \u201cAquele foi um momento realmente especial. Eu estava na cama bem em frente quando o capel\u00e3o entrou, e a \u00fanica coisa que eu acrescentaria \u00e9 que sou uma pessoa religiosa, mas todo o resto \u00e9 igual. H\u00e1 algo ali, e conforme formos processando, terei que contar para voc\u00eas na semana que vem, mas ainda n\u00e3o tive a chance de realmente analisar tudo\u201d. De acordo com a NASA, a miss\u00e3o Artemis II durou pouco mais de uma semana e consistiu em um &#8220;sobrevoo lunar tripulado&#8221;, etapa considerada como &#8220;um passo fundamental para o retorno a longo prazo \u00e0 Lua e futuras miss\u00f5es a Marte&#8221;.\u00a0 A pr\u00f3xima etapa do programa, a miss\u00e3o Artemis IV, est\u00e1 prevista para 2028 e dever\u00e1 incluir um pouso na superf\u00edcie lunar, onde os tripulantes dever\u00e3o permanecer por cerca de uma semana.\u00a0<\/p>\n","protected":false},"author":1,"featured_media":12017,"comment_status":"closed","ping_status":"closed","sticky":false,"template":"","format":"standard","meta":{"footnotes":""},"categories":[12],"tags":[],"class_list":["post-12016","post","type-post","status-publish","format-standard","has-post-thumbnail","hentry","category-mundo-cristao"],"acf":[],"_links":{"self":[{"href":"https:\/\/fabricadescripts.com.br\/igrejas\/IGRE3535\/wp-json\/wp\/v2\/posts\/12016","targetHints":{"allow":["GET"]}}],"collection":[{"href":"https:\/\/fabricadescripts.com.br\/igrejas\/IGRE3535\/wp-json\/wp\/v2\/posts"}],"about":[{"href":"https:\/\/fabricadescripts.com.br\/igrejas\/IGRE3535\/wp-json\/wp\/v2\/types\/post"}],"author":[{"embeddable":true,"href":"https:\/\/fabricadescripts.com.br\/igrejas\/IGRE3535\/wp-json\/wp\/v2\/users\/1"}],"replies":[{"embeddable":true,"href":"https:\/\/fabricadescripts.com.br\/igrejas\/IGRE3535\/wp-json\/wp\/v2\/comments?post=12016"}],"version-history":[{"count":0,"href":"https:\/\/fabricadescripts.com.br\/igrejas\/IGRE3535\/wp-json\/wp\/v2\/posts\/12016\/revisions"}],"wp:featuredmedia":[{"embeddable":true,"href":"https:\/\/fabricadescripts.com.br\/igrejas\/IGRE3535\/wp-json\/wp\/v2\/media\/12017"}],"wp:attachment":[{"href":"https:\/\/fabricadescripts.com.br\/igrejas\/IGRE3535\/wp-json\/wp\/v2\/media?parent=12016"}],"wp:term":[{"taxonomy":"category","embeddable":true,"href":"https:\/\/fabricadescripts.com.br\/igrejas\/IGRE3535\/wp-json\/wp\/v2\/categories?post=12016"},{"taxonomy":"post_tag","embeddable":true,"href":"https:\/\/fabricadescripts.com.br\/igrejas\/IGRE3535\/wp-json\/wp\/v2\/tags?post=12016"}],"curies":[{"name":"wp","href":"https:\/\/api.w.org\/{rel}","templated":true}]}}