{"id":12003,"date":"2026-04-20T01:01:28","date_gmt":"2026-04-20T04:01:28","guid":{"rendered":"https:\/\/fabricadescripts.com.br\/igrejas\/IGRE3535\/cristaos-evangelizam-em-local-de-bailes-funk-em-favela-do-rio-o-ceu-tocou-a-terra\/"},"modified":"2026-04-20T01:01:28","modified_gmt":"2026-04-20T04:01:28","slug":"cristaos-evangelizam-em-local-de-bailes-funk-em-favela-do-rio-o-ceu-tocou-a-terra","status":"publish","type":"post","link":"https:\/\/fabricadescripts.com.br\/igrejas\/IGRE3535\/cristaos-evangelizam-em-local-de-bailes-funk-em-favela-do-rio-o-ceu-tocou-a-terra\/","title":{"rendered":"Crist\u00e3os evangelizam em local de bailes funk em favela do Rio: \u201cO C\u00e9u tocou a terra\u201d"},"content":{"rendered":"<div>\n<p><span>No \u00faltimo s\u00e1bado (11), um grupo de crist\u00e3os realizou uma a\u00e7\u00e3o evangel\u00edstica no mesmo local onde acontecem bailes no Complexo da Mar\u00e9, uma das maiores favelas do <\/span><span><strong>Rio de Janeiro<\/strong><\/span><span>.<\/span><\/p>\n<p><span>A iniciativa foi promovida pela organiza\u00e7\u00e3o Manifesta\u00e7\u00e3o dos Filhos, reunindo volunt\u00e1rios de diferentes igrejas do Brasil para pregar Jesus na Mar\u00e9.<\/span><\/p>\n<p><span>\u201cQuase 600 jovens subiram as vielas em grupos de 5 a 6 pessoas oferecendo ora\u00e7\u00f5es. Nosso grupo, em 100% das vezes que ofereceu, foi muito bem recebido, algo no ar dizia: \u2018N\u00f3s esperamos por isso, nossa carga \u00e9 pesada e pagamos o pre\u00e7o em um sistema do qual n\u00e3o \u00e9 f\u00e1cil ou simples sair\u2019. Havia jovens de muitos estados brasileiros, levando o nome de Jesus e semeando em cora\u00e7\u00f5es para a igreja local seguir com o trabalho\u201d, informou uma volunt\u00e1ria.<\/span><\/p>\n<p><span>Na a\u00e7\u00e3o, o grupo realizou <\/span><strong><span>evangelismo<\/span> <\/strong><span>por meio de dan\u00e7a, louvores, ora\u00e7\u00f5es e da ministra\u00e7\u00e3o da Palavra de Deus. A Igreja Nova Vida, localizada na entrada do Complexo da Mar\u00e9, abrigou o movimento e serviu como ponto de encontro para um momento de conversa, palavra e direcionamento antes das a\u00e7\u00f5es nas ruas.<\/span><\/p>\n<blockquote data-instgrm-permalink=\"https:\/\/www.instagram.com\/reel\/DXA35wAAPW8\/?utm_source=ig_embed&#038;utm_campaign=loading\" data-instgrm-version=\"14\"><\/blockquote>\n<p><span>\u201cO C\u00e9u tocou a terra no Complexo da Mar\u00e9. N\u00e3o foi s\u00f3 um evento, foi amor em movimento. Cada sorriso entregue, cada palavra liberada, cada gesto, tudo carregava um prop\u00f3sito: mostrar que existe um Pai que v\u00ea, cuida e ama. O que vivemos n\u00e3o termina aqui. \u00c9 s\u00f3 o come\u00e7o\u201d, afirmou a organiza\u00e7\u00e3o no Instagram.<\/span><\/p>\n<p><span>Al\u00e9m dos evangelismos, foram oferecidos gratuitamente diversos atendimentos sociais, incluindo servi\u00e7os de sa\u00fade \u2014 como teste de glicemia, orienta\u00e7\u00e3o psicol\u00f3gica, aferi\u00e7\u00e3o de press\u00e3o arterial, avalia\u00e7\u00e3o nutricional e orienta\u00e7\u00f5es com fisioterapeuta.<\/span><\/p>\n<blockquote data-instgrm-permalink=\"https:\/\/www.instagram.com\/p\/DXEtH2Slg28\/?utm_source=ig_embed&#038;utm_campaign=loading\" data-instgrm-version=\"14\"><\/blockquote>\n<p><span>Tamb\u00e9m houve atendimentos na \u00e1rea jur\u00eddica, com orienta\u00e7\u00e3o e elabora\u00e7\u00e3o de curr\u00edculos, e servi\u00e7os de beleza, como corte de cabelo masculino e feminino, manicure, design de sobrancelhas e um bazar social. As crian\u00e7as ainda participaram de atividades recreativas ao longo do evento.<\/span><\/p>\n<p><span>\u201cVimos o amor de Deus sendo demonstrado em cada detalhe. N\u00e3o foi s\u00f3 manifesta\u00e7\u00e3o, foi sobre levar luz onde muitos s\u00f3 enxergam escurid\u00e3o. Em cada abra\u00e7o, cada palavra e cada ora\u00e7\u00e3o, o amor de Deus est\u00e1 semeado no Complexo da Mar\u00e9. O Evangelho n\u00e3o se limita a quatro paredes, ele alcan\u00e7a ruas, becos e cora\u00e7\u00f5es sedentos. Seguimos sendo resposta, sendo voz e sendo presen\u00e7a\u201d, disseram os crist\u00e3os.\u00a0<\/span><\/p>\n<p><strong>\u2018A presen\u00e7a de Deus foi real\u2019<\/strong><\/p>\n<p><span>O pastor Gilberlan Pereira, l\u00edder do movimento crist\u00e3o, nascido e criado no Complexo da Mar\u00e9, \u00e9 um dos testemunhos dos frutos do Evangelho no local.<\/span><\/p>\n<p><span>Conforme o portal de not\u00edcias O Dia, ap\u00f3s a separa\u00e7\u00e3o dos pais, ele se tornou um adolescente revoltado e entrou para o tr\u00e1fico de drogas com apenas 15 anos.<\/span><\/p>\n<p><span>Aos 16, ao chegar a uma boca de fumo, um homem lhe disse: \u201cPastor Gilberlan, eu vejo voc\u00ea pregando para uma multid\u00e3o\u201d. Tempos depois, ele se rendeu a Jesus, abandonou o crime e se tornou pastor.<\/span><\/p>\n<blockquote data-instgrm-permalink=\"https:\/\/www.instagram.com\/reel\/DXApIkEDcON\/?utm_source=ig_embed&#038;utm_campaign=loading\" data-instgrm-version=\"14\"><\/blockquote>\n<p><span>Na a\u00e7\u00e3o do \u00faltimo s\u00e1bado, Gilberlan ministrou a Palavra de Deus \u00e0 comunidade. Segundo ele, a esquina onde ocorreu o encontro era conhecida como \u201cinferninho\u201d, por causa dos bailes realizados na favela.\u00a0<\/span><\/p>\n<p><span>Ao citar a passagem de \u202d\u202dRomanos\u202c \u202d5\u202c:\u202d20\u202c, que diz: \u201cA<\/span><em><span> lei foi concedida para que todos percebessem a gravidade do pecado. Mas, onde abundou o pecado, superabundou a gra\u00e7a<\/span><\/em><span>\u201d.<\/span><\/p>\n<p><span>Ele declarou: \u201cO \u00fanico que \u00e9 capaz de saciar a sede do seu interior se chama Jesus de Nazar\u00e9\u201d.<\/span><\/p>\n<blockquote data-instgrm-permalink=\"https:\/\/www.instagram.com\/reel\/DXE7VvogDFL\/?utm_source=ig_embed&#038;utm_campaign=loading\" data-instgrm-version=\"14\"><\/blockquote>\n<p><span>O m\u00fasico Gustavo Sette, que tamb\u00e9m participou do evangelismo, testemunhou sobre o impacto da a\u00e7\u00e3o na Mar\u00e9:<\/span><\/p>\n<p><span>\u201cNingu\u00e9m me contou, eu vi Jesus na favela. Eu vi Jesus em cada volunt\u00e1rio, em forma simples, no abra\u00e7o, na ora\u00e7\u00e3o, no servi\u00e7o, no amor sendo entregue de forma real e acess\u00edvel. A nossa ora\u00e7\u00e3o \u00e9 para que cada semente plantada ali flores\u00e7a\u201d.<\/span><\/p>\n<p><span>E a organiza\u00e7\u00e3o acrescentou: \u201cVidas foram alcan\u00e7adas, cora\u00e7\u00f5es foram tocados e a presen\u00e7a de Deus foi real em cada momento\u201d.<\/span><\/p>\n<p><span>Nos coment\u00e1rios, uma jovem declarou: \u201cA salva\u00e7\u00e3o do Rio n\u00e3o vai vir de pol\u00edticos e governo, mas sim de Jesus Cristo eu creio\u201d.<\/span><\/p>\n<\/div>\n","protected":false},"excerpt":{"rendered":"<p>No \u00faltimo s\u00e1bado (11), um grupo de crist\u00e3os realizou uma a\u00e7\u00e3o evangel\u00edstica no mesmo local onde acontecem bailes no Complexo da Mar\u00e9, uma das maiores favelas do Rio de Janeiro. A iniciativa foi promovida pela organiza\u00e7\u00e3o Manifesta\u00e7\u00e3o dos Filhos, reunindo volunt\u00e1rios de diferentes igrejas do Brasil para pregar Jesus na Mar\u00e9. \u201cQuase 600 jovens subiram as vielas em grupos de 5 a 6 pessoas oferecendo ora\u00e7\u00f5es. Nosso grupo, em 100% das vezes que ofereceu, foi muito bem recebido, algo no ar dizia: \u2018N\u00f3s esperamos por isso, nossa carga \u00e9 pesada e pagamos o pre\u00e7o em um sistema do qual n\u00e3o \u00e9 f\u00e1cil ou simples sair\u2019. Havia jovens de muitos estados brasileiros, levando o nome de Jesus e semeando em cora\u00e7\u00f5es para a igreja local seguir com o trabalho\u201d, informou uma volunt\u00e1ria. Na a\u00e7\u00e3o, o grupo realizou evangelismo por meio de dan\u00e7a, louvores, ora\u00e7\u00f5es e da ministra\u00e7\u00e3o da Palavra de Deus. A Igreja Nova Vida, localizada na entrada do Complexo da Mar\u00e9, abrigou o movimento e serviu como ponto de encontro para um momento de conversa, palavra e direcionamento antes das a\u00e7\u00f5es nas ruas. \u201cO C\u00e9u tocou a terra no Complexo da Mar\u00e9. N\u00e3o foi s\u00f3 um evento, foi amor em movimento. Cada sorriso entregue, cada palavra liberada, cada gesto, tudo carregava um prop\u00f3sito: mostrar que existe um Pai que v\u00ea, cuida e ama. O que vivemos n\u00e3o termina aqui. \u00c9 s\u00f3 o come\u00e7o\u201d, afirmou a organiza\u00e7\u00e3o no Instagram. Al\u00e9m dos evangelismos, foram oferecidos gratuitamente diversos atendimentos sociais, incluindo servi\u00e7os de sa\u00fade \u2014 como teste de glicemia, orienta\u00e7\u00e3o psicol\u00f3gica, aferi\u00e7\u00e3o de press\u00e3o arterial, avalia\u00e7\u00e3o nutricional e orienta\u00e7\u00f5es com fisioterapeuta. Tamb\u00e9m houve atendimentos na \u00e1rea jur\u00eddica, com orienta\u00e7\u00e3o e elabora\u00e7\u00e3o de curr\u00edculos, e servi\u00e7os de beleza, como corte de cabelo masculino e feminino, manicure, design de sobrancelhas e um bazar social. As crian\u00e7as ainda participaram de atividades recreativas ao longo do evento. \u201cVimos o amor de Deus sendo demonstrado em cada detalhe. N\u00e3o foi s\u00f3 manifesta\u00e7\u00e3o, foi sobre levar luz onde muitos s\u00f3 enxergam escurid\u00e3o. Em cada abra\u00e7o, cada palavra e cada ora\u00e7\u00e3o, o amor de Deus est\u00e1 semeado no Complexo da Mar\u00e9. O Evangelho n\u00e3o se limita a quatro paredes, ele alcan\u00e7a ruas, becos e cora\u00e7\u00f5es sedentos. Seguimos sendo resposta, sendo voz e sendo presen\u00e7a\u201d, disseram os crist\u00e3os.\u00a0 \u2018A presen\u00e7a de Deus foi real\u2019 O pastor Gilberlan Pereira, l\u00edder do movimento crist\u00e3o, nascido e criado no Complexo da Mar\u00e9, \u00e9 um dos testemunhos dos frutos do Evangelho no local. Conforme o portal de not\u00edcias O Dia, ap\u00f3s a separa\u00e7\u00e3o dos pais, ele se tornou um adolescente revoltado e entrou para o tr\u00e1fico de drogas com apenas 15 anos. Aos 16, ao chegar a uma boca de fumo, um homem lhe disse: \u201cPastor Gilberlan, eu vejo voc\u00ea pregando para uma multid\u00e3o\u201d. Tempos depois, ele se rendeu a Jesus, abandonou o crime e se tornou pastor. Na a\u00e7\u00e3o do \u00faltimo s\u00e1bado, Gilberlan ministrou a Palavra de Deus \u00e0 comunidade. Segundo ele, a esquina onde ocorreu o encontro era conhecida como \u201cinferninho\u201d, por causa dos bailes realizados na favela.\u00a0 Ao citar a passagem de \u202d\u202dRomanos\u202c \u202d5\u202c:\u202d20\u202c, que diz: \u201cA lei foi concedida para que todos percebessem a gravidade do pecado. Mas, onde abundou o pecado, superabundou a gra\u00e7a\u201d. Ele declarou: \u201cO \u00fanico que \u00e9 capaz de saciar a sede do seu interior se chama Jesus de Nazar\u00e9\u201d. O m\u00fasico Gustavo Sette, que tamb\u00e9m participou do evangelismo, testemunhou sobre o impacto da a\u00e7\u00e3o na Mar\u00e9: \u201cNingu\u00e9m me contou, eu vi Jesus na favela. Eu vi Jesus em cada volunt\u00e1rio, em forma simples, no abra\u00e7o, na ora\u00e7\u00e3o, no servi\u00e7o, no amor sendo entregue de forma real e acess\u00edvel. A nossa ora\u00e7\u00e3o \u00e9 para que cada semente plantada ali flores\u00e7a\u201d. E a organiza\u00e7\u00e3o acrescentou: \u201cVidas foram alcan\u00e7adas, cora\u00e7\u00f5es foram tocados e a presen\u00e7a de Deus foi real em cada momento\u201d. Nos coment\u00e1rios, uma jovem declarou: \u201cA salva\u00e7\u00e3o do Rio n\u00e3o vai vir de pol\u00edticos e governo, mas sim de Jesus Cristo eu creio\u201d.<\/p>\n","protected":false},"author":1,"featured_media":12004,"comment_status":"closed","ping_status":"closed","sticky":false,"template":"","format":"standard","meta":{"footnotes":""},"categories":[14],"tags":[],"class_list":["post-12003","post","type-post","status-publish","format-standard","has-post-thumbnail","hentry","category-missoes"],"acf":[],"_links":{"self":[{"href":"https:\/\/fabricadescripts.com.br\/igrejas\/IGRE3535\/wp-json\/wp\/v2\/posts\/12003","targetHints":{"allow":["GET"]}}],"collection":[{"href":"https:\/\/fabricadescripts.com.br\/igrejas\/IGRE3535\/wp-json\/wp\/v2\/posts"}],"about":[{"href":"https:\/\/fabricadescripts.com.br\/igrejas\/IGRE3535\/wp-json\/wp\/v2\/types\/post"}],"author":[{"embeddable":true,"href":"https:\/\/fabricadescripts.com.br\/igrejas\/IGRE3535\/wp-json\/wp\/v2\/users\/1"}],"replies":[{"embeddable":true,"href":"https:\/\/fabricadescripts.com.br\/igrejas\/IGRE3535\/wp-json\/wp\/v2\/comments?post=12003"}],"version-history":[{"count":0,"href":"https:\/\/fabricadescripts.com.br\/igrejas\/IGRE3535\/wp-json\/wp\/v2\/posts\/12003\/revisions"}],"wp:featuredmedia":[{"embeddable":true,"href":"https:\/\/fabricadescripts.com.br\/igrejas\/IGRE3535\/wp-json\/wp\/v2\/media\/12004"}],"wp:attachment":[{"href":"https:\/\/fabricadescripts.com.br\/igrejas\/IGRE3535\/wp-json\/wp\/v2\/media?parent=12003"}],"wp:term":[{"taxonomy":"category","embeddable":true,"href":"https:\/\/fabricadescripts.com.br\/igrejas\/IGRE3535\/wp-json\/wp\/v2\/categories?post=12003"},{"taxonomy":"post_tag","embeddable":true,"href":"https:\/\/fabricadescripts.com.br\/igrejas\/IGRE3535\/wp-json\/wp\/v2\/tags?post=12003"}],"curies":[{"name":"wp","href":"https:\/\/api.w.org\/{rel}","templated":true}]}}