{"id":11996,"date":"2026-04-20T01:01:29","date_gmt":"2026-04-20T04:01:29","guid":{"rendered":"https:\/\/fabricadescripts.com.br\/igrejas\/IGRE3535\/jovens-sao-curados-em-culto-na-praca-da-se-apos-oracoes-jesus-os-tocou\/"},"modified":"2026-04-20T01:01:29","modified_gmt":"2026-04-20T04:01:29","slug":"jovens-sao-curados-em-culto-na-praca-da-se-apos-oracoes-jesus-os-tocou","status":"publish","type":"post","link":"https:\/\/fabricadescripts.com.br\/igrejas\/IGRE3535\/jovens-sao-curados-em-culto-na-praca-da-se-apos-oracoes-jesus-os-tocou\/","title":{"rendered":"Jovens s\u00e3o curados em culto na Pra\u00e7a da S\u00e9 ap\u00f3s ora\u00e7\u00f5es: \u2018Jesus os tocou\u2019"},"content":{"rendered":"<div>\n<p><span>Durante um culto evangel\u00edstico ao ar livre na <\/span><span><strong>Pra\u00e7a da S\u00e9<\/strong><\/span><span>, um dos principais pontos tur\u00edsticos de S\u00e3o Paulo, muitos jovens testemunharam que foram curados ap\u00f3s receberem ora\u00e7\u00f5es.<\/span><\/p>\n<p><span>O evento chamado OVERFLOW \u00e9 um encontro realizado toda segunda ter\u00e7a-feira do m\u00eas na Pra\u00e7a da S\u00e9, em S\u00e3o Paulo. Promovido pelo movimento Over Mission, liderado pelo evangelista <\/span><span><strong>Luca Martini<\/strong><\/span><span>, a a\u00e7\u00e3o re\u00fane crist\u00e3os para adorar a Deus e pregar o Evangelho.<\/span><\/p>\n<p><span>Ap\u00f3s um momento de louvor e adora\u00e7\u00e3o, muitos jovens come\u00e7aram a testemunhar a manifesta\u00e7\u00e3o da presen\u00e7a de Deus no local. V\u00e1rios foram tocados e tiveram suas vidas transformadas, enquanto outros relataram milagres.<\/span><\/p>\n<p><span>Em um v\u00eddeo no Instagram, uma menina aparece com uma bota ortop\u00e9dica nas m\u00e3os ap\u00f3s ser curada no local. Minutos depois, outra jovem, que tinha uma doen\u00e7a inflamat\u00f3ria cr\u00f4nica, relatou:<\/span><\/p>\n<blockquote data-instgrm-permalink=\"https:\/\/www.instagram.com\/reel\/DXKseADkQxX\/?utm_source=ig_embed&#038;utm_campaign=loading\" data-instgrm-version=\"14\"><\/blockquote>\n<p><span>\u201cEu tenho um problema de pele chamado psor\u00edase, e os m\u00e9dicos falam que, para curar, eu preciso de inje\u00e7\u00f5es e tudo mais. Causa muita coceira e manchas, e eu estou vendo claramente a minha pele. Ela est\u00e1 clareando, para honra e gl\u00f3ria do Senhor\u201d.<\/span><\/p>\n<p><span>\u201cPorque Jesus te curou hoje. Cristo vive\u201d, declarou Luca. Em seguida, uma mulher, que tamb\u00e9m foi curada de um problema de pele, contou<\/span><\/p>\n<p><span>\u201cEu sa\u00ed do hospital de Tatuap\u00e9 com uma alergia n\u00e3o especificada. Para honra e gl\u00f3ria do Senhor Jesus sumiu! Eu sou filha do Deus vivo\u201d.\u00a0<\/span><\/p>\n<p><span>J\u00e1 Gabriel, que foi diagnosticado com p\u00e9s planos cong\u00eanitos desde o nascimento, testemunhou:<\/span><\/p>\n<p><span>\u201cEu nasci com o p\u00e9 chato, fiz uma cirurgia para tentar fazer ele voltar a ficar certo. Do\u00eda muito para pular, para dan\u00e7ar\u201d. No entanto, ap\u00f3s as ora\u00e7\u00f5es, Gabriel conseguiu pular e adorar a Jesus.<\/span><\/p>\n<blockquote data-instgrm-permalink=\"https:\/\/www.instagram.com\/reel\/DXKjqzLBFan\/?utm_source=ig_embed&#038;utm_campaign=loading\" data-instgrm-version=\"14\"><\/blockquote>\n<p><strong>\u2018\u00c9 s\u00f3 o come\u00e7o\u2019<\/strong><\/p>\n<p><span>Segundo Luca, v\u00e1rios jovens voltaram para suas casas curados naquela noite: \u201cJesus \u00e9 a solu\u00e7\u00e3o, a resposta, o caminho, a verdade, a vida. Ele \u00e9 o p\u00e3o que desceu do c\u00e9u, Ele \u00e9 a \u00e1gua que mata a sede\u201d.<\/span><\/p>\n<p><span>E continuou: \u201cDeus sempre presenteia a gente no final do OVERFLOW com muita alegria. As ruas continuam sendo o nosso lugar e a chama continua acesa. Se voc\u00ea quer saber o que realmente vale a pena viver, \u00e9 isso: pessoas desesperadas por Jesus e Ele vindo ao encontro delas\u201d.<\/span><\/p>\n<blockquote data-instgrm-permalink=\"https:\/\/www.instagram.com\/reel\/DXKt4H8hkq8\/?utm_source=ig_embed&#038;utm_campaign=loading\" data-instgrm-version=\"14\"><\/blockquote>\n<p><span>Os cantores <\/span><span><strong>Isaque Valad\u00e3o<\/strong><\/span><span>, filho da cantora e pastora Ana Paula Valad\u00e3o, e o pastor Rafael Bicudo conduziram o momento de adora\u00e7\u00e3o na capital paulista.<\/span><\/p>\n<p><span>\u201cO Senhor moveu com milagres e maravilhas. A presen\u00e7a do Senhor estava aqui\u201d, afirmou Isaque.<\/span><\/p>\n<p><span>E o pastor Rafael acrescentou: \u201cEu creio que isso \u00e9 s\u00f3 o come\u00e7o do que Deus est\u00e1 fazendo aqui em S\u00e3o Paulo e no Brasil\u201d.<\/span><\/p>\n<\/div>\n","protected":false},"excerpt":{"rendered":"<p>Durante um culto evangel\u00edstico ao ar livre na Pra\u00e7a da S\u00e9, um dos principais pontos tur\u00edsticos de S\u00e3o Paulo, muitos jovens testemunharam que foram curados ap\u00f3s receberem ora\u00e7\u00f5es. O evento chamado OVERFLOW \u00e9 um encontro realizado toda segunda ter\u00e7a-feira do m\u00eas na Pra\u00e7a da S\u00e9, em S\u00e3o Paulo. Promovido pelo movimento Over Mission, liderado pelo evangelista Luca Martini, a a\u00e7\u00e3o re\u00fane crist\u00e3os para adorar a Deus e pregar o Evangelho. Ap\u00f3s um momento de louvor e adora\u00e7\u00e3o, muitos jovens come\u00e7aram a testemunhar a manifesta\u00e7\u00e3o da presen\u00e7a de Deus no local. V\u00e1rios foram tocados e tiveram suas vidas transformadas, enquanto outros relataram milagres. Em um v\u00eddeo no Instagram, uma menina aparece com uma bota ortop\u00e9dica nas m\u00e3os ap\u00f3s ser curada no local. Minutos depois, outra jovem, que tinha uma doen\u00e7a inflamat\u00f3ria cr\u00f4nica, relatou: \u201cEu tenho um problema de pele chamado psor\u00edase, e os m\u00e9dicos falam que, para curar, eu preciso de inje\u00e7\u00f5es e tudo mais. Causa muita coceira e manchas, e eu estou vendo claramente a minha pele. Ela est\u00e1 clareando, para honra e gl\u00f3ria do Senhor\u201d. \u201cPorque Jesus te curou hoje. Cristo vive\u201d, declarou Luca. Em seguida, uma mulher, que tamb\u00e9m foi curada de um problema de pele, contou \u201cEu sa\u00ed do hospital de Tatuap\u00e9 com uma alergia n\u00e3o especificada. Para honra e gl\u00f3ria do Senhor Jesus sumiu! Eu sou filha do Deus vivo\u201d.\u00a0 J\u00e1 Gabriel, que foi diagnosticado com p\u00e9s planos cong\u00eanitos desde o nascimento, testemunhou: \u201cEu nasci com o p\u00e9 chato, fiz uma cirurgia para tentar fazer ele voltar a ficar certo. Do\u00eda muito para pular, para dan\u00e7ar\u201d. No entanto, ap\u00f3s as ora\u00e7\u00f5es, Gabriel conseguiu pular e adorar a Jesus. \u2018\u00c9 s\u00f3 o come\u00e7o\u2019 Segundo Luca, v\u00e1rios jovens voltaram para suas casas curados naquela noite: \u201cJesus \u00e9 a solu\u00e7\u00e3o, a resposta, o caminho, a verdade, a vida. Ele \u00e9 o p\u00e3o que desceu do c\u00e9u, Ele \u00e9 a \u00e1gua que mata a sede\u201d. E continuou: \u201cDeus sempre presenteia a gente no final do OVERFLOW com muita alegria. As ruas continuam sendo o nosso lugar e a chama continua acesa. Se voc\u00ea quer saber o que realmente vale a pena viver, \u00e9 isso: pessoas desesperadas por Jesus e Ele vindo ao encontro delas\u201d. Os cantores Isaque Valad\u00e3o, filho da cantora e pastora Ana Paula Valad\u00e3o, e o pastor Rafael Bicudo conduziram o momento de adora\u00e7\u00e3o na capital paulista. \u201cO Senhor moveu com milagres e maravilhas. A presen\u00e7a do Senhor estava aqui\u201d, afirmou Isaque. E o pastor Rafael acrescentou: \u201cEu creio que isso \u00e9 s\u00f3 o come\u00e7o do que Deus est\u00e1 fazendo aqui em S\u00e3o Paulo e no Brasil\u201d.<\/p>\n","protected":false},"author":1,"featured_media":11997,"comment_status":"closed","ping_status":"closed","sticky":false,"template":"","format":"standard","meta":{"footnotes":""},"categories":[12],"tags":[],"class_list":["post-11996","post","type-post","status-publish","format-standard","has-post-thumbnail","hentry","category-mundo-cristao"],"acf":[],"_links":{"self":[{"href":"https:\/\/fabricadescripts.com.br\/igrejas\/IGRE3535\/wp-json\/wp\/v2\/posts\/11996","targetHints":{"allow":["GET"]}}],"collection":[{"href":"https:\/\/fabricadescripts.com.br\/igrejas\/IGRE3535\/wp-json\/wp\/v2\/posts"}],"about":[{"href":"https:\/\/fabricadescripts.com.br\/igrejas\/IGRE3535\/wp-json\/wp\/v2\/types\/post"}],"author":[{"embeddable":true,"href":"https:\/\/fabricadescripts.com.br\/igrejas\/IGRE3535\/wp-json\/wp\/v2\/users\/1"}],"replies":[{"embeddable":true,"href":"https:\/\/fabricadescripts.com.br\/igrejas\/IGRE3535\/wp-json\/wp\/v2\/comments?post=11996"}],"version-history":[{"count":0,"href":"https:\/\/fabricadescripts.com.br\/igrejas\/IGRE3535\/wp-json\/wp\/v2\/posts\/11996\/revisions"}],"wp:featuredmedia":[{"embeddable":true,"href":"https:\/\/fabricadescripts.com.br\/igrejas\/IGRE3535\/wp-json\/wp\/v2\/media\/11997"}],"wp:attachment":[{"href":"https:\/\/fabricadescripts.com.br\/igrejas\/IGRE3535\/wp-json\/wp\/v2\/media?parent=11996"}],"wp:term":[{"taxonomy":"category","embeddable":true,"href":"https:\/\/fabricadescripts.com.br\/igrejas\/IGRE3535\/wp-json\/wp\/v2\/categories?post=11996"},{"taxonomy":"post_tag","embeddable":true,"href":"https:\/\/fabricadescripts.com.br\/igrejas\/IGRE3535\/wp-json\/wp\/v2\/tags?post=11996"}],"curies":[{"name":"wp","href":"https:\/\/api.w.org\/{rel}","templated":true}]}}