{"id":11980,"date":"2026-04-19T00:00:11","date_gmt":"2026-04-19T03:00:11","guid":{"rendered":"https:\/\/fabricadescripts.com.br\/igrejas\/IGRE3535\/o-maior-perigo-e-fazer-coisas-para-deus-sem-a-presenca-dele-alerta-pastor\/"},"modified":"2026-04-19T00:00:11","modified_gmt":"2026-04-19T03:00:11","slug":"o-maior-perigo-e-fazer-coisas-para-deus-sem-a-presenca-dele-alerta-pastor","status":"publish","type":"post","link":"https:\/\/fabricadescripts.com.br\/igrejas\/IGRE3535\/o-maior-perigo-e-fazer-coisas-para-deus-sem-a-presenca-dele-alerta-pastor\/","title":{"rendered":"\u201cO maior perigo \u00e9 fazer coisas para Deus sem a presen\u00e7a Dele\u201d, alerta pastor"},"content":{"rendered":"<div>\n<p><span>O maior diferencial do crist\u00e3o n\u00e3o est\u00e1 em promessas, milagres ou poder, mas em caminhar com Deus de forma \u00edntima, conforme ensina o pastor <\/span><span><strong>Joel Engel<\/strong><\/span><span>.\u00a0<\/span><\/p>\n<p><span>Em uma ministra\u00e7\u00e3o transmitida ao vivo, Engel falou da ora\u00e7\u00e3o de Mois\u00e9s ap\u00f3s o pecado do bezerro de ouro: \u201cSe a Tua presen\u00e7a n\u00e3o for comigo, n\u00e3o me envie. Eu n\u00e3o vou\u201d.<\/span><\/p>\n<p><span>E destacou: \u201cPromessa sem presen\u00e7a n\u00e3o basta. Vit\u00f3ria sem presen\u00e7a n\u00e3o basta. Heran\u00e7a sem presen\u00e7a n\u00e3o basta\u201d.<\/span><\/p>\n<p><span>Ele ensina que o Mar Vermelho n\u00e3o se abriu apenas por uma ordem de Deus, mas pela manifesta\u00e7\u00e3o da presen\u00e7a naquele momento.<\/span><\/p>\n<p><span>\u201cO Mar Vermelho n\u00e3o se abriria se n\u00e3o fosse a presen\u00e7a de Deus. \u00c9 a presen\u00e7a que abre o mar\u201d, disse.<\/span><\/p>\n<p><span>\u201cVoc\u00ea vai chegar em lugares e situa\u00e7\u00f5es que \u00e9 muito perigoso caminhar sem Deus. O maior perigo \u00e9 continuar caminhando sem a presen\u00e7a\u201d, alertou.<\/span><\/p>\n<p><span>Engel destacou que, no hebraico, a palavra traduzida como \u201cpresen\u00e7a\u201d \u00e9 <\/span><em><span>panim<\/span><\/em><span>, que significa literalmente \u201crosto\u201d ou \u201cface\u201d, indicando a ideia de estar diante de Deus de forma pr\u00f3xima e direta.<\/span><\/p>\n<p><span>\u201cMois\u00e9s n\u00e3o queria s\u00f3 ajuda, n\u00e3o queria s\u00f3 poder. Ele estava dizendo: \u2018Eu quero o teu rosto comigo\u2019\u201d.<\/span><\/p>\n<p><strong>Intimidade exige ren\u00fancia\u00a0<\/strong><\/p>\n<p><span>O pastor tamb\u00e9m destacou a diferen\u00e7a entre buscar poder e buscar comunh\u00e3o com Deus: \u201cMuita gente quer un\u00e7\u00e3o, quer poder, quer resultado. Mas isso n\u00e3o substitui a presen\u00e7a.\u201d<\/span><\/p>\n<p><span>\u201cJesus ensinou a mesma coisa: \u2018Sem mim nada podeis fazer\u2019. N\u00e3o existe vida espiritual sem presen\u00e7a\u201d, disse.<\/span><\/p>\n<p><span>Engel refor\u00e7ou ainda que viver na presen\u00e7a de Deus \u201cdemanda tempo, ren\u00fancia, dedica\u00e7\u00e3o e amor\u201d.<\/span><\/p>\n<p><span>\u201cO celular, a televis\u00e3o, tudo isso entrou e substituiu Deus. As pessoas est\u00e3o correndo atr\u00e1s de bezerros de ouro todos os dias\u201d, disse. \u201cO que voc\u00ea tem trocado pela presen\u00e7a de Deus? Pense nisso.\u201d<\/span><\/p>\n<p><span>Segundo ele, \u00e9 preciso ter profundidade no relacionamento com Deus:<\/span><\/p>\n<p><span>\u201cVoc\u00ea se satisfaz com um culto por semana? Com uma mensagem r\u00e1pida? Deus quer relacionamento, n\u00e3o visitas r\u00e1pidas\u201d.<\/span><\/p>\n<p><span>Engel ent\u00e3o incentiva a reorganizar as prioridades espirituais: \u201cEntregue a sua agenda para Deus. Ele est\u00e1 interessado no seu tempo\u201d.<\/span><\/p>\n<p><span>\u201cPergunta para Deus: quanto tempo o Senhor quer de mim? E come\u00e7a a dar esse tempo para Ele\u201d, disse.<\/span><\/p>\n<p><strong>Alinhamento Prof\u00e9tico 2026<\/strong><\/p>\n<p><span>Durante a live, Joel Engel tamb\u00e9m relacionou a mensagem ao <\/span><span><strong>Alinhamento Prof\u00e9tico 2026<\/strong><\/span><span>, que acontecer\u00e1 nos dias 18 e 19 de abril, em Santa Maria (RS).<\/span><\/p>\n<blockquote data-instgrm-permalink=\"https:\/\/www.instagram.com\/p\/DTfrxahjQGV\/?utm_source=ig_embed&#038;utm_campaign=loading\" data-instgrm-version=\"14\"><\/blockquote>\n<p><span>Segundo ele, o encontro ser\u00e1 um tempo de aprofundamento espiritual e busca intensa pela presen\u00e7a de Deus.<\/span><\/p>\n<p><span>\u201cN\u00e3o \u00e9 s\u00f3 vir para um culto. \u00c9 um tempo de alinhamento, de buscar a presen\u00e7a de verdade\u201d, disse.<\/span><\/p>\n<p><span>Com o tema \u201cAutoridade Delegada\u201d, o Alinhamento Prof\u00e9tico 2026 busca enfatizar que a autoridade espiritual n\u00e3o vem de posi\u00e7\u00e3o ou t\u00edtulo, mas da comunh\u00e3o com Deus.<\/span><\/p>\n<p><span>\u201cQuero ver filhos e filhas profetizando, fam\u00edlias sendo levantadas, porque Jesus est\u00e1 voltando\u201d, afirmou.<\/span><\/p>\n<p><strong>Programa\u00e7\u00e3o e inscri\u00e7\u00f5es<\/strong><\/p>\n<p><span>O Alinhamento Prof\u00e9tico 2026 ter\u00e1 dois dias de programa\u00e7\u00e3o:<\/span><\/p>\n<p><span>&#8211; S\u00e1bado (18 de abril): das 14h \u00e0s 23h<\/span><span><br \/><\/span><span>&#8211; Domingo (19 de abril): das 10h \u00e0s 18h (aproximadamente)<\/span><\/p>\n<p><span>As inscri\u00e7\u00f5es para participar do evento j\u00e1 est\u00e3o dispon\u00edveis online. O valor da entrada \u00e9 de R$ 100 (v\u00e1lido para os dois dias) e as inscri\u00e7\u00f5es podem ser feitas no site: <\/span><span><strong>https:\/\/www.sympla.com.br\/evento\/alinhamento-profetico-2026\/3123330<\/strong><\/span><\/p>\n<p><span>Mais informa\u00e7\u00f5es podem ser obtidas pelo WhatsApp: (55) 99974-8874.<\/span><\/p>\n<p><span>Participantes que desejarem apoio para hospedagem ou passagens tamb\u00e9m podem entrar em contato com Jana \u2013 Ag\u00eancia de Viagens, pelo WhatsApp: (51) 99681-0868.<\/span><\/p>\n<p><em><span>Veja a live completa<\/span><\/em><span>:<\/span><\/p>\n<p><iframe title=\"YouTube video player\" src=\"https:\/\/www.youtube.com\/embed\/Ob5ZhMkJhx8?si=yIgp3J4cNHNZ2dZp\" width=\"560\" height=\"315\" frameborder=\"0\" allowfullscreen=\"allowfullscreen\"><\/iframe><\/p>\n<\/div>\n","protected":false},"excerpt":{"rendered":"<p>O maior diferencial do crist\u00e3o n\u00e3o est\u00e1 em promessas, milagres ou poder, mas em caminhar com Deus de forma \u00edntima, conforme ensina o pastor Joel Engel.\u00a0 Em uma ministra\u00e7\u00e3o transmitida ao vivo, Engel falou da ora\u00e7\u00e3o de Mois\u00e9s ap\u00f3s o pecado do bezerro de ouro: \u201cSe a Tua presen\u00e7a n\u00e3o for comigo, n\u00e3o me envie. Eu n\u00e3o vou\u201d. E destacou: \u201cPromessa sem presen\u00e7a n\u00e3o basta. Vit\u00f3ria sem presen\u00e7a n\u00e3o basta. Heran\u00e7a sem presen\u00e7a n\u00e3o basta\u201d. Ele ensina que o Mar Vermelho n\u00e3o se abriu apenas por uma ordem de Deus, mas pela manifesta\u00e7\u00e3o da presen\u00e7a naquele momento. \u201cO Mar Vermelho n\u00e3o se abriria se n\u00e3o fosse a presen\u00e7a de Deus. \u00c9 a presen\u00e7a que abre o mar\u201d, disse. \u201cVoc\u00ea vai chegar em lugares e situa\u00e7\u00f5es que \u00e9 muito perigoso caminhar sem Deus. O maior perigo \u00e9 continuar caminhando sem a presen\u00e7a\u201d, alertou. Engel destacou que, no hebraico, a palavra traduzida como \u201cpresen\u00e7a\u201d \u00e9 panim, que significa literalmente \u201crosto\u201d ou \u201cface\u201d, indicando a ideia de estar diante de Deus de forma pr\u00f3xima e direta. \u201cMois\u00e9s n\u00e3o queria s\u00f3 ajuda, n\u00e3o queria s\u00f3 poder. Ele estava dizendo: \u2018Eu quero o teu rosto comigo\u2019\u201d. Intimidade exige ren\u00fancia\u00a0 O pastor tamb\u00e9m destacou a diferen\u00e7a entre buscar poder e buscar comunh\u00e3o com Deus: \u201cMuita gente quer un\u00e7\u00e3o, quer poder, quer resultado. Mas isso n\u00e3o substitui a presen\u00e7a.\u201d \u201cJesus ensinou a mesma coisa: \u2018Sem mim nada podeis fazer\u2019. N\u00e3o existe vida espiritual sem presen\u00e7a\u201d, disse. Engel refor\u00e7ou ainda que viver na presen\u00e7a de Deus \u201cdemanda tempo, ren\u00fancia, dedica\u00e7\u00e3o e amor\u201d. \u201cO celular, a televis\u00e3o, tudo isso entrou e substituiu Deus. As pessoas est\u00e3o correndo atr\u00e1s de bezerros de ouro todos os dias\u201d, disse. \u201cO que voc\u00ea tem trocado pela presen\u00e7a de Deus? Pense nisso.\u201d Segundo ele, \u00e9 preciso ter profundidade no relacionamento com Deus: \u201cVoc\u00ea se satisfaz com um culto por semana? Com uma mensagem r\u00e1pida? Deus quer relacionamento, n\u00e3o visitas r\u00e1pidas\u201d. Engel ent\u00e3o incentiva a reorganizar as prioridades espirituais: \u201cEntregue a sua agenda para Deus. Ele est\u00e1 interessado no seu tempo\u201d. \u201cPergunta para Deus: quanto tempo o Senhor quer de mim? E come\u00e7a a dar esse tempo para Ele\u201d, disse. Alinhamento Prof\u00e9tico 2026 Durante a live, Joel Engel tamb\u00e9m relacionou a mensagem ao Alinhamento Prof\u00e9tico 2026, que acontecer\u00e1 nos dias 18 e 19 de abril, em Santa Maria (RS). Segundo ele, o encontro ser\u00e1 um tempo de aprofundamento espiritual e busca intensa pela presen\u00e7a de Deus. \u201cN\u00e3o \u00e9 s\u00f3 vir para um culto. \u00c9 um tempo de alinhamento, de buscar a presen\u00e7a de verdade\u201d, disse. Com o tema \u201cAutoridade Delegada\u201d, o Alinhamento Prof\u00e9tico 2026 busca enfatizar que a autoridade espiritual n\u00e3o vem de posi\u00e7\u00e3o ou t\u00edtulo, mas da comunh\u00e3o com Deus. \u201cQuero ver filhos e filhas profetizando, fam\u00edlias sendo levantadas, porque Jesus est\u00e1 voltando\u201d, afirmou. Programa\u00e7\u00e3o e inscri\u00e7\u00f5es O Alinhamento Prof\u00e9tico 2026 ter\u00e1 dois dias de programa\u00e7\u00e3o: &#8211; S\u00e1bado (18 de abril): das 14h \u00e0s 23h&#8211; Domingo (19 de abril): das 10h \u00e0s 18h (aproximadamente) As inscri\u00e7\u00f5es para participar do evento j\u00e1 est\u00e3o dispon\u00edveis online. O valor da entrada \u00e9 de R$ 100 (v\u00e1lido para os dois dias) e as inscri\u00e7\u00f5es podem ser feitas no site: https:\/\/www.sympla.com.br\/evento\/alinhamento-profetico-2026\/3123330 Mais informa\u00e7\u00f5es podem ser obtidas pelo WhatsApp: (55) 99974-8874. Participantes que desejarem apoio para hospedagem ou passagens tamb\u00e9m podem entrar em contato com Jana \u2013 Ag\u00eancia de Viagens, pelo WhatsApp: (51) 99681-0868. Veja a live completa:<\/p>\n","protected":false},"author":1,"featured_media":11981,"comment_status":"closed","ping_status":"closed","sticky":false,"template":"","format":"standard","meta":{"footnotes":""},"categories":[12],"tags":[],"class_list":["post-11980","post","type-post","status-publish","format-standard","has-post-thumbnail","hentry","category-mundo-cristao"],"acf":[],"_links":{"self":[{"href":"https:\/\/fabricadescripts.com.br\/igrejas\/IGRE3535\/wp-json\/wp\/v2\/posts\/11980","targetHints":{"allow":["GET"]}}],"collection":[{"href":"https:\/\/fabricadescripts.com.br\/igrejas\/IGRE3535\/wp-json\/wp\/v2\/posts"}],"about":[{"href":"https:\/\/fabricadescripts.com.br\/igrejas\/IGRE3535\/wp-json\/wp\/v2\/types\/post"}],"author":[{"embeddable":true,"href":"https:\/\/fabricadescripts.com.br\/igrejas\/IGRE3535\/wp-json\/wp\/v2\/users\/1"}],"replies":[{"embeddable":true,"href":"https:\/\/fabricadescripts.com.br\/igrejas\/IGRE3535\/wp-json\/wp\/v2\/comments?post=11980"}],"version-history":[{"count":0,"href":"https:\/\/fabricadescripts.com.br\/igrejas\/IGRE3535\/wp-json\/wp\/v2\/posts\/11980\/revisions"}],"wp:featuredmedia":[{"embeddable":true,"href":"https:\/\/fabricadescripts.com.br\/igrejas\/IGRE3535\/wp-json\/wp\/v2\/media\/11981"}],"wp:attachment":[{"href":"https:\/\/fabricadescripts.com.br\/igrejas\/IGRE3535\/wp-json\/wp\/v2\/media?parent=11980"}],"wp:term":[{"taxonomy":"category","embeddable":true,"href":"https:\/\/fabricadescripts.com.br\/igrejas\/IGRE3535\/wp-json\/wp\/v2\/categories?post=11980"},{"taxonomy":"post_tag","embeddable":true,"href":"https:\/\/fabricadescripts.com.br\/igrejas\/IGRE3535\/wp-json\/wp\/v2\/tags?post=11980"}],"curies":[{"name":"wp","href":"https:\/\/api.w.org\/{rel}","templated":true}]}}