{"id":11961,"date":"2026-04-17T23:59:30","date_gmt":"2026-04-18T02:59:30","guid":{"rendered":"https:\/\/fabricadescripts.com.br\/igrejas\/IGRE3535\/artigos-serie-fe-crista-e-a-saude-mental-estreia-focada-na-graca-e-no-cuidado-emocional\/"},"modified":"2026-04-17T23:59:30","modified_gmt":"2026-04-18T02:59:30","slug":"artigos-serie-fe-crista-e-a-saude-mental-estreia-focada-na-graca-e-no-cuidado-emocional","status":"publish","type":"post","link":"https:\/\/fabricadescripts.com.br\/igrejas\/IGRE3535\/artigos-serie-fe-crista-e-a-saude-mental-estreia-focada-na-graca-e-no-cuidado-emocional\/","title":{"rendered":"Artigos: S\u00e9rie \u201cF\u00e9 crist\u00e3 e a sa\u00fade mental\u201d estreia focada na gra\u00e7a e no cuidado emocional"},"content":{"rendered":"<div>\n<p>O pastor e escritor <span><strong>Ren\u00e9 Breuel<\/strong> <\/span>iniciou uma nova s\u00e9rie de artigos no <strong>Guiame<\/strong> com um tema cada vez mais urgente dentro das igrejas: a rela\u00e7\u00e3o entre f\u00e9 e sa\u00fade emocional.<\/p>\n<p>Intitulada \u201cF\u00e9 crist\u00e3 e a sa\u00fade mental\u201d, a s\u00e9rie busca oferecer reflex\u00f5es b\u00edblicas, sens\u00edveis e equilibradas sobre ansiedade, depress\u00e3o, esgotamento e outros desafios enfrentados por muitos crist\u00e3os.<\/p>\n<p>O primeiro artigo, <span><strong>\u201cOs crist\u00e3os podem sofrer de doen\u00e7as mentais?\u201d<\/strong>,<\/span> j\u00e1 est\u00e1 dispon\u00edvel e inaugura a proposta de romper estigmas ainda presentes em alguns ambientes religiosos, mostrando que sofrimento emocional n\u00e3o \u00e9 incompat\u00edvel com uma vida de f\u00e9.<\/p>\n<p>Em entrevista ao Guiame, Ren\u00e9 explicou que a f\u00e9 crist\u00e3 n\u00e3o ignora a realidade humana, mas a redime:<\/p>\n<p>\u201cA f\u00e9 crist\u00e3 n\u00e3o nos transporta a outro mundo, mas nos ajuda a reconhecer e redimir a nossa humanidade. Afinal, Jesus se encarnou, viveu e resuscitou como ser humano. Amou, chorou, riu, sofreu e se pode compadecer das nossas fraquezas (Hebreus 4:15-16). Por isso, n\u00e3o temos vergonha de reconhecer os nossos medos, ansiedades, preocupa\u00e7\u00f5es, traumas e fases de depress\u00e3o, como os salmos fazem.\u201d<\/p>\n<p><strong>Vulnerabilidade acolhida pela gra\u00e7a<\/strong><\/p>\n<p>Ao comentar o enfoque da s\u00e9rie, Ren\u00e9 destacou que conceitos centrais do Evangelho, como gra\u00e7a e vulnerabilidade, podem ajudar crist\u00e3os que enfrentam dores emocionais:<\/p>\n<p>\u201cA gra\u00e7a de Cristo nos ajuda trazer a Deus a nossa vulnerabilidade. Saber que podemos sofrer com Jesus e com os nossos irm\u00e3os na f\u00e9 traz reconhecimento e valida\u00e7\u00e3o das nossas emo\u00e7\u00f5es. Foi como Jesus acolheu tantas pessoas que sofriam. O cora\u00e7\u00e3o da reden\u00e7\u00e3o, a cruz de Cristo, mostra um Deus que sofre com n\u00f3s.\u201d<\/p>\n<p>Segundo ele, admitir fragilidades n\u00e3o \u00e9 sinal de fracasso espiritual, mas parte da jornada humana diante de Deus.<\/p>\n<p><strong>Espiritualidade e cuidado emocional<\/strong><\/p>\n<p>Questionado sobre pr\u00e1ticas espirituais que ajudam a integrar f\u00e9 e sa\u00fade mental no cotidiano, Ren\u00e9 apontou tr\u00eas pilares essenciais: ora\u00e7\u00e3o, comunidade e descanso.<\/p>\n<p>\u201cEssas tr\u00eas s\u00e3o fundamentais! N\u00e3o podemos nos isolar de Deus e dos outros. Como Deus disse a Elias quando queria morrer, ele precisava dormir, comer e descansar por um per\u00edodo prolongado tamb\u00e9m.\u201d<\/p>\n<p>Al\u00e9m disso, ele recomenda amizades profundas, espa\u00e7os seguros de escuta e h\u00e1bitos de autoconhecimento.<\/p>\n<p>\u201c\u00c9 importante nutrir amizades da alma em que podemos nos abrir com pessoas de confian\u00e7a, manter um di\u00e1rio que nos ajuda a identificar as nossas emo\u00e7\u00f5es e manter um equil\u00edbrio entre a vida em comunidade e a solitude. Podemos tamb\u00e9m orar os salmos que expressam emo\u00e7\u00f5es para as quais ainda n\u00e3o encontramos palavras&#8221;, diz.<\/p>\n<p>A s\u00e9rie <strong>\u201cF\u00e9 crist\u00e3 e a sa\u00fade mental\u201d<\/strong> promete abordar temas relevantes para quem deseja viver a f\u00e9 crist\u00e3 de forma integral, sem negar a realidade das emo\u00e7\u00f5es humanas.<\/p>\n<p>\u00c9 um convite para leitores \u2013 inclusive para pastores, professores de escolas b\u00edblicas e ministros \u2013 que buscam esperan\u00e7a, equil\u00edbrio e cura em tempos de tanta sobrecarga emocional, seja para si mesmos ou para ajudar aqueles que est\u00e3o sob seus cuidados pastorais.<\/p>\n<\/p>\n<p><em>Ren\u00e9 Breuel \u00e9 pastor, escritor e palestrante, com atua\u00e7\u00e3o voltada \u00e0 f\u00e9 crist\u00e3, cultura e forma\u00e7\u00e3o espiritual.<\/em><\/p>\n<\/div>\n","protected":false},"excerpt":{"rendered":"<p>O pastor e escritor Ren\u00e9 Breuel iniciou uma nova s\u00e9rie de artigos no Guiame com um tema cada vez mais urgente dentro das igrejas: a rela\u00e7\u00e3o entre f\u00e9 e sa\u00fade emocional. Intitulada \u201cF\u00e9 crist\u00e3 e a sa\u00fade mental\u201d, a s\u00e9rie busca oferecer reflex\u00f5es b\u00edblicas, sens\u00edveis e equilibradas sobre ansiedade, depress\u00e3o, esgotamento e outros desafios enfrentados por muitos crist\u00e3os. O primeiro artigo, \u201cOs crist\u00e3os podem sofrer de doen\u00e7as mentais?\u201d, j\u00e1 est\u00e1 dispon\u00edvel e inaugura a proposta de romper estigmas ainda presentes em alguns ambientes religiosos, mostrando que sofrimento emocional n\u00e3o \u00e9 incompat\u00edvel com uma vida de f\u00e9. Em entrevista ao Guiame, Ren\u00e9 explicou que a f\u00e9 crist\u00e3 n\u00e3o ignora a realidade humana, mas a redime: \u201cA f\u00e9 crist\u00e3 n\u00e3o nos transporta a outro mundo, mas nos ajuda a reconhecer e redimir a nossa humanidade. Afinal, Jesus se encarnou, viveu e resuscitou como ser humano. Amou, chorou, riu, sofreu e se pode compadecer das nossas fraquezas (Hebreus 4:15-16). Por isso, n\u00e3o temos vergonha de reconhecer os nossos medos, ansiedades, preocupa\u00e7\u00f5es, traumas e fases de depress\u00e3o, como os salmos fazem.\u201d Vulnerabilidade acolhida pela gra\u00e7a Ao comentar o enfoque da s\u00e9rie, Ren\u00e9 destacou que conceitos centrais do Evangelho, como gra\u00e7a e vulnerabilidade, podem ajudar crist\u00e3os que enfrentam dores emocionais: \u201cA gra\u00e7a de Cristo nos ajuda trazer a Deus a nossa vulnerabilidade. Saber que podemos sofrer com Jesus e com os nossos irm\u00e3os na f\u00e9 traz reconhecimento e valida\u00e7\u00e3o das nossas emo\u00e7\u00f5es. Foi como Jesus acolheu tantas pessoas que sofriam. O cora\u00e7\u00e3o da reden\u00e7\u00e3o, a cruz de Cristo, mostra um Deus que sofre com n\u00f3s.\u201d Segundo ele, admitir fragilidades n\u00e3o \u00e9 sinal de fracasso espiritual, mas parte da jornada humana diante de Deus. Espiritualidade e cuidado emocional Questionado sobre pr\u00e1ticas espirituais que ajudam a integrar f\u00e9 e sa\u00fade mental no cotidiano, Ren\u00e9 apontou tr\u00eas pilares essenciais: ora\u00e7\u00e3o, comunidade e descanso. \u201cEssas tr\u00eas s\u00e3o fundamentais! N\u00e3o podemos nos isolar de Deus e dos outros. Como Deus disse a Elias quando queria morrer, ele precisava dormir, comer e descansar por um per\u00edodo prolongado tamb\u00e9m.\u201d Al\u00e9m disso, ele recomenda amizades profundas, espa\u00e7os seguros de escuta e h\u00e1bitos de autoconhecimento. \u201c\u00c9 importante nutrir amizades da alma em que podemos nos abrir com pessoas de confian\u00e7a, manter um di\u00e1rio que nos ajuda a identificar as nossas emo\u00e7\u00f5es e manter um equil\u00edbrio entre a vida em comunidade e a solitude. Podemos tamb\u00e9m orar os salmos que expressam emo\u00e7\u00f5es para as quais ainda n\u00e3o encontramos palavras&#8221;, diz. A s\u00e9rie \u201cF\u00e9 crist\u00e3 e a sa\u00fade mental\u201d promete abordar temas relevantes para quem deseja viver a f\u00e9 crist\u00e3 de forma integral, sem negar a realidade das emo\u00e7\u00f5es humanas. \u00c9 um convite para leitores \u2013 inclusive para pastores, professores de escolas b\u00edblicas e ministros \u2013 que buscam esperan\u00e7a, equil\u00edbrio e cura em tempos de tanta sobrecarga emocional, seja para si mesmos ou para ajudar aqueles que est\u00e3o sob seus cuidados pastorais. Ren\u00e9 Breuel \u00e9 pastor, escritor e palestrante, com atua\u00e7\u00e3o voltada \u00e0 f\u00e9 crist\u00e3, cultura e forma\u00e7\u00e3o espiritual.<\/p>\n","protected":false},"author":1,"featured_media":11962,"comment_status":"closed","ping_status":"closed","sticky":false,"template":"","format":"standard","meta":{"footnotes":""},"categories":[12],"tags":[],"class_list":["post-11961","post","type-post","status-publish","format-standard","has-post-thumbnail","hentry","category-mundo-cristao"],"acf":[],"_links":{"self":[{"href":"https:\/\/fabricadescripts.com.br\/igrejas\/IGRE3535\/wp-json\/wp\/v2\/posts\/11961","targetHints":{"allow":["GET"]}}],"collection":[{"href":"https:\/\/fabricadescripts.com.br\/igrejas\/IGRE3535\/wp-json\/wp\/v2\/posts"}],"about":[{"href":"https:\/\/fabricadescripts.com.br\/igrejas\/IGRE3535\/wp-json\/wp\/v2\/types\/post"}],"author":[{"embeddable":true,"href":"https:\/\/fabricadescripts.com.br\/igrejas\/IGRE3535\/wp-json\/wp\/v2\/users\/1"}],"replies":[{"embeddable":true,"href":"https:\/\/fabricadescripts.com.br\/igrejas\/IGRE3535\/wp-json\/wp\/v2\/comments?post=11961"}],"version-history":[{"count":0,"href":"https:\/\/fabricadescripts.com.br\/igrejas\/IGRE3535\/wp-json\/wp\/v2\/posts\/11961\/revisions"}],"wp:featuredmedia":[{"embeddable":true,"href":"https:\/\/fabricadescripts.com.br\/igrejas\/IGRE3535\/wp-json\/wp\/v2\/media\/11962"}],"wp:attachment":[{"href":"https:\/\/fabricadescripts.com.br\/igrejas\/IGRE3535\/wp-json\/wp\/v2\/media?parent=11961"}],"wp:term":[{"taxonomy":"category","embeddable":true,"href":"https:\/\/fabricadescripts.com.br\/igrejas\/IGRE3535\/wp-json\/wp\/v2\/categories?post=11961"},{"taxonomy":"post_tag","embeddable":true,"href":"https:\/\/fabricadescripts.com.br\/igrejas\/IGRE3535\/wp-json\/wp\/v2\/tags?post=11961"}],"curies":[{"name":"wp","href":"https:\/\/api.w.org\/{rel}","templated":true}]}}