{"id":11943,"date":"2026-04-16T23:52:09","date_gmt":"2026-04-17T02:52:09","guid":{"rendered":"https:\/\/fabricadescripts.com.br\/igrejas\/IGRE3535\/justica-da-alemanha-e-da-austria-autoriza-oracoes-perto-de-clinicas-de-aborto\/"},"modified":"2026-04-16T23:52:09","modified_gmt":"2026-04-17T02:52:09","slug":"justica-da-alemanha-e-da-austria-autoriza-oracoes-perto-de-clinicas-de-aborto","status":"publish","type":"post","link":"https:\/\/fabricadescripts.com.br\/igrejas\/IGRE3535\/justica-da-alemanha-e-da-austria-autoriza-oracoes-perto-de-clinicas-de-aborto\/","title":{"rendered":"Justi\u00e7a da Alemanha e da \u00c1ustria autoriza ora\u00e7\u00f5es perto de cl\u00ednicas de aborto"},"content":{"rendered":"<div>\n<p>Decis\u00f5es judiciais na Alemanha e na \u00c1ustria voltaram a permitir vig\u00edlias e <span><strong>ora\u00e7\u00f5es pr\u00f3-vida<\/strong><\/span> nas proximidades de cl\u00ednicas de aborto, ap\u00f3s autoridades locais tentarem restringir esse tipo de manifesta\u00e7\u00e3o p\u00fablica.<\/p>\n<p>Segundo os tribunais, express\u00f5es pac\u00edficas de opini\u00e3o e ora\u00e7\u00e3o n\u00e3o podem ser automaticamente tratadas como ass\u00e9dio a mulheres que buscam interromper a gravidez.<\/p>\n<p>Nos \u00faltimos anos, diversos pa\u00edses europeus adotaram medidas para impedir que mulheres em busca de aborto encontrem pessoas tentando dissuadi-las.<\/p>\n<p>Um dos exemplos mais conhecidos \u00e9 o Reino Unido, onde grupos pr\u00f3-vida e defensores das liberdades civis criticaram a cria\u00e7\u00e3o de \u201czonas de exclus\u00e3o\u201d ao redor de cl\u00ednicas.<\/p>\n<p>Crist\u00e3os t\u00eam sido denunciados \u00e0 pol\u00edcia e multados simplesmente por <span><strong>orarem em sil\u00eancio<\/strong><\/span> perto de uma dessas cl\u00ednicas.<\/p>\n<p>Governos de diferentes orienta\u00e7\u00f5es pol\u00edticas adotaram restri\u00e7\u00f5es ao espa\u00e7o p\u00fablico em contextos semelhantes. Ainda assim, em dois pa\u00edses da Europa Central, os ju\u00edzes j\u00e1 anularam essas proibi\u00e7\u00f5es.<\/p>\n<p><strong>Alemanha<\/strong><\/p>\n<p>Na Alemanha, o governo do estado da Ren\u00e2nia do Norte-Vestf\u00e1lia havia proibido, em 2024, que um grupo pr\u00f3-vida se aproximasse a menos de 100 metros de cl\u00ednicas de aborto.<\/p>\n<p>As autoridades citaram a Lei de Conflito da Gravidez, que veta atos de \u201cass\u00e9dio ou intimida\u00e7\u00e3o\u201d a gestantes.<\/p>\n<p>Mas um tribunal em Aachen concluiu que a lei foi aplicada de forma incorreta.<\/p>\n<p>Segundo a decis\u00e3o, o grupo, ativo h\u00e1 cerca de 20 anos promovendo alternativas ao aborto, apenas exibia imagens de Jesus ou de crian\u00e7as, sem abordar diretamente as mulheres nem tentar contato com elas.<\/p>\n<p>Os ju\u00edzes afirmaram que a legisla\u00e7\u00e3o n\u00e3o pro\u00edbe de forma geral a manifesta\u00e7\u00e3o de opini\u00f5es nem a simples exposi\u00e7\u00e3o de mulheres gr\u00e1vidas a opini\u00f5es divergentes.<\/p>\n<p><strong>\u00c1ustria<\/strong><\/p>\n<p>Na \u00c1ustria, um tribunal administrativo de Viena tamb\u00e9m decidiu em favor da liberdade de reuni\u00e3o.<\/p>\n<p>O grupo Jugend F\u00fcrs Leben (\u201cJuventude Pela Vida\u201d) havia anunciado a inten\u00e7\u00e3o de realizar uma \u201cora\u00e7\u00e3o silenciosa e pac\u00edfica pela prote\u00e7\u00e3o, dignidade e preserva\u00e7\u00e3o da vida humana\u201d perto de cl\u00ednicas de aborto.<\/p>\n<p>A a\u00e7\u00e3o chegou a ser denunciada \u00e0 pol\u00edcia e proibida inicialmente, mas depois foi autorizada.<\/p>\n<p>Agora, os magistrados deixaram claro que a ora\u00e7\u00e3o pac\u00edfica constitui uma assembleia protegida pela Constitui\u00e7\u00e3o e que manifesta\u00e7\u00f5es desse tipo n\u00e3o devem ser proibidas no futuro.<\/p>\n<p><strong>Debate continua<\/strong><\/p>\n<p>Apesar das decis\u00f5es, o parlamento austr\u00edaco discute em 2026 uma nova legisla\u00e7\u00e3o sobre ass\u00e9dio em vias p\u00fablicas, o que pode gerar novos obst\u00e1culos para grupos pr\u00f3-vida.<\/p>\n<p>Ainda assim, encontros de ora\u00e7\u00e3o e manifesta\u00e7\u00f5es p\u00fablicas que n\u00e3o envolvam abordagem indesejada dificilmente poderiam ser proibidos diante das garantias constitucionais de liberdade de express\u00e3o e reuni\u00e3o existentes em muitos pa\u00edses europeus.<\/p>\n<p>Segundo o Evangelical Focus, organiza\u00e7\u00f5es pr\u00f3-vida t\u00eam enfrentado hostilidade em diferentes pa\u00edses europeus.<\/p>\n<p>Em Portugal, durante a Marcha Pela Vida de mar\u00e7o de 2026, um indiv\u00edduo identificado pela pol\u00edcia lan\u00e7ou um coquetel molotov contra o evento, sem causar feridos.<\/p>\n<p>J\u00e1 na Su\u00ed\u00e7a, grupos anarquistas violentos tentaram interromper festivais pr\u00f3-vida e entraram em confronto com a pol\u00edcia em diversas ocasi\u00f5es.<\/p>\n<p>Outra preocupa\u00e7\u00e3o pr\u00f3-vida \u00e9 pa\u00edses de toda a Europa v\u00eam liberalizando suas legisla\u00e7\u00f5es sobre o aborto.<\/p>\n<p>O exemplo mais recente \u00e9 o da Inglaterra, onde <span><strong>abortos realizados em casa<\/strong><\/span> deixaram de ser processados, mesmo quando ocorrem ap\u00f3s o prazo legal.<\/p>\n<\/div>\n","protected":false},"excerpt":{"rendered":"<p>Decis\u00f5es judiciais na Alemanha e na \u00c1ustria voltaram a permitir vig\u00edlias e ora\u00e7\u00f5es pr\u00f3-vida nas proximidades de cl\u00ednicas de aborto, ap\u00f3s autoridades locais tentarem restringir esse tipo de manifesta\u00e7\u00e3o p\u00fablica. Segundo os tribunais, express\u00f5es pac\u00edficas de opini\u00e3o e ora\u00e7\u00e3o n\u00e3o podem ser automaticamente tratadas como ass\u00e9dio a mulheres que buscam interromper a gravidez. Nos \u00faltimos anos, diversos pa\u00edses europeus adotaram medidas para impedir que mulheres em busca de aborto encontrem pessoas tentando dissuadi-las. Um dos exemplos mais conhecidos \u00e9 o Reino Unido, onde grupos pr\u00f3-vida e defensores das liberdades civis criticaram a cria\u00e7\u00e3o de \u201czonas de exclus\u00e3o\u201d ao redor de cl\u00ednicas. Crist\u00e3os t\u00eam sido denunciados \u00e0 pol\u00edcia e multados simplesmente por orarem em sil\u00eancio perto de uma dessas cl\u00ednicas. Governos de diferentes orienta\u00e7\u00f5es pol\u00edticas adotaram restri\u00e7\u00f5es ao espa\u00e7o p\u00fablico em contextos semelhantes. Ainda assim, em dois pa\u00edses da Europa Central, os ju\u00edzes j\u00e1 anularam essas proibi\u00e7\u00f5es. Alemanha Na Alemanha, o governo do estado da Ren\u00e2nia do Norte-Vestf\u00e1lia havia proibido, em 2024, que um grupo pr\u00f3-vida se aproximasse a menos de 100 metros de cl\u00ednicas de aborto. As autoridades citaram a Lei de Conflito da Gravidez, que veta atos de \u201cass\u00e9dio ou intimida\u00e7\u00e3o\u201d a gestantes. Mas um tribunal em Aachen concluiu que a lei foi aplicada de forma incorreta. Segundo a decis\u00e3o, o grupo, ativo h\u00e1 cerca de 20 anos promovendo alternativas ao aborto, apenas exibia imagens de Jesus ou de crian\u00e7as, sem abordar diretamente as mulheres nem tentar contato com elas. Os ju\u00edzes afirmaram que a legisla\u00e7\u00e3o n\u00e3o pro\u00edbe de forma geral a manifesta\u00e7\u00e3o de opini\u00f5es nem a simples exposi\u00e7\u00e3o de mulheres gr\u00e1vidas a opini\u00f5es divergentes. \u00c1ustria Na \u00c1ustria, um tribunal administrativo de Viena tamb\u00e9m decidiu em favor da liberdade de reuni\u00e3o. O grupo Jugend F\u00fcrs Leben (\u201cJuventude Pela Vida\u201d) havia anunciado a inten\u00e7\u00e3o de realizar uma \u201cora\u00e7\u00e3o silenciosa e pac\u00edfica pela prote\u00e7\u00e3o, dignidade e preserva\u00e7\u00e3o da vida humana\u201d perto de cl\u00ednicas de aborto. A a\u00e7\u00e3o chegou a ser denunciada \u00e0 pol\u00edcia e proibida inicialmente, mas depois foi autorizada. Agora, os magistrados deixaram claro que a ora\u00e7\u00e3o pac\u00edfica constitui uma assembleia protegida pela Constitui\u00e7\u00e3o e que manifesta\u00e7\u00f5es desse tipo n\u00e3o devem ser proibidas no futuro. Debate continua Apesar das decis\u00f5es, o parlamento austr\u00edaco discute em 2026 uma nova legisla\u00e7\u00e3o sobre ass\u00e9dio em vias p\u00fablicas, o que pode gerar novos obst\u00e1culos para grupos pr\u00f3-vida. Ainda assim, encontros de ora\u00e7\u00e3o e manifesta\u00e7\u00f5es p\u00fablicas que n\u00e3o envolvam abordagem indesejada dificilmente poderiam ser proibidos diante das garantias constitucionais de liberdade de express\u00e3o e reuni\u00e3o existentes em muitos pa\u00edses europeus. Segundo o Evangelical Focus, organiza\u00e7\u00f5es pr\u00f3-vida t\u00eam enfrentado hostilidade em diferentes pa\u00edses europeus. Em Portugal, durante a Marcha Pela Vida de mar\u00e7o de 2026, um indiv\u00edduo identificado pela pol\u00edcia lan\u00e7ou um coquetel molotov contra o evento, sem causar feridos. J\u00e1 na Su\u00ed\u00e7a, grupos anarquistas violentos tentaram interromper festivais pr\u00f3-vida e entraram em confronto com a pol\u00edcia em diversas ocasi\u00f5es. Outra preocupa\u00e7\u00e3o pr\u00f3-vida \u00e9 pa\u00edses de toda a Europa v\u00eam liberalizando suas legisla\u00e7\u00f5es sobre o aborto. O exemplo mais recente \u00e9 o da Inglaterra, onde abortos realizados em casa deixaram de ser processados, mesmo quando ocorrem ap\u00f3s o prazo legal.<\/p>\n","protected":false},"author":1,"featured_media":11944,"comment_status":"closed","ping_status":"closed","sticky":false,"template":"","format":"standard","meta":{"footnotes":""},"categories":[11],"tags":[],"class_list":["post-11943","post","type-post","status-publish","format-standard","has-post-thumbnail","hentry","category-brasil"],"acf":[],"_links":{"self":[{"href":"https:\/\/fabricadescripts.com.br\/igrejas\/IGRE3535\/wp-json\/wp\/v2\/posts\/11943","targetHints":{"allow":["GET"]}}],"collection":[{"href":"https:\/\/fabricadescripts.com.br\/igrejas\/IGRE3535\/wp-json\/wp\/v2\/posts"}],"about":[{"href":"https:\/\/fabricadescripts.com.br\/igrejas\/IGRE3535\/wp-json\/wp\/v2\/types\/post"}],"author":[{"embeddable":true,"href":"https:\/\/fabricadescripts.com.br\/igrejas\/IGRE3535\/wp-json\/wp\/v2\/users\/1"}],"replies":[{"embeddable":true,"href":"https:\/\/fabricadescripts.com.br\/igrejas\/IGRE3535\/wp-json\/wp\/v2\/comments?post=11943"}],"version-history":[{"count":0,"href":"https:\/\/fabricadescripts.com.br\/igrejas\/IGRE3535\/wp-json\/wp\/v2\/posts\/11943\/revisions"}],"wp:featuredmedia":[{"embeddable":true,"href":"https:\/\/fabricadescripts.com.br\/igrejas\/IGRE3535\/wp-json\/wp\/v2\/media\/11944"}],"wp:attachment":[{"href":"https:\/\/fabricadescripts.com.br\/igrejas\/IGRE3535\/wp-json\/wp\/v2\/media?parent=11943"}],"wp:term":[{"taxonomy":"category","embeddable":true,"href":"https:\/\/fabricadescripts.com.br\/igrejas\/IGRE3535\/wp-json\/wp\/v2\/categories?post=11943"},{"taxonomy":"post_tag","embeddable":true,"href":"https:\/\/fabricadescripts.com.br\/igrejas\/IGRE3535\/wp-json\/wp\/v2\/tags?post=11943"}],"curies":[{"name":"wp","href":"https:\/\/api.w.org\/{rel}","templated":true}]}}