{"id":11928,"date":"2026-04-15T22:00:46","date_gmt":"2026-04-16T01:00:46","guid":{"rendered":"https:\/\/fabricadescripts.com.br\/igrejas\/IGRE3535\/cantora-gospel-de-21-anos-morre-apos-acidente-em-parque-de-diversoes-em-mg\/"},"modified":"2026-04-15T22:00:46","modified_gmt":"2026-04-16T01:00:46","slug":"cantora-gospel-de-21-anos-morre-apos-acidente-em-parque-de-diversoes-em-mg","status":"publish","type":"post","link":"https:\/\/fabricadescripts.com.br\/igrejas\/IGRE3535\/cantora-gospel-de-21-anos-morre-apos-acidente-em-parque-de-diversoes-em-mg\/","title":{"rendered":"Cantora gospel de 21 anos morre ap\u00f3s acidente em parque de divers\u00f5es em MG"},"content":{"rendered":"<div>\n<p><span>No \u00faltimo s\u00e1bado (11), uma jovem de 21 anos morreu ap\u00f3s cair de um brinquedo em um parque de divers\u00f5es em Itabirito, na Regi\u00e3o Central de <\/span><span><strong>Minas Gerais<\/strong><\/span><span>. Segundo o Corpo de Bombeiros, uma pe\u00e7a do equipamento se desprendeu, causando o acidente.<\/span><\/p>\n<p><span>A v\u00edtima foi identificada como a <\/span><span><strong>cantora gospel<\/strong><\/span><span> Carolina Beatriz de Deus Maciel. Ela sofreu um traumatismo cranioencef\u00e1lico grave e entrou em parada cardiorrespirat\u00f3ria. Equipes de resgate tentaram reanim\u00e1-la, mas ela n\u00e3o resistiu aos ferimentos.\u00a0<\/span><\/p>\n<p><span>Outras tr\u00eas pessoas \u2014 o irm\u00e3o, a cunhada e a prima \u2014 tiveram ferimentos leves, foram encaminhadas para uma Unidade de Pronto Atendimento (UPA) do munic\u00edpio e receberam alta m\u00e9dica.<\/span><\/p>\n<p><span>Carolina usava as redes sociais para divulgar seu trabalho. No Instagram, ela compartilhava testemunhos e afirmava ser &#8220;separada para Deus&#8221;.<\/span><\/p>\n<p><span>&#8220;A Carolina era uma pessoa muito simples, muito humilde, muito pura. Nova demais, 21 anos de idade, tinha muitos sonhos pela frente. Ela j\u00e1 tinha algumas m\u00fasicas lan\u00e7adas em plataformas digitais, [&#8230;] tinha uma voz maravilhosa&#8221;, disse o primo Daniel Soares ao g1.<\/span><\/p>\n<p><span>E a amiga Laura Martinez relatou \u00e0 r\u00e1dio Itatiaia: \u201cA Carol era muito nova, uma pessoa com muita vida, muito alegre. Ela tinha s\u00f3 21 anos e inclusive tinha gravado o projeto novo dela na semana passada\u201d.<\/span><\/p>\n<p><span>O vel\u00f3rio da cantora gospel ocorreu no \u00faltimo domingo (12) no Cemit\u00e9rio Parque da Esperan\u00e7a, em Itabirito.\u00a0<\/span><\/p>\n<p><span>\u201cMeus sentimentos. Em seu anivers\u00e1rio em dezembro, seu desejo era que ela estivesse falando de Jesus at\u00e9 seu \u00faltimo dia. E de fato aconteceu\u201d, afirmou um internauta nas redes sociais.<\/span><\/p>\n<p><span>Outro acrescentou: \u201cAgora ela est\u00e1 cantando com Jesus. Que Deus possa confortar o cora\u00e7\u00e3o da fam\u00edlia e amigos\u201d.<\/span><\/p>\n<p><strong>O acidente<\/strong><\/p>\n<p><span>O caso ocorreu no Minas Center Park, um parque itinerante instalado no Centro da cidade. Ap\u00f3s o acidente, o brinquedo, conhecido como \u201cminhoc\u00e3o\u201d, foi interditado pela Prefeitura de Itabirito, que informou que o parque possu\u00eda licen\u00e7a para funcionamento.<\/span><\/p>\n<p><span>A per\u00edcia da Pol\u00edcia Civil esteve no local para coletar evid\u00eancias e dar in\u00edcio \u00e0s investiga\u00e7\u00f5es. Dois homens, de 24 e 45 anos, foram levados \u00e0 delegacia e presos em flagrante por les\u00e3o corporal e homic\u00eddio culposo.<\/span><\/p>\n<p><span>Segundo o g1, o suspeito mais velho \u00e9 o propriet\u00e1rio e respons\u00e1vel pelo estabelecimento. J\u00e1 o mais novo operava o brinquedo no momento do acidente.<\/span><\/p>\n<p><span>Em nota, o Minas Center Park, respons\u00e1vel pela atra\u00e7\u00e3o, informou que acionou \u201cprontamente os servi\u00e7os de atendimento\u201d e que est\u00e1 colaborando \u201cintegralmente com as autoridades competentes\u201d.<\/span><\/p>\n<p><span>A empresa tamb\u00e9m afirmou que \u201catua em conformidade com as normas t\u00e9cnicas e de seguran\u00e7a aplic\u00e1veis\u201d e declarou que seguir\u00e1 colaborando com as investiga\u00e7\u00f5es \u201cat\u00e9 o completo esclarecimento dos fatos\u201d.<\/span><\/p>\n<\/div>\n","protected":false},"excerpt":{"rendered":"<p>No \u00faltimo s\u00e1bado (11), uma jovem de 21 anos morreu ap\u00f3s cair de um brinquedo em um parque de divers\u00f5es em Itabirito, na Regi\u00e3o Central de Minas Gerais. Segundo o Corpo de Bombeiros, uma pe\u00e7a do equipamento se desprendeu, causando o acidente. A v\u00edtima foi identificada como a cantora gospel Carolina Beatriz de Deus Maciel. Ela sofreu um traumatismo cranioencef\u00e1lico grave e entrou em parada cardiorrespirat\u00f3ria. Equipes de resgate tentaram reanim\u00e1-la, mas ela n\u00e3o resistiu aos ferimentos.\u00a0 Outras tr\u00eas pessoas \u2014 o irm\u00e3o, a cunhada e a prima \u2014 tiveram ferimentos leves, foram encaminhadas para uma Unidade de Pronto Atendimento (UPA) do munic\u00edpio e receberam alta m\u00e9dica. Carolina usava as redes sociais para divulgar seu trabalho. No Instagram, ela compartilhava testemunhos e afirmava ser &#8220;separada para Deus&#8221;. &#8220;A Carolina era uma pessoa muito simples, muito humilde, muito pura. Nova demais, 21 anos de idade, tinha muitos sonhos pela frente. Ela j\u00e1 tinha algumas m\u00fasicas lan\u00e7adas em plataformas digitais, [&#8230;] tinha uma voz maravilhosa&#8221;, disse o primo Daniel Soares ao g1. E a amiga Laura Martinez relatou \u00e0 r\u00e1dio Itatiaia: \u201cA Carol era muito nova, uma pessoa com muita vida, muito alegre. Ela tinha s\u00f3 21 anos e inclusive tinha gravado o projeto novo dela na semana passada\u201d. O vel\u00f3rio da cantora gospel ocorreu no \u00faltimo domingo (12) no Cemit\u00e9rio Parque da Esperan\u00e7a, em Itabirito.\u00a0 \u201cMeus sentimentos. Em seu anivers\u00e1rio em dezembro, seu desejo era que ela estivesse falando de Jesus at\u00e9 seu \u00faltimo dia. E de fato aconteceu\u201d, afirmou um internauta nas redes sociais. Outro acrescentou: \u201cAgora ela est\u00e1 cantando com Jesus. Que Deus possa confortar o cora\u00e7\u00e3o da fam\u00edlia e amigos\u201d. O acidente O caso ocorreu no Minas Center Park, um parque itinerante instalado no Centro da cidade. Ap\u00f3s o acidente, o brinquedo, conhecido como \u201cminhoc\u00e3o\u201d, foi interditado pela Prefeitura de Itabirito, que informou que o parque possu\u00eda licen\u00e7a para funcionamento. A per\u00edcia da Pol\u00edcia Civil esteve no local para coletar evid\u00eancias e dar in\u00edcio \u00e0s investiga\u00e7\u00f5es. Dois homens, de 24 e 45 anos, foram levados \u00e0 delegacia e presos em flagrante por les\u00e3o corporal e homic\u00eddio culposo. Segundo o g1, o suspeito mais velho \u00e9 o propriet\u00e1rio e respons\u00e1vel pelo estabelecimento. J\u00e1 o mais novo operava o brinquedo no momento do acidente. Em nota, o Minas Center Park, respons\u00e1vel pela atra\u00e7\u00e3o, informou que acionou \u201cprontamente os servi\u00e7os de atendimento\u201d e que est\u00e1 colaborando \u201cintegralmente com as autoridades competentes\u201d. A empresa tamb\u00e9m afirmou que \u201catua em conformidade com as normas t\u00e9cnicas e de seguran\u00e7a aplic\u00e1veis\u201d e declarou que seguir\u00e1 colaborando com as investiga\u00e7\u00f5es \u201cat\u00e9 o completo esclarecimento dos fatos\u201d.<\/p>\n","protected":false},"author":1,"featured_media":11929,"comment_status":"closed","ping_status":"closed","sticky":false,"template":"","format":"standard","meta":{"footnotes":""},"categories":[11],"tags":[],"class_list":["post-11928","post","type-post","status-publish","format-standard","has-post-thumbnail","hentry","category-brasil"],"acf":[],"_links":{"self":[{"href":"https:\/\/fabricadescripts.com.br\/igrejas\/IGRE3535\/wp-json\/wp\/v2\/posts\/11928","targetHints":{"allow":["GET"]}}],"collection":[{"href":"https:\/\/fabricadescripts.com.br\/igrejas\/IGRE3535\/wp-json\/wp\/v2\/posts"}],"about":[{"href":"https:\/\/fabricadescripts.com.br\/igrejas\/IGRE3535\/wp-json\/wp\/v2\/types\/post"}],"author":[{"embeddable":true,"href":"https:\/\/fabricadescripts.com.br\/igrejas\/IGRE3535\/wp-json\/wp\/v2\/users\/1"}],"replies":[{"embeddable":true,"href":"https:\/\/fabricadescripts.com.br\/igrejas\/IGRE3535\/wp-json\/wp\/v2\/comments?post=11928"}],"version-history":[{"count":0,"href":"https:\/\/fabricadescripts.com.br\/igrejas\/IGRE3535\/wp-json\/wp\/v2\/posts\/11928\/revisions"}],"wp:featuredmedia":[{"embeddable":true,"href":"https:\/\/fabricadescripts.com.br\/igrejas\/IGRE3535\/wp-json\/wp\/v2\/media\/11929"}],"wp:attachment":[{"href":"https:\/\/fabricadescripts.com.br\/igrejas\/IGRE3535\/wp-json\/wp\/v2\/media?parent=11928"}],"wp:term":[{"taxonomy":"category","embeddable":true,"href":"https:\/\/fabricadescripts.com.br\/igrejas\/IGRE3535\/wp-json\/wp\/v2\/categories?post=11928"},{"taxonomy":"post_tag","embeddable":true,"href":"https:\/\/fabricadescripts.com.br\/igrejas\/IGRE3535\/wp-json\/wp\/v2\/tags?post=11928"}],"curies":[{"name":"wp","href":"https:\/\/api.w.org\/{rel}","templated":true}]}}