{"id":11911,"date":"2026-04-14T21:03:57","date_gmt":"2026-04-15T00:03:57","guid":{"rendered":"https:\/\/fabricadescripts.com.br\/igrejas\/IGRE3535\/cristas-lavam-os-pes-de-mulheres-em-prisao-durante-evangelismo-de-pascoa-em-goias\/"},"modified":"2026-04-14T21:03:57","modified_gmt":"2026-04-15T00:03:57","slug":"cristas-lavam-os-pes-de-mulheres-em-prisao-durante-evangelismo-de-pascoa-em-goias","status":"publish","type":"post","link":"https:\/\/fabricadescripts.com.br\/igrejas\/IGRE3535\/cristas-lavam-os-pes-de-mulheres-em-prisao-durante-evangelismo-de-pascoa-em-goias\/","title":{"rendered":"Crist\u00e3s lavam os p\u00e9s de mulheres em pris\u00e3o durante evangelismo de P\u00e1scoa em Goi\u00e1s"},"content":{"rendered":"<div>\n<p><span>Na \u00faltima P\u00e1scoa, crist\u00e3s que realizaram uma a\u00e7\u00e3o evangel\u00edstica em um pres\u00eddio feminino no estado de Goi\u00e1s emocionaram ao <\/span><span><strong>lavar os p\u00e9s das detentas<\/strong><\/span><span> e ministrar o amor de Deus em suas vidas.<\/span><\/p>\n<p><span>A a\u00e7\u00e3o foi promovida pela institui\u00e7\u00e3o A.M.E, liderada pela pastora Shaila Manzoni: \u201cPor que n\u00f3s estamos entrando num pres\u00eddio para lavar p\u00e9s? Queria que a gente visse al\u00e9m daquilo que \u00e9 o natural. Estamos aqui para celebrar a P\u00e1scoa com elas\u201d, disse a pastora no local.<\/span><\/p>\n<p><span>Na ocasi\u00e3o, as mulheres <\/span><span><strong>serviram uma refei\u00e7\u00e3o<\/strong><\/span><span>, cantaram louvores e pregaram o Evangelho:\u00a0<\/span><\/p>\n<p><span>\u201cQuando a gente olha para a P\u00e1scoa, a gente v\u00ea um Deus que decidiu estar perto. Tocar nos p\u00e9s de algu\u00e9m talvez seja uma das formas de estar mais perto desse algu\u00e9m\u201d.<\/span><\/p>\n<p><span>\u201cEsse nosso gesto, na verdade, reflete a atitude de Deus. Apesar de sermos n\u00f3s aqui, \u00e9 Deus em n\u00f3s e atrav\u00e9s de n\u00f3s. N\u00e3o tem nada capaz de mudar a vida de uma pessoa a n\u00e3o ser o amor do Senhor\u201d, acrescentou.<\/span><\/p>\n<blockquote data-instgrm-permalink=\"https:\/\/www.instagram.com\/reel\/DXFnDcgkdx6\/?utm_source=ig_embed&#038;utm_campaign=loading\" data-instgrm-version=\"14\"><\/blockquote>\n<p><span>Enquanto lavavam os p\u00e9s das mulheres atr\u00e1s das grades, as crist\u00e3s oravam por elas e se emocionavam ao seguir o exemplo de Jesus.<\/span><\/p>\n<p><span>\u201cO Evangelho n\u00e3o faz sentido dentro da l\u00f3gica do merecimento. A gente gosta de um amor organizado, justo aos nossos olhos, proporcional ao comportamento das pessoas. Mas Deus n\u00e3o. Deus se move em outra l\u00f3gica. Na l\u00f3gica do esc\u00e2ndalo\u201d, explicou Shaila.<\/span><\/p>\n<p><span>E continuou: \u201cO esc\u00e2ndalo n\u00e3o \u00e9 lavar p\u00e9s dentro de um pres\u00eddio. O esc\u00e2ndalo \u00e9 um Deus que decidiu amar assim. O esc\u00e2ndalo n\u00e3o est\u00e1 no gesto. Est\u00e1 no cora\u00e7\u00e3o de Deus. Porque Ele se aproxima onde a gente recuaria. Antes de qualquer transforma\u00e7\u00e3o, houve aproxima\u00e7\u00e3o. E isso desmonta a l\u00f3gica que a gente insiste em manter\u201d.<\/span><\/p>\n<p><strong>\u2018Revelar o amor de Deus\u2019<\/strong><\/p>\n<p><span>A pastora tamb\u00e9m ressaltou que a iniciativa n\u00e3o representa toler\u00e2ncia ao pecado, mas a express\u00e3o do car\u00e1ter de Deus:<\/span><\/p>\n<p><span>\u201cLavar p\u00e9s aqui n\u00e3o \u00e9 romantizar o erro. N\u00e3o \u00e9 relativizar o pecado. N\u00e3o \u00e9 ignorar as consequ\u00eancias. \u00c9 revelar esse Deus. Se isso nos incomoda, talvez seja porque o Evangelho ainda est\u00e1 fazendo o que sempre fez: confrontando a nossa necessidade de decidir quem merece ser amado\u201d.\u00a0<\/span><\/p>\n<blockquote data-instgrm-permalink=\"https:\/\/www.instagram.com\/p\/DXFq2ovkYIv\/?utm_source=ig_embed&#038;utm_campaign=loading\" data-instgrm-version=\"14\"><\/blockquote>\n<p><span>\u201cNa P\u00e1scoa, n\u00e3o celebramos um Deus que ficou \u00e0 dist\u00e2ncia analisando quem era digno. Celebramos um Deus que se aproximou da sujeira, que tocou o intoc\u00e1vel, que amou antes de qualquer mudan\u00e7a acontecer\u201d, acrescentou.<\/span><\/p>\n<p><strong>A.M.E<\/strong><\/p>\n<p><span>Criada oficialmente em 4 de agosto de 2018, a ONG Ame Mulheres Esquecidas (A.M.E) oferece dignidade a mulheres em pres\u00eddios e contribui com a reintegra\u00e7\u00e3o delas \u00e0 sociedade ap\u00f3s o cumprimento da pena.\u00a0<\/span><\/p>\n<p><span>Ap\u00f3s um sonho, onde se via em um pres\u00eddio feminino cuidando de mulheres esquecidas, pastora Shaila Manzoni fundou a institui\u00e7\u00e3o.<\/span><\/p>\n<p><span>A primeira visita a um pres\u00eddio aconteceu apenas em maio de 2020, quase dois anos ap\u00f3s a funda\u00e7\u00e3o, mas foi o ponto de partida para o desenvolvimento de diversos projetos sociais.<\/span><\/p>\n<p><span>Desde ent\u00e3o, a A.M.E. passou a promover a\u00e7\u00f5es, visitas e campanhas de doa\u00e7\u00e3o, al\u00e9m de atrair volunt\u00e1rios engajados com a causa. Em pouco tempo, a ONG deu in\u00edcio ao processo de legaliza\u00e7\u00e3o como associa\u00e7\u00e3o sem fins lucrativos e lan\u00e7ou programas como o Recome\u00e7ar, voltado para a ressocializa\u00e7\u00e3o das detentas.<\/span><\/p>\n<p><span>\u201cEntre idas aos pres\u00eddios, a\u00e7\u00f5es, doa\u00e7\u00f5es e muitos desafios, iniciamos o processo para nos tornarmos uma associa\u00e7\u00e3o sem fins lucrativos\u201d, informou o site da institui\u00e7\u00e3o.\u00a0<\/span><\/p>\n<p><span>Em menos de 2 anos, eles se tornaram uma organiza\u00e7\u00e3o social: \u201cSabemos que n\u00e3o realizamos um trabalho considerado muito \u2018bonito\u2019 e tamb\u00e9m sabemos que esse n\u00e3o \u00e9 o trabalho mais \u2018aceito\u2019, mas, certamente, \u00e9 um dos mais necess\u00e1rios\u201d.<\/span><\/p>\n<p><span>E continuaram: \u201cEstamos em lugares em que a maioria das pessoas n\u00e3o gostaria de estar, lidamos com pessoas que a sociedade insiste em ignorar, mas fazemos isso por elas, porque o Amor n\u00e3o pergunta quem merece, mas quem precisa. Elas precisam de n\u00f3s! O que come\u00e7ou com uma ideia, hoje \u00e9 uma realidade. O Amor est\u00e1 gerando muitos frutos, mas precisamos multiplicar\u201d.<\/span><\/p>\n<\/div>\n","protected":false},"excerpt":{"rendered":"<p>Na \u00faltima P\u00e1scoa, crist\u00e3s que realizaram uma a\u00e7\u00e3o evangel\u00edstica em um pres\u00eddio feminino no estado de Goi\u00e1s emocionaram ao lavar os p\u00e9s das detentas e ministrar o amor de Deus em suas vidas. A a\u00e7\u00e3o foi promovida pela institui\u00e7\u00e3o A.M.E, liderada pela pastora Shaila Manzoni: \u201cPor que n\u00f3s estamos entrando num pres\u00eddio para lavar p\u00e9s? Queria que a gente visse al\u00e9m daquilo que \u00e9 o natural. Estamos aqui para celebrar a P\u00e1scoa com elas\u201d, disse a pastora no local. Na ocasi\u00e3o, as mulheres serviram uma refei\u00e7\u00e3o, cantaram louvores e pregaram o Evangelho:\u00a0 \u201cQuando a gente olha para a P\u00e1scoa, a gente v\u00ea um Deus que decidiu estar perto. Tocar nos p\u00e9s de algu\u00e9m talvez seja uma das formas de estar mais perto desse algu\u00e9m\u201d. \u201cEsse nosso gesto, na verdade, reflete a atitude de Deus. Apesar de sermos n\u00f3s aqui, \u00e9 Deus em n\u00f3s e atrav\u00e9s de n\u00f3s. N\u00e3o tem nada capaz de mudar a vida de uma pessoa a n\u00e3o ser o amor do Senhor\u201d, acrescentou. Enquanto lavavam os p\u00e9s das mulheres atr\u00e1s das grades, as crist\u00e3s oravam por elas e se emocionavam ao seguir o exemplo de Jesus. \u201cO Evangelho n\u00e3o faz sentido dentro da l\u00f3gica do merecimento. A gente gosta de um amor organizado, justo aos nossos olhos, proporcional ao comportamento das pessoas. Mas Deus n\u00e3o. Deus se move em outra l\u00f3gica. Na l\u00f3gica do esc\u00e2ndalo\u201d, explicou Shaila. E continuou: \u201cO esc\u00e2ndalo n\u00e3o \u00e9 lavar p\u00e9s dentro de um pres\u00eddio. O esc\u00e2ndalo \u00e9 um Deus que decidiu amar assim. O esc\u00e2ndalo n\u00e3o est\u00e1 no gesto. Est\u00e1 no cora\u00e7\u00e3o de Deus. Porque Ele se aproxima onde a gente recuaria. Antes de qualquer transforma\u00e7\u00e3o, houve aproxima\u00e7\u00e3o. E isso desmonta a l\u00f3gica que a gente insiste em manter\u201d. \u2018Revelar o amor de Deus\u2019 A pastora tamb\u00e9m ressaltou que a iniciativa n\u00e3o representa toler\u00e2ncia ao pecado, mas a express\u00e3o do car\u00e1ter de Deus: \u201cLavar p\u00e9s aqui n\u00e3o \u00e9 romantizar o erro. N\u00e3o \u00e9 relativizar o pecado. N\u00e3o \u00e9 ignorar as consequ\u00eancias. \u00c9 revelar esse Deus. Se isso nos incomoda, talvez seja porque o Evangelho ainda est\u00e1 fazendo o que sempre fez: confrontando a nossa necessidade de decidir quem merece ser amado\u201d.\u00a0 \u201cNa P\u00e1scoa, n\u00e3o celebramos um Deus que ficou \u00e0 dist\u00e2ncia analisando quem era digno. Celebramos um Deus que se aproximou da sujeira, que tocou o intoc\u00e1vel, que amou antes de qualquer mudan\u00e7a acontecer\u201d, acrescentou. A.M.E Criada oficialmente em 4 de agosto de 2018, a ONG Ame Mulheres Esquecidas (A.M.E) oferece dignidade a mulheres em pres\u00eddios e contribui com a reintegra\u00e7\u00e3o delas \u00e0 sociedade ap\u00f3s o cumprimento da pena.\u00a0 Ap\u00f3s um sonho, onde se via em um pres\u00eddio feminino cuidando de mulheres esquecidas, pastora Shaila Manzoni fundou a institui\u00e7\u00e3o. A primeira visita a um pres\u00eddio aconteceu apenas em maio de 2020, quase dois anos ap\u00f3s a funda\u00e7\u00e3o, mas foi o ponto de partida para o desenvolvimento de diversos projetos sociais. Desde ent\u00e3o, a A.M.E. passou a promover a\u00e7\u00f5es, visitas e campanhas de doa\u00e7\u00e3o, al\u00e9m de atrair volunt\u00e1rios engajados com a causa. Em pouco tempo, a ONG deu in\u00edcio ao processo de legaliza\u00e7\u00e3o como associa\u00e7\u00e3o sem fins lucrativos e lan\u00e7ou programas como o Recome\u00e7ar, voltado para a ressocializa\u00e7\u00e3o das detentas. \u201cEntre idas aos pres\u00eddios, a\u00e7\u00f5es, doa\u00e7\u00f5es e muitos desafios, iniciamos o processo para nos tornarmos uma associa\u00e7\u00e3o sem fins lucrativos\u201d, informou o site da institui\u00e7\u00e3o.\u00a0 Em menos de 2 anos, eles se tornaram uma organiza\u00e7\u00e3o social: \u201cSabemos que n\u00e3o realizamos um trabalho considerado muito \u2018bonito\u2019 e tamb\u00e9m sabemos que esse n\u00e3o \u00e9 o trabalho mais \u2018aceito\u2019, mas, certamente, \u00e9 um dos mais necess\u00e1rios\u201d. E continuaram: \u201cEstamos em lugares em que a maioria das pessoas n\u00e3o gostaria de estar, lidamos com pessoas que a sociedade insiste em ignorar, mas fazemos isso por elas, porque o Amor n\u00e3o pergunta quem merece, mas quem precisa. Elas precisam de n\u00f3s! O que come\u00e7ou com uma ideia, hoje \u00e9 uma realidade. O Amor est\u00e1 gerando muitos frutos, mas precisamos multiplicar\u201d.<\/p>\n","protected":false},"author":1,"featured_media":11912,"comment_status":"closed","ping_status":"closed","sticky":false,"template":"","format":"standard","meta":{"footnotes":""},"categories":[12],"tags":[],"class_list":["post-11911","post","type-post","status-publish","format-standard","has-post-thumbnail","hentry","category-mundo-cristao"],"acf":[],"_links":{"self":[{"href":"https:\/\/fabricadescripts.com.br\/igrejas\/IGRE3535\/wp-json\/wp\/v2\/posts\/11911","targetHints":{"allow":["GET"]}}],"collection":[{"href":"https:\/\/fabricadescripts.com.br\/igrejas\/IGRE3535\/wp-json\/wp\/v2\/posts"}],"about":[{"href":"https:\/\/fabricadescripts.com.br\/igrejas\/IGRE3535\/wp-json\/wp\/v2\/types\/post"}],"author":[{"embeddable":true,"href":"https:\/\/fabricadescripts.com.br\/igrejas\/IGRE3535\/wp-json\/wp\/v2\/users\/1"}],"replies":[{"embeddable":true,"href":"https:\/\/fabricadescripts.com.br\/igrejas\/IGRE3535\/wp-json\/wp\/v2\/comments?post=11911"}],"version-history":[{"count":0,"href":"https:\/\/fabricadescripts.com.br\/igrejas\/IGRE3535\/wp-json\/wp\/v2\/posts\/11911\/revisions"}],"wp:featuredmedia":[{"embeddable":true,"href":"https:\/\/fabricadescripts.com.br\/igrejas\/IGRE3535\/wp-json\/wp\/v2\/media\/11912"}],"wp:attachment":[{"href":"https:\/\/fabricadescripts.com.br\/igrejas\/IGRE3535\/wp-json\/wp\/v2\/media?parent=11911"}],"wp:term":[{"taxonomy":"category","embeddable":true,"href":"https:\/\/fabricadescripts.com.br\/igrejas\/IGRE3535\/wp-json\/wp\/v2\/categories?post=11911"},{"taxonomy":"post_tag","embeddable":true,"href":"https:\/\/fabricadescripts.com.br\/igrejas\/IGRE3535\/wp-json\/wp\/v2\/tags?post=11911"}],"curies":[{"name":"wp","href":"https:\/\/api.w.org\/{rel}","templated":true}]}}