{"id":11907,"date":"2026-04-14T21:03:51","date_gmt":"2026-04-15T00:03:51","guid":{"rendered":"https:\/\/fabricadescripts.com.br\/igrejas\/IGRE3535\/estudantes-tentam-impedir-culto-na-usp-mas-encontro-atrai-1-500-jovens-grande-mover\/"},"modified":"2026-04-14T21:03:51","modified_gmt":"2026-04-15T00:03:51","slug":"estudantes-tentam-impedir-culto-na-usp-mas-encontro-atrai-1-500-jovens-grande-mover","status":"publish","type":"post","link":"https:\/\/fabricadescripts.com.br\/igrejas\/IGRE3535\/estudantes-tentam-impedir-culto-na-usp-mas-encontro-atrai-1-500-jovens-grande-mover\/","title":{"rendered":"Estudantes tentam impedir culto na USP, mas encontro atrai 1.500 jovens: \u201cGrande mover\u201d"},"content":{"rendered":"<div>\n<p><span>O \u00faltimo culto na <\/span><span><strong>USP<\/strong><\/span><span> (Universidade de S\u00e3o Paulo) do <\/span><span><strong>Dunamis Pockets<\/strong><\/span><span>, um grupo de universit\u00e1rios crist\u00e3os, foi marcado por um mover de Deus e tamb\u00e9m por <\/span><span><strong>oposi\u00e7\u00e3o<\/strong><\/span><span>.<\/span><\/p>\n<p><span>No dia 27 de mar\u00e7o, mais de 1.500 estudantes se reuniram na Pra\u00e7a do Rel\u00f3gio, um lugar p\u00fablico ao ar livre dentro da universidade, para adorar e ouvir o Evangelho.<\/span><\/p>\n<p><span>O encontro contou com momentos de louvor e intercess\u00e3o. Os universit\u00e1rios oraram de joelhos, declarando arrependimento e pedindo um despertar espiritual na USP e nas universidades do Brasil.<\/span><\/p>\n<p><span>\u201cFoi um momento muito marcante. Durante o encontro, testemunhamos 14 curas e um grande mover, impactando profundamente a vida de muitos estudantes\u201d, contou Gabriel Namorato l\u00edder do<\/span> <span>Dunamis Pockets, em entrevista ao <\/span><strong>Guiame<\/strong><span>.<\/span><\/p>\n<p><span><br \/><\/span><span><sup><span>Culto do Dunamis Pockets na USP. (Foto: Dunamis Pockets).<\/span><\/sup><\/span><\/p>\n<p><strong>Hostilidade<\/strong><\/p>\n<p><span>Segundo ele, um grupo de estudantes da USP, incomodados com o movimento, tentou impedir e atrapalhar o culto.\u00a0<\/span><\/p>\n<p><span>\u201cEst\u00e1vamos em um momento de arrependimento e ora\u00e7\u00e3o quando algumas pessoas da USP chegaram tentando atrapalhar, com a inten\u00e7\u00e3o de desligar o gerador e a caixa de som. Elas argumentaram que est\u00e1vamos agindo contra a lei, quando, na verdade, est\u00e1vamos dentro de todos os nossos direitos. Os guardas da USP tamb\u00e9m tentaram impedir a reuni\u00e3o\u201d, afirmou Gabriel.<\/span><\/p>\n<p><span>\u201cEm determinado momento, uma mulher chegou a ir at\u00e9 o local onde o evento estava acontecendo. Ela foi em dire\u00e7\u00e3o ao lugar onde estavam os fios conectados \u00e0 caixa de som e come\u00e7ou a falar alto, xingar e falar palavr\u00f5es. Al\u00e9m de empurrar uma das pessoas que estavam servindo no evento\u201d, acrescentou.<\/span><\/p>\n<p><span><br \/><\/span><span><sup><span>Culto do Dunamis Pockets na USP. (Foto: Dunamis Pockets).<\/span><\/sup><\/span><\/p>\n<p><span>Um v\u00eddeo gravado por participantes do culto, que o Guiame teve acesso, mostrou os organizadores tentando conversar com os estudantes contr\u00e1rios ao evento. Por\u00e9m, os alunos alegaram que os crist\u00e3os n\u00e3o tinham o direito de cultuar na universidade.<\/span><\/p>\n<p><span>\u201cAqui \u00e9 p\u00fablico, voc\u00ea n\u00e3o pode fazer prega\u00e7\u00e3o, proselitismo religioso. O nazismo come\u00e7ou assim, com gente completamente fan\u00e1tica e louca\u201d, afirmou um estudante.<\/span><\/p>\n<p><span>Uma estudante afirmou que iria fazer um boletim de ocorr\u00eancia contra o grupo de universit\u00e1rios crist\u00e3os e que desejava que eles fossem punidos pela USP.<\/span><\/p>\n<p><span>\u201cEles querem levar aluno de cabe\u00e7a fraca para o lado deles\u201d, acusou ela. E acrescentou: \u201cEu n\u00e3o quero que eles falem com voc\u00eas, eu quero que eles punam voc\u00eas\u201d.\u00a0<\/span><\/p>\n<blockquote data-instgrm-captioned data-instgrm-permalink=\"https:\/\/www.instagram.com\/reel\/DWhdvqUhP7U\/?utm_source=ig_embed&#038;utm_campaign=loading\" data-instgrm-version=\"14\"><\/blockquote>\n<p><strong>\u201cVoc\u00eas t\u00eam que ir embora\u201d<\/strong><\/p>\n<p><span>Outro aluno afirmou aos crist\u00e3os: \u201cVoc\u00eas precisam recolher os equipamentos e ir embora, voc\u00eas n\u00e3o t\u00eam autoriza\u00e7\u00e3o. Voc\u00eas n\u00e3o deveriam estar nesse lugar\u201d.<\/span><\/p>\n<p><span>Apesar da oposi\u00e7\u00e3o, o culto continuou e foi marcado por frutos espirituais. Muitas pessoas foram curadas ap\u00f3s receberem ora\u00e7\u00e3o, incluindo um jovem que tinha infec\u00e7\u00e3o causada por cobre em um dos olhos e n\u00e3o enxergava bem.<\/span><\/p>\n<p><span>\u201cO m\u00e9dico disse que eu ia perder a vis\u00e3o, eu enxergava 85%, eu estou enxergando 100% agora, estou vendo tudo\u201d, testemunhou o jovem.<\/span><\/p>\n<blockquote data-instgrm-captioned data-instgrm-permalink=\"https:\/\/www.instagram.com\/reel\/DWaT3zMjkyj\/?utm_source=ig_embed&#038;utm_campaign=loading\" data-instgrm-version=\"14\"><\/blockquote>\n<p><strong>Liberdade religiosa garantida pela Constitui\u00e7\u00e3o<\/strong><\/p>\n<p><span>Em v\u00eddeo no Instagram, Gabriel Namorato refutou a fala do estudante de que \u00e9 crime fazer proselitismo religioso em um espa\u00e7o p\u00fablico.<\/span><\/p>\n<p><span>\u201cA Constitui\u00e7\u00e3o Federal garante duas coisas muito claras: liberdade religiosa e liberdade de express\u00e3o. Quando voc\u00ea soma essas duas voc\u00ea tem o direito de pregar aquilo que voc\u00ea acredita. Isso \u00e9 proselitismo religioso e n\u00e3o \u00e9 crime no Brasil\u201d, esclareceu.<\/span><\/p>\n<p><span>\u201cO pr\u00f3prio Supremo Tribunal Federal j\u00e1 se posicionou sobre isso. Em 2018, na ADI (A\u00e7\u00e3o Direta de Inconstitucionalidade) 2566 ficou reafirmado que a liberdade de express\u00e3o protege a manifesta\u00e7\u00e3o religiosa, inclusive a prega\u00e7\u00e3o. Ou seja, o que a gente fez n\u00e3o \u00e9 ilegal\u201d, ressaltou.<\/span><\/p>\n<p><span>E Gabriel acrescentou: \u201cA pessoa chamou a gente de nazistas. Enquanto pregar o Evangelho \u00e9 um direito constitucional, acusar algu\u00e9m falsamente de algo como nazismo pode configurar crime contra a honra\u201d.<\/span><\/p>\n<blockquote data-instgrm-captioned data-instgrm-permalink=\"https:\/\/www.instagram.com\/reel\/DWpKzv_k4LH\/?utm_source=ig_embed&#038;utm_campaign=loading\" data-instgrm-version=\"14\"><\/blockquote>\n<\/div>\n","protected":false},"excerpt":{"rendered":"<p>O \u00faltimo culto na USP (Universidade de S\u00e3o Paulo) do Dunamis Pockets, um grupo de universit\u00e1rios crist\u00e3os, foi marcado por um mover de Deus e tamb\u00e9m por oposi\u00e7\u00e3o. No dia 27 de mar\u00e7o, mais de 1.500 estudantes se reuniram na Pra\u00e7a do Rel\u00f3gio, um lugar p\u00fablico ao ar livre dentro da universidade, para adorar e ouvir o Evangelho. O encontro contou com momentos de louvor e intercess\u00e3o. Os universit\u00e1rios oraram de joelhos, declarando arrependimento e pedindo um despertar espiritual na USP e nas universidades do Brasil. \u201cFoi um momento muito marcante. Durante o encontro, testemunhamos 14 curas e um grande mover, impactando profundamente a vida de muitos estudantes\u201d, contou Gabriel Namorato l\u00edder do Dunamis Pockets, em entrevista ao Guiame. Culto do Dunamis Pockets na USP. (Foto: Dunamis Pockets). Hostilidade Segundo ele, um grupo de estudantes da USP, incomodados com o movimento, tentou impedir e atrapalhar o culto.\u00a0 \u201cEst\u00e1vamos em um momento de arrependimento e ora\u00e7\u00e3o quando algumas pessoas da USP chegaram tentando atrapalhar, com a inten\u00e7\u00e3o de desligar o gerador e a caixa de som. Elas argumentaram que est\u00e1vamos agindo contra a lei, quando, na verdade, est\u00e1vamos dentro de todos os nossos direitos. Os guardas da USP tamb\u00e9m tentaram impedir a reuni\u00e3o\u201d, afirmou Gabriel. \u201cEm determinado momento, uma mulher chegou a ir at\u00e9 o local onde o evento estava acontecendo. Ela foi em dire\u00e7\u00e3o ao lugar onde estavam os fios conectados \u00e0 caixa de som e come\u00e7ou a falar alto, xingar e falar palavr\u00f5es. Al\u00e9m de empurrar uma das pessoas que estavam servindo no evento\u201d, acrescentou. Culto do Dunamis Pockets na USP. (Foto: Dunamis Pockets). Um v\u00eddeo gravado por participantes do culto, que o Guiame teve acesso, mostrou os organizadores tentando conversar com os estudantes contr\u00e1rios ao evento. Por\u00e9m, os alunos alegaram que os crist\u00e3os n\u00e3o tinham o direito de cultuar na universidade. \u201cAqui \u00e9 p\u00fablico, voc\u00ea n\u00e3o pode fazer prega\u00e7\u00e3o, proselitismo religioso. O nazismo come\u00e7ou assim, com gente completamente fan\u00e1tica e louca\u201d, afirmou um estudante. Uma estudante afirmou que iria fazer um boletim de ocorr\u00eancia contra o grupo de universit\u00e1rios crist\u00e3os e que desejava que eles fossem punidos pela USP. \u201cEles querem levar aluno de cabe\u00e7a fraca para o lado deles\u201d, acusou ela. E acrescentou: \u201cEu n\u00e3o quero que eles falem com voc\u00eas, eu quero que eles punam voc\u00eas\u201d.\u00a0 \u201cVoc\u00eas t\u00eam que ir embora\u201d Outro aluno afirmou aos crist\u00e3os: \u201cVoc\u00eas precisam recolher os equipamentos e ir embora, voc\u00eas n\u00e3o t\u00eam autoriza\u00e7\u00e3o. Voc\u00eas n\u00e3o deveriam estar nesse lugar\u201d. Apesar da oposi\u00e7\u00e3o, o culto continuou e foi marcado por frutos espirituais. Muitas pessoas foram curadas ap\u00f3s receberem ora\u00e7\u00e3o, incluindo um jovem que tinha infec\u00e7\u00e3o causada por cobre em um dos olhos e n\u00e3o enxergava bem. \u201cO m\u00e9dico disse que eu ia perder a vis\u00e3o, eu enxergava 85%, eu estou enxergando 100% agora, estou vendo tudo\u201d, testemunhou o jovem. Liberdade religiosa garantida pela Constitui\u00e7\u00e3o Em v\u00eddeo no Instagram, Gabriel Namorato refutou a fala do estudante de que \u00e9 crime fazer proselitismo religioso em um espa\u00e7o p\u00fablico. \u201cA Constitui\u00e7\u00e3o Federal garante duas coisas muito claras: liberdade religiosa e liberdade de express\u00e3o. Quando voc\u00ea soma essas duas voc\u00ea tem o direito de pregar aquilo que voc\u00ea acredita. Isso \u00e9 proselitismo religioso e n\u00e3o \u00e9 crime no Brasil\u201d, esclareceu. \u201cO pr\u00f3prio Supremo Tribunal Federal j\u00e1 se posicionou sobre isso. Em 2018, na ADI (A\u00e7\u00e3o Direta de Inconstitucionalidade) 2566 ficou reafirmado que a liberdade de express\u00e3o protege a manifesta\u00e7\u00e3o religiosa, inclusive a prega\u00e7\u00e3o. Ou seja, o que a gente fez n\u00e3o \u00e9 ilegal\u201d, ressaltou. E Gabriel acrescentou: \u201cA pessoa chamou a gente de nazistas. Enquanto pregar o Evangelho \u00e9 um direito constitucional, acusar algu\u00e9m falsamente de algo como nazismo pode configurar crime contra a honra\u201d.<\/p>\n","protected":false},"author":1,"featured_media":11908,"comment_status":"closed","ping_status":"closed","sticky":false,"template":"","format":"standard","meta":{"footnotes":""},"categories":[11],"tags":[],"class_list":["post-11907","post","type-post","status-publish","format-standard","has-post-thumbnail","hentry","category-brasil"],"acf":[],"_links":{"self":[{"href":"https:\/\/fabricadescripts.com.br\/igrejas\/IGRE3535\/wp-json\/wp\/v2\/posts\/11907","targetHints":{"allow":["GET"]}}],"collection":[{"href":"https:\/\/fabricadescripts.com.br\/igrejas\/IGRE3535\/wp-json\/wp\/v2\/posts"}],"about":[{"href":"https:\/\/fabricadescripts.com.br\/igrejas\/IGRE3535\/wp-json\/wp\/v2\/types\/post"}],"author":[{"embeddable":true,"href":"https:\/\/fabricadescripts.com.br\/igrejas\/IGRE3535\/wp-json\/wp\/v2\/users\/1"}],"replies":[{"embeddable":true,"href":"https:\/\/fabricadescripts.com.br\/igrejas\/IGRE3535\/wp-json\/wp\/v2\/comments?post=11907"}],"version-history":[{"count":0,"href":"https:\/\/fabricadescripts.com.br\/igrejas\/IGRE3535\/wp-json\/wp\/v2\/posts\/11907\/revisions"}],"wp:featuredmedia":[{"embeddable":true,"href":"https:\/\/fabricadescripts.com.br\/igrejas\/IGRE3535\/wp-json\/wp\/v2\/media\/11908"}],"wp:attachment":[{"href":"https:\/\/fabricadescripts.com.br\/igrejas\/IGRE3535\/wp-json\/wp\/v2\/media?parent=11907"}],"wp:term":[{"taxonomy":"category","embeddable":true,"href":"https:\/\/fabricadescripts.com.br\/igrejas\/IGRE3535\/wp-json\/wp\/v2\/categories?post=11907"},{"taxonomy":"post_tag","embeddable":true,"href":"https:\/\/fabricadescripts.com.br\/igrejas\/IGRE3535\/wp-json\/wp\/v2\/tags?post=11907"}],"curies":[{"name":"wp","href":"https:\/\/api.w.org\/{rel}","templated":true}]}}