{"id":11893,"date":"2026-04-13T21:00:14","date_gmt":"2026-04-14T00:00:14","guid":{"rendered":"https:\/\/fabricadescripts.com.br\/igrejas\/IGRE3535\/apos-missao-a-lua-piloto-da-nasa-da-testemunho-de-fe-queria-agradecer-a-deus-em-publico\/"},"modified":"2026-04-13T21:00:14","modified_gmt":"2026-04-14T00:00:14","slug":"apos-missao-a-lua-piloto-da-nasa-da-testemunho-de-fe-queria-agradecer-a-deus-em-publico","status":"publish","type":"post","link":"https:\/\/fabricadescripts.com.br\/igrejas\/IGRE3535\/apos-missao-a-lua-piloto-da-nasa-da-testemunho-de-fe-queria-agradecer-a-deus-em-publico\/","title":{"rendered":"Ap\u00f3s miss\u00e3o \u00e0 Lua, piloto da NASA d\u00e1 testemunho de f\u00e9: \u201cQueria agradecer a Deus em p\u00fablico\u201d"},"content":{"rendered":"<div>\n<p>Dez dias ap\u00f3s uma jornada hist\u00f3rica ao redor da Lua, a tripula\u00e7\u00e3o da <span><strong>miss\u00e3o espacial Artemis II<\/strong><\/span> participou de sua primeira entrevista coletiva p\u00fablica neste s\u00e1bado (11), no Johnson Space Center, em Houston, Texas, um dia ap\u00f3s o retorno seguro \u00e0 Terra.<\/p>\n<p>Durante o encontro, o astronauta <span><strong>Victor Glover<\/strong><\/span> destacou sua gratid\u00e3o a Deus ao relembrar a experi\u00eancia vivida no espa\u00e7o profundo.<\/p>\n<p>Emocionado durante a coletiva, Glover declarou:<\/p>\n<p>\u201cQuando isso come\u00e7ou em 1\u00ba de abril, eu queria agradecer a Deus em p\u00fablico, e quero agradecer a Deus novamente, porque ainda maior do que o desafio de tentar descrever o que passamos, \u00e9 a gratid\u00e3o por ver o que vimos e fazer o que fizemos.\u201d<\/p>\n<blockquote data-instgrm-captioned data-instgrm-permalink=\"https:\/\/www.instagram.com\/reel\/DXAd23diLcb\/?utm_source=ig_embed&#038;utm_campaign=loading\" data-instgrm-version=\"14\"><\/blockquote>\n<p>A miss\u00e3o Artemis II marcou o primeiro voo tripulado ao entorno lunar desde a era Apollo, h\u00e1 54 anos.<\/p>\n<p>A bordo da c\u00e1psula Orion estavam os astronautas Reid Wiseman (comandante), Victor Glover (piloto), Christina Koch e Jeremy Hansen, da Ag\u00eancia Espacial Canadense.<\/p>\n<p>O grupo decolou em 1\u00ba de abril e retornou ap\u00f3s concluir uma expedi\u00e7\u00e3o de cerca de 10 dias, estabelecendo recordes de dist\u00e2ncia humana no espa\u00e7o.<\/p>\n<p>A fala do astronauta repercutir entre crist\u00e3os e l\u00edderes. Entre eles, o cantor e evangelista Sean Feucht:<\/p>\n<p>\u201cIsso \u00e9 t\u00e3o poderoso! At\u00e9 os astronautas est\u00e3o proclamando a Sua gl\u00f3ria!!!\u201d<\/p>\n<p><strong>F\u00e9 crist\u00e3 declarada<\/strong><\/p>\n<p>Antes mesmo da miss\u00e3o Artemis II, Glover j\u00e1 havia falado sobre como sua f\u00e9 o acompanha em cada desafio.<\/p>\n<p>Em entrevista anterior \u00e0 NASA, ele afirmou que sua identidade est\u00e1 firmada em Deus e n\u00e3o apenas na carreira espacial. Em outra ocasi\u00e3o, disse que procura viver com prop\u00f3sito e servir aos outros, princ\u00edpios guiados por sua caminhada crist\u00e3.<\/p>\n<p>O astronauta tamb\u00e9m j\u00e1 compartilhou em eventos p\u00fablicos que a ora\u00e7\u00e3o e a leitura b\u00edblica fazem parte de sua rotina, especialmente em momentos de grande responsabilidade.<\/p>\n<p><strong>Grandiosidade<\/strong><\/p>\n<p>Tanto para quem acompanhou a expedi\u00e7\u00e3o da Terra quanto para os tripulantes da Orion, a grandiosidade do momento foi marcante.<\/p>\n<p>Um pastor em Orlando, Fl\u00f3rida, jantava em um restaurante com um pequeno grupo de sua igreja quando a miss\u00e3o foi lan\u00e7ada em 1\u00ba de abril.<\/p>\n<p>O grupo entrou no estacionamento para admirar o foguete que ganhava o c\u00e9u do in\u00edcio da noite.<\/p>\n<p>\u201cVoc\u00ea apenas olha para cima e se sente maravilhado, grandiosidade e pequenez ao mesmo tempo\u201d, disse o pastor Jim Davis.<\/p>\n<p>A astronauta Christina Koch, tripulante e especialista em miss\u00f5es em Artemis II, relatou ao controle da miss\u00e3o esta semana:<\/p>\n<p>\u201cEu s\u00f3 tinha uma sensa\u00e7\u00e3o esmagadora de ser movido olhando para a lua. Durou apenas um segundo ou dois, e eu realmente n\u00e3o consegui fazer isso acontecer novamente, mas algo apenas me jogou de repente para a paisagem lunar e se tornou real.\u201d<\/p>\n<p>A miss\u00e3o Artemis II \u00e9 considerada um passo decisivo para os pr\u00f3ximos voos do programa Artemis, que pretende levar novamente astronautas \u00e0 superf\u00edcie lunar e preparar futuras miss\u00f5es a Marte.<\/p>\n<\/div>\n","protected":false},"excerpt":{"rendered":"<p>Dez dias ap\u00f3s uma jornada hist\u00f3rica ao redor da Lua, a tripula\u00e7\u00e3o da miss\u00e3o espacial Artemis II participou de sua primeira entrevista coletiva p\u00fablica neste s\u00e1bado (11), no Johnson Space Center, em Houston, Texas, um dia ap\u00f3s o retorno seguro \u00e0 Terra. Durante o encontro, o astronauta Victor Glover destacou sua gratid\u00e3o a Deus ao relembrar a experi\u00eancia vivida no espa\u00e7o profundo. Emocionado durante a coletiva, Glover declarou: \u201cQuando isso come\u00e7ou em 1\u00ba de abril, eu queria agradecer a Deus em p\u00fablico, e quero agradecer a Deus novamente, porque ainda maior do que o desafio de tentar descrever o que passamos, \u00e9 a gratid\u00e3o por ver o que vimos e fazer o que fizemos.\u201d A miss\u00e3o Artemis II marcou o primeiro voo tripulado ao entorno lunar desde a era Apollo, h\u00e1 54 anos. A bordo da c\u00e1psula Orion estavam os astronautas Reid Wiseman (comandante), Victor Glover (piloto), Christina Koch e Jeremy Hansen, da Ag\u00eancia Espacial Canadense. O grupo decolou em 1\u00ba de abril e retornou ap\u00f3s concluir uma expedi\u00e7\u00e3o de cerca de 10 dias, estabelecendo recordes de dist\u00e2ncia humana no espa\u00e7o. A fala do astronauta repercutir entre crist\u00e3os e l\u00edderes. Entre eles, o cantor e evangelista Sean Feucht: \u201cIsso \u00e9 t\u00e3o poderoso! At\u00e9 os astronautas est\u00e3o proclamando a Sua gl\u00f3ria!!!\u201d F\u00e9 crist\u00e3 declarada Antes mesmo da miss\u00e3o Artemis II, Glover j\u00e1 havia falado sobre como sua f\u00e9 o acompanha em cada desafio. Em entrevista anterior \u00e0 NASA, ele afirmou que sua identidade est\u00e1 firmada em Deus e n\u00e3o apenas na carreira espacial. Em outra ocasi\u00e3o, disse que procura viver com prop\u00f3sito e servir aos outros, princ\u00edpios guiados por sua caminhada crist\u00e3. O astronauta tamb\u00e9m j\u00e1 compartilhou em eventos p\u00fablicos que a ora\u00e7\u00e3o e a leitura b\u00edblica fazem parte de sua rotina, especialmente em momentos de grande responsabilidade. Grandiosidade Tanto para quem acompanhou a expedi\u00e7\u00e3o da Terra quanto para os tripulantes da Orion, a grandiosidade do momento foi marcante. Um pastor em Orlando, Fl\u00f3rida, jantava em um restaurante com um pequeno grupo de sua igreja quando a miss\u00e3o foi lan\u00e7ada em 1\u00ba de abril. O grupo entrou no estacionamento para admirar o foguete que ganhava o c\u00e9u do in\u00edcio da noite. \u201cVoc\u00ea apenas olha para cima e se sente maravilhado, grandiosidade e pequenez ao mesmo tempo\u201d, disse o pastor Jim Davis. A astronauta Christina Koch, tripulante e especialista em miss\u00f5es em Artemis II, relatou ao controle da miss\u00e3o esta semana: \u201cEu s\u00f3 tinha uma sensa\u00e7\u00e3o esmagadora de ser movido olhando para a lua. Durou apenas um segundo ou dois, e eu realmente n\u00e3o consegui fazer isso acontecer novamente, mas algo apenas me jogou de repente para a paisagem lunar e se tornou real.\u201d A miss\u00e3o Artemis II \u00e9 considerada um passo decisivo para os pr\u00f3ximos voos do programa Artemis, que pretende levar novamente astronautas \u00e0 superf\u00edcie lunar e preparar futuras miss\u00f5es a Marte.<\/p>\n","protected":false},"author":1,"featured_media":11894,"comment_status":"closed","ping_status":"closed","sticky":false,"template":"","format":"standard","meta":{"footnotes":""},"categories":[11],"tags":[],"class_list":["post-11893","post","type-post","status-publish","format-standard","has-post-thumbnail","hentry","category-brasil"],"acf":[],"_links":{"self":[{"href":"https:\/\/fabricadescripts.com.br\/igrejas\/IGRE3535\/wp-json\/wp\/v2\/posts\/11893","targetHints":{"allow":["GET"]}}],"collection":[{"href":"https:\/\/fabricadescripts.com.br\/igrejas\/IGRE3535\/wp-json\/wp\/v2\/posts"}],"about":[{"href":"https:\/\/fabricadescripts.com.br\/igrejas\/IGRE3535\/wp-json\/wp\/v2\/types\/post"}],"author":[{"embeddable":true,"href":"https:\/\/fabricadescripts.com.br\/igrejas\/IGRE3535\/wp-json\/wp\/v2\/users\/1"}],"replies":[{"embeddable":true,"href":"https:\/\/fabricadescripts.com.br\/igrejas\/IGRE3535\/wp-json\/wp\/v2\/comments?post=11893"}],"version-history":[{"count":0,"href":"https:\/\/fabricadescripts.com.br\/igrejas\/IGRE3535\/wp-json\/wp\/v2\/posts\/11893\/revisions"}],"wp:featuredmedia":[{"embeddable":true,"href":"https:\/\/fabricadescripts.com.br\/igrejas\/IGRE3535\/wp-json\/wp\/v2\/media\/11894"}],"wp:attachment":[{"href":"https:\/\/fabricadescripts.com.br\/igrejas\/IGRE3535\/wp-json\/wp\/v2\/media?parent=11893"}],"wp:term":[{"taxonomy":"category","embeddable":true,"href":"https:\/\/fabricadescripts.com.br\/igrejas\/IGRE3535\/wp-json\/wp\/v2\/categories?post=11893"},{"taxonomy":"post_tag","embeddable":true,"href":"https:\/\/fabricadescripts.com.br\/igrejas\/IGRE3535\/wp-json\/wp\/v2\/tags?post=11893"}],"curies":[{"name":"wp","href":"https:\/\/api.w.org\/{rel}","templated":true}]}}