{"id":11858,"date":"2026-04-10T19:58:12","date_gmt":"2026-04-10T22:58:12","guid":{"rendered":"https:\/\/fabricadescripts.com.br\/igrejas\/IGRE3535\/43-cristaos-sao-mortos-por-terroristas-em-ataque-no-congo-decapitados-e-queimados\/"},"modified":"2026-04-10T19:58:12","modified_gmt":"2026-04-10T22:58:12","slug":"43-cristaos-sao-mortos-por-terroristas-em-ataque-no-congo-decapitados-e-queimados","status":"publish","type":"post","link":"https:\/\/fabricadescripts.com.br\/igrejas\/IGRE3535\/43-cristaos-sao-mortos-por-terroristas-em-ataque-no-congo-decapitados-e-queimados\/","title":{"rendered":"43 crist\u00e3os s\u00e3o mortos por terroristas em ataque no Congo: \u201cDecapitados e queimados\u201d"},"content":{"rendered":"<div>\n<p><span>Mais um ataque a crist\u00e3os durante a <\/span><span><strong>Semana Santa<\/strong><\/span><span> foi registrado. Terroristas das <\/span><span><strong>For\u00e7as Aliadas Democr\u00e1ticas<\/strong><\/span><span> (ADF), um grupo extremista aliado ao Estado Isl\u00e2mico, atacaram a vila de Bafwakao, no territ\u00f3rio de Mambasa, na Rep\u00fablica Democr\u00e1tica do <\/span><span><strong>Congo<\/strong><\/span><span>.<\/span><\/p>\n<p><span>Segundo a International Christian Concern (ICC), organiza\u00e7\u00e3o que monitora a persegui\u00e7\u00e3o no mundo, mais de 40 crist\u00e3os foram mortos no ataque, que aconteceu na v\u00e9spera da Sexta-feira Santa (2).<\/span><\/p>\n<p><span>&#8220;O n\u00famero inicial de mortos de 43 pode aumentar ainda mais. Algumas v\u00edtimas foram queimadas dentro de suas casas, e outras ainda est\u00e3o no mato&#8221;, relatou um l\u00edder comunit\u00e1rio local.<\/span><\/p>\n<p><span>Ele descreveu a brutalidade em que a comunidade crist\u00e3 foi assassinada, incluindo mulheres e crian\u00e7as.<\/span><\/p>\n<p><span>&#8220;Os atacantes surpreenderam a popula\u00e7\u00e3o enquanto dormiam. As v\u00edtimas foram mortas por tiros, e v\u00e1rias foram decapitadas com fac\u00f5es. As imagens s\u00e3o insuport\u00e1veis\u201d, disse.<\/span><\/p>\n<p><span>Em sess\u00e3o da Assembleia Nacional do Congo, Aim\u00e9 Boji, o presidente da Assembleia, condenou o ataque e lamentou a morte dos crist\u00e3os.<\/span><\/p>\n<p><span>\u201cV\u00e1rias dezenas de nossos compatriotas, incluindo o chefe da vila, foram brutalmente mortos por terroristas das ADF. Casas foram incendiadas e muitas pessoas sequestradas. Em nome da Assembleia Nacional, condenamos veementemente esses atos chocantes e instamos o governo a fazer tudo o que for poss\u00edvel para parar esses assassinatos e proteger nossos compatriotas nesta parte do territ\u00f3rio nacional\u201d, declarou.<\/span><\/p>\n<p><strong>Onda de viol\u00eancia<\/strong><\/p>\n<p><span>Durante uma coletiva de imprensa, Patrick Muyaya, porta-voz do governo congol\u00eas, defendeu a necessidade de uma resposta firme \u00e0 onda de viol\u00eancia provocada pelas For\u00e7as de Defesa Armadas de Defesa no pa\u00eds.<\/span><\/p>\n<p><span>\u201cOpera\u00e7\u00f5es militares direcionadas est\u00e3o sendo intensificadas para rastrear e desmantelar redes terroristas. A popula\u00e7\u00e3o \u00e9 instada a permanecer vigilante, cooperar com as for\u00e7as de defesa e seguran\u00e7a, e a relatar qualquer atividade suspeita que possa ajudar a eliminar essa amea\u00e7a\u201d, afirmou Muyaya.<\/span><\/p>\n<p><span>\u201cCondenamos fortemente esses atos e estamos trabalhando em estreita colabora\u00e7\u00e3o com os governadores militares de Ituri e do Kivu do Norte para conter essa amea\u00e7a. Tamb\u00e9m reafirmamos nossa solidariedade com todas as comunidades afetadas\u201d.<\/span><\/p>\n<p><span>Em janeiro, terroristas das ADF tamb\u00e9m <\/span><span><strong>assassinaram 25 crist\u00e3os<\/strong><\/span><span> em um ataque brutal na vila de Apakolu, durante a madrugada.<\/span><\/p>\n<p><span>\u201cEles iam de porta em porta, executando civis sem piedade e incendiando casas\u201d, disse um agricultor ao International Christian Concern.<\/span><\/p>\n<p><strong>Quem s\u00e3o as ADF<\/strong><\/p>\n<p><span>O grupo ADF teve origem em Uganda, nos anos 1990, e desde 2002 opera no leste do Congo.<\/span><\/p>\n<p><span>Em 2019, fez juramento de fidelidade ao Estado Isl\u00e2mico, o que lhe confere perfil de milit\u00e2ncia islamista-radical.<\/span><\/p>\n<p><span>Especialistas apontam que as ADF aumentaram sua letalidade nos \u00faltimos anos, com ataques sistem\u00e1ticos contra civis \u2013 muitas vezes em zonas remotas do Congo, com pouca prote\u00e7\u00e3o do governo.<\/span><\/p>\n<p><span>A Rep\u00fablica Democr\u00e1tica do Congo ocupa a 29\u00aa posi\u00e7\u00e3o na Lista Mundial da Persegui\u00e7\u00e3o 2026 da Miss\u00e3o Portas Abertas.<\/span><\/p>\n<\/div>\n","protected":false},"excerpt":{"rendered":"<p>Mais um ataque a crist\u00e3os durante a Semana Santa foi registrado. Terroristas das For\u00e7as Aliadas Democr\u00e1ticas (ADF), um grupo extremista aliado ao Estado Isl\u00e2mico, atacaram a vila de Bafwakao, no territ\u00f3rio de Mambasa, na Rep\u00fablica Democr\u00e1tica do Congo. Segundo a International Christian Concern (ICC), organiza\u00e7\u00e3o que monitora a persegui\u00e7\u00e3o no mundo, mais de 40 crist\u00e3os foram mortos no ataque, que aconteceu na v\u00e9spera da Sexta-feira Santa (2). &#8220;O n\u00famero inicial de mortos de 43 pode aumentar ainda mais. Algumas v\u00edtimas foram queimadas dentro de suas casas, e outras ainda est\u00e3o no mato&#8221;, relatou um l\u00edder comunit\u00e1rio local. Ele descreveu a brutalidade em que a comunidade crist\u00e3 foi assassinada, incluindo mulheres e crian\u00e7as. &#8220;Os atacantes surpreenderam a popula\u00e7\u00e3o enquanto dormiam. As v\u00edtimas foram mortas por tiros, e v\u00e1rias foram decapitadas com fac\u00f5es. As imagens s\u00e3o insuport\u00e1veis\u201d, disse. Em sess\u00e3o da Assembleia Nacional do Congo, Aim\u00e9 Boji, o presidente da Assembleia, condenou o ataque e lamentou a morte dos crist\u00e3os. \u201cV\u00e1rias dezenas de nossos compatriotas, incluindo o chefe da vila, foram brutalmente mortos por terroristas das ADF. Casas foram incendiadas e muitas pessoas sequestradas. Em nome da Assembleia Nacional, condenamos veementemente esses atos chocantes e instamos o governo a fazer tudo o que for poss\u00edvel para parar esses assassinatos e proteger nossos compatriotas nesta parte do territ\u00f3rio nacional\u201d, declarou. Onda de viol\u00eancia Durante uma coletiva de imprensa, Patrick Muyaya, porta-voz do governo congol\u00eas, defendeu a necessidade de uma resposta firme \u00e0 onda de viol\u00eancia provocada pelas For\u00e7as de Defesa Armadas de Defesa no pa\u00eds. \u201cOpera\u00e7\u00f5es militares direcionadas est\u00e3o sendo intensificadas para rastrear e desmantelar redes terroristas. A popula\u00e7\u00e3o \u00e9 instada a permanecer vigilante, cooperar com as for\u00e7as de defesa e seguran\u00e7a, e a relatar qualquer atividade suspeita que possa ajudar a eliminar essa amea\u00e7a\u201d, afirmou Muyaya. \u201cCondenamos fortemente esses atos e estamos trabalhando em estreita colabora\u00e7\u00e3o com os governadores militares de Ituri e do Kivu do Norte para conter essa amea\u00e7a. Tamb\u00e9m reafirmamos nossa solidariedade com todas as comunidades afetadas\u201d. Em janeiro, terroristas das ADF tamb\u00e9m assassinaram 25 crist\u00e3os em um ataque brutal na vila de Apakolu, durante a madrugada. \u201cEles iam de porta em porta, executando civis sem piedade e incendiando casas\u201d, disse um agricultor ao International Christian Concern. Quem s\u00e3o as ADF O grupo ADF teve origem em Uganda, nos anos 1990, e desde 2002 opera no leste do Congo. Em 2019, fez juramento de fidelidade ao Estado Isl\u00e2mico, o que lhe confere perfil de milit\u00e2ncia islamista-radical. Especialistas apontam que as ADF aumentaram sua letalidade nos \u00faltimos anos, com ataques sistem\u00e1ticos contra civis \u2013 muitas vezes em zonas remotas do Congo, com pouca prote\u00e7\u00e3o do governo. A Rep\u00fablica Democr\u00e1tica do Congo ocupa a 29\u00aa posi\u00e7\u00e3o na Lista Mundial da Persegui\u00e7\u00e3o 2026 da Miss\u00e3o Portas Abertas.<\/p>\n","protected":false},"author":1,"featured_media":11859,"comment_status":"closed","ping_status":"closed","sticky":false,"template":"","format":"standard","meta":{"footnotes":""},"categories":[14],"tags":[],"class_list":["post-11858","post","type-post","status-publish","format-standard","has-post-thumbnail","hentry","category-missoes"],"acf":[],"_links":{"self":[{"href":"https:\/\/fabricadescripts.com.br\/igrejas\/IGRE3535\/wp-json\/wp\/v2\/posts\/11858","targetHints":{"allow":["GET"]}}],"collection":[{"href":"https:\/\/fabricadescripts.com.br\/igrejas\/IGRE3535\/wp-json\/wp\/v2\/posts"}],"about":[{"href":"https:\/\/fabricadescripts.com.br\/igrejas\/IGRE3535\/wp-json\/wp\/v2\/types\/post"}],"author":[{"embeddable":true,"href":"https:\/\/fabricadescripts.com.br\/igrejas\/IGRE3535\/wp-json\/wp\/v2\/users\/1"}],"replies":[{"embeddable":true,"href":"https:\/\/fabricadescripts.com.br\/igrejas\/IGRE3535\/wp-json\/wp\/v2\/comments?post=11858"}],"version-history":[{"count":0,"href":"https:\/\/fabricadescripts.com.br\/igrejas\/IGRE3535\/wp-json\/wp\/v2\/posts\/11858\/revisions"}],"wp:featuredmedia":[{"embeddable":true,"href":"https:\/\/fabricadescripts.com.br\/igrejas\/IGRE3535\/wp-json\/wp\/v2\/media\/11859"}],"wp:attachment":[{"href":"https:\/\/fabricadescripts.com.br\/igrejas\/IGRE3535\/wp-json\/wp\/v2\/media?parent=11858"}],"wp:term":[{"taxonomy":"category","embeddable":true,"href":"https:\/\/fabricadescripts.com.br\/igrejas\/IGRE3535\/wp-json\/wp\/v2\/categories?post=11858"},{"taxonomy":"post_tag","embeddable":true,"href":"https:\/\/fabricadescripts.com.br\/igrejas\/IGRE3535\/wp-json\/wp\/v2\/tags?post=11858"}],"curies":[{"name":"wp","href":"https:\/\/api.w.org\/{rel}","templated":true}]}}