{"id":11842,"date":"2026-04-10T19:58:02","date_gmt":"2026-04-10T22:58:02","guid":{"rendered":"https:\/\/fabricadescripts.com.br\/igrejas\/IGRE3535\/mortes-por-eutanasia-chegam-a-quase-15-000-na-belgica-e-na-holanda\/"},"modified":"2026-04-10T19:58:02","modified_gmt":"2026-04-10T22:58:02","slug":"mortes-por-eutanasia-chegam-a-quase-15-000-na-belgica-e-na-holanda","status":"publish","type":"post","link":"https:\/\/fabricadescripts.com.br\/igrejas\/IGRE3535\/mortes-por-eutanasia-chegam-a-quase-15-000-na-belgica-e-na-holanda\/","title":{"rendered":"Mortes por eutan\u00e1sia chegam a quase 15.000 na B\u00e9lgica e na Holanda"},"content":{"rendered":"<div>\n<p>O total de mortes por<span> <strong>eutan\u00e1sia<\/strong> <\/span>chegou a patamares in\u00e9ditos na B\u00e9lgica e nos Pa\u00edses Baixos em 2025. Na Holanda, o procedimento respondeu por 6% de todos os \u00f3bitos registrados no pa\u00eds, enquanto na B\u00e9lgica representou 4%.<\/p>\n<p>Na <span><strong>B\u00e9lgica<\/strong><\/span>, a Comiss\u00e3o Federal de Controle e Avalia\u00e7\u00e3o da Eutan\u00e1sia (FCCEE) contabilizou 4.486 mortes por suic\u00eddio assistido ou eutan\u00e1sia em 2025 \u2013 o maior total anual desde a legaliza\u00e7\u00e3o do procedimento no pa\u00eds.<\/p>\n<p>O n\u00famero representa um aumento superior a 12% em rela\u00e7\u00e3o ao ano anterior e um crescimento de 1.809% na compara\u00e7\u00e3o com as 235 mortes registradas no primeiro ano completo de vig\u00eancia da lei, em 2003.<\/p>\n<p>As principais condi\u00e7\u00f5es que motivaram os pedidos de eutan\u00e1sia foram o c\u00e2ncer, respons\u00e1vel por quase metade dos casos, seguido pelas polipatologias, que representaram 30% do total \u2013 um aumento de 2,7% em rela\u00e7\u00e3o a 2024.<\/p>\n<p>Tamb\u00e9m houve um leve aumento nos casos de eutan\u00e1sia associados a condi\u00e7\u00f5es psiqui\u00e1tricas (1,6%) e a dist\u00farbios cognitivos (1,7%).<\/p>\n<p>Segundo a FCCEE, a maioria dos pacientes tinha mais de 70 anos (74%), sendo que 45% deles tinham mais de 80 anos. J\u00e1 os casos de eutan\u00e1sia em pessoas com menos de 40 anos seguem sendo raros.<\/p>\n<p>Em quase um quarto dos casos de eutan\u00e1sia e suic\u00eddio assistido, a morte n\u00e3o era considerada iminente. Esse contingente segue em crescimento, passando de 932 casos em 2024 para 1.117 em 2025.<\/p>\n<p><strong>Transtornos mentais<\/strong><\/p>\n<p>Na <span><strong>Holanda<\/strong><\/span>, segundo os Comit\u00eas Regionais de Revis\u00e3o da Eutan\u00e1sia (RTE), foram registradas 10.341 mortes por suic\u00eddio assistido ou eutan\u00e1sia em 2025 \u2013 um aumento de 3,8% em rela\u00e7\u00e3o ao ano anterior.<\/p>\n<p>O relat\u00f3rio tamb\u00e9m apontou que 174 pedidos de eutan\u00e1sia em 2025 estavam relacionados a transtornos mentais. O n\u00famero representa 45 solicita\u00e7\u00f5es a menos do que em 2024, uma queda de quase 21%. Nenhum dos casos envolveu pacientes menores de idade.<\/p>\n<p>Al\u00e9m disso, 85% dos casos de eutan\u00e1sia tiveram como causa condi\u00e7\u00f5es f\u00edsicas comuns, como c\u00e2ncer, doen\u00e7as do sistema nervoso, problemas pulmonares e enfermidades cardiovasculares.<\/p>\n<p>A RTE informa que a maioria das pessoas que solicitaram a chamada morte digna tinha mais de 70 anos (75%) e que um \u00fanico caso envolveu um adolescente entre 12 e 18 anos, que morreu por meio da eutan\u00e1sia.<\/p>\n<p>Atualmente, sete casos est\u00e3o sob investiga\u00e7\u00e3o para apurar poss\u00edveis irregularidades, diante da suspeita de que o m\u00e9dico respons\u00e1vel n\u00e3o tenha cumprido os crit\u00e9rios legais de cuidados exigidos.<\/p>\n<\/div>\n","protected":false},"excerpt":{"rendered":"<p>O total de mortes por eutan\u00e1sia chegou a patamares in\u00e9ditos na B\u00e9lgica e nos Pa\u00edses Baixos em 2025. Na Holanda, o procedimento respondeu por 6% de todos os \u00f3bitos registrados no pa\u00eds, enquanto na B\u00e9lgica representou 4%. Na B\u00e9lgica, a Comiss\u00e3o Federal de Controle e Avalia\u00e7\u00e3o da Eutan\u00e1sia (FCCEE) contabilizou 4.486 mortes por suic\u00eddio assistido ou eutan\u00e1sia em 2025 \u2013 o maior total anual desde a legaliza\u00e7\u00e3o do procedimento no pa\u00eds. O n\u00famero representa um aumento superior a 12% em rela\u00e7\u00e3o ao ano anterior e um crescimento de 1.809% na compara\u00e7\u00e3o com as 235 mortes registradas no primeiro ano completo de vig\u00eancia da lei, em 2003. As principais condi\u00e7\u00f5es que motivaram os pedidos de eutan\u00e1sia foram o c\u00e2ncer, respons\u00e1vel por quase metade dos casos, seguido pelas polipatologias, que representaram 30% do total \u2013 um aumento de 2,7% em rela\u00e7\u00e3o a 2024. Tamb\u00e9m houve um leve aumento nos casos de eutan\u00e1sia associados a condi\u00e7\u00f5es psiqui\u00e1tricas (1,6%) e a dist\u00farbios cognitivos (1,7%). Segundo a FCCEE, a maioria dos pacientes tinha mais de 70 anos (74%), sendo que 45% deles tinham mais de 80 anos. J\u00e1 os casos de eutan\u00e1sia em pessoas com menos de 40 anos seguem sendo raros. Em quase um quarto dos casos de eutan\u00e1sia e suic\u00eddio assistido, a morte n\u00e3o era considerada iminente. Esse contingente segue em crescimento, passando de 932 casos em 2024 para 1.117 em 2025. Transtornos mentais Na Holanda, segundo os Comit\u00eas Regionais de Revis\u00e3o da Eutan\u00e1sia (RTE), foram registradas 10.341 mortes por suic\u00eddio assistido ou eutan\u00e1sia em 2025 \u2013 um aumento de 3,8% em rela\u00e7\u00e3o ao ano anterior. O relat\u00f3rio tamb\u00e9m apontou que 174 pedidos de eutan\u00e1sia em 2025 estavam relacionados a transtornos mentais. O n\u00famero representa 45 solicita\u00e7\u00f5es a menos do que em 2024, uma queda de quase 21%. Nenhum dos casos envolveu pacientes menores de idade. Al\u00e9m disso, 85% dos casos de eutan\u00e1sia tiveram como causa condi\u00e7\u00f5es f\u00edsicas comuns, como c\u00e2ncer, doen\u00e7as do sistema nervoso, problemas pulmonares e enfermidades cardiovasculares. A RTE informa que a maioria das pessoas que solicitaram a chamada morte digna tinha mais de 70 anos (75%) e que um \u00fanico caso envolveu um adolescente entre 12 e 18 anos, que morreu por meio da eutan\u00e1sia. Atualmente, sete casos est\u00e3o sob investiga\u00e7\u00e3o para apurar poss\u00edveis irregularidades, diante da suspeita de que o m\u00e9dico respons\u00e1vel n\u00e3o tenha cumprido os crit\u00e9rios legais de cuidados exigidos.<\/p>\n","protected":false},"author":1,"featured_media":11843,"comment_status":"closed","ping_status":"closed","sticky":false,"template":"","format":"standard","meta":{"footnotes":""},"categories":[11],"tags":[],"class_list":["post-11842","post","type-post","status-publish","format-standard","has-post-thumbnail","hentry","category-brasil"],"acf":[],"_links":{"self":[{"href":"https:\/\/fabricadescripts.com.br\/igrejas\/IGRE3535\/wp-json\/wp\/v2\/posts\/11842","targetHints":{"allow":["GET"]}}],"collection":[{"href":"https:\/\/fabricadescripts.com.br\/igrejas\/IGRE3535\/wp-json\/wp\/v2\/posts"}],"about":[{"href":"https:\/\/fabricadescripts.com.br\/igrejas\/IGRE3535\/wp-json\/wp\/v2\/types\/post"}],"author":[{"embeddable":true,"href":"https:\/\/fabricadescripts.com.br\/igrejas\/IGRE3535\/wp-json\/wp\/v2\/users\/1"}],"replies":[{"embeddable":true,"href":"https:\/\/fabricadescripts.com.br\/igrejas\/IGRE3535\/wp-json\/wp\/v2\/comments?post=11842"}],"version-history":[{"count":0,"href":"https:\/\/fabricadescripts.com.br\/igrejas\/IGRE3535\/wp-json\/wp\/v2\/posts\/11842\/revisions"}],"wp:featuredmedia":[{"embeddable":true,"href":"https:\/\/fabricadescripts.com.br\/igrejas\/IGRE3535\/wp-json\/wp\/v2\/media\/11843"}],"wp:attachment":[{"href":"https:\/\/fabricadescripts.com.br\/igrejas\/IGRE3535\/wp-json\/wp\/v2\/media?parent=11842"}],"wp:term":[{"taxonomy":"category","embeddable":true,"href":"https:\/\/fabricadescripts.com.br\/igrejas\/IGRE3535\/wp-json\/wp\/v2\/categories?post=11842"},{"taxonomy":"post_tag","embeddable":true,"href":"https:\/\/fabricadescripts.com.br\/igrejas\/IGRE3535\/wp-json\/wp\/v2\/tags?post=11842"}],"curies":[{"name":"wp","href":"https:\/\/api.w.org\/{rel}","templated":true}]}}