{"id":11830,"date":"2026-04-09T18:23:59","date_gmt":"2026-04-09T21:23:59","guid":{"rendered":"https:\/\/fabricadescripts.com.br\/igrejas\/IGRE3535\/do-espaco-astronauta-da-artemis-ii-deixa-mensagem-de-pascoa-a-terra-foi-criada-para-nos\/"},"modified":"2026-04-09T18:23:59","modified_gmt":"2026-04-09T21:23:59","slug":"do-espaco-astronauta-da-artemis-ii-deixa-mensagem-de-pascoa-a-terra-foi-criada-para-nos","status":"publish","type":"post","link":"https:\/\/fabricadescripts.com.br\/igrejas\/IGRE3535\/do-espaco-astronauta-da-artemis-ii-deixa-mensagem-de-pascoa-a-terra-foi-criada-para-nos\/","title":{"rendered":"Do espa\u00e7o, astronauta da Artemis II deixa mensagem de P\u00e1scoa: \u201cA Terra foi criada para n\u00f3s\u201d"},"content":{"rendered":"<div>\n<p><span>O astronauta crist\u00e3o,<\/span><span><strong> Victor Glover<\/strong><\/span><span>, enviou uma mensagem de P\u00e1scoa do espa\u00e7o, durante a miss\u00e3o Artemis II da <\/span><span><strong>NASA<\/strong><\/span><span>, que segue em dire\u00e7\u00e3o \u00e0 Lua.<\/span><\/p>\n<p><span>Durante uma transmiss\u00e3o da tripula\u00e7\u00e3o para a Terra no s\u00e1bado (4), o apresentador perguntou a Glover se tinha uma mensagem para a data especial.<\/span><\/p>\n<p><span>\u201cNa Apollo 8, teve uma leitura memor\u00e1vel de G\u00eanesis na v\u00e9spera de Natal. Voc\u00ea tem alguma mensagem que gostaria de compartilhar do espa\u00e7o sobre o Domingo de P\u00e1scoa?\u201d, afirmou.<\/span><\/p>\n<p><span>E Victor respondeu: \u201cEu n\u00e3o preparei nada. Mas fico feliz que voc\u00ea tenha mencionado isso. Acho que essas celebra\u00e7\u00f5es s\u00e3o importantes, e como estamos t\u00e3o longe da Terra e olhando para tr\u00e1s, para a beleza da cria\u00e7\u00e3o, para mim, uma das perspectivas pessoais mais importantes que tenho aqui \u00e9 que consigo ver a Terra como uma coisa s\u00f3\u201d.<\/span><\/p>\n<p><span>Em seu discurso, o astronauta citou a B\u00edblia e mencionou a Terra como uma incr\u00edvel cria\u00e7\u00e3o de Deus para a humanidade.<\/span><\/p>\n<p><span>\u201cQuando leio a B\u00edblia e vejo todas as coisas incr\u00edveis que foram feitas para n\u00f3s penso: voc\u00eas t\u00eam este lugar incr\u00edvel, esta nave espacial. Voc\u00eas est\u00e3o falando conosco porque estamos em uma nave espacial muito distante da Terra, mas voc\u00eas est\u00e3o em uma nave espacial chamada Terra, que foi criada para nos dar um lugar para viver no universo, no cosmos\u201d, declarou ele.<\/span><\/p>\n<p><span>\u201cAcho que talvez a dist\u00e2ncia entre n\u00f3s fa\u00e7a voc\u00eas pensarem que o que estamos fazendo \u00e9 especial, mas estamos \u00e0 mesma dist\u00e2ncia de voc\u00eas, e estou tentando dizer a voc\u00eas: confiem em mim, voc\u00eas s\u00e3o especiais\u201d.<\/span><\/p>\n<p><span>Victor Glover refletiu sobre a import\u00e2ncia da uni\u00e3o entre os seres humanos que compartilham o mesmo lar: a Terra.<\/span><\/p>\n<p><span>\u201cEm meio a todo esse vazio, a esse nada absoluto, a essa coisa que chamamos de universo, existe esse o\u00e1sis, esse lugar lindo onde existimos juntos\u201d, destacou.\u00a0<\/span><\/p>\n<p><span>E finalizou: \u201cAcho que, ao nos aproximarmos do Domingo de P\u00e1scoa, refletindo sobre todas as culturas ao redor do mundo, independentemente se celebrarmos ou n\u00e3o a P\u00e1scoa, se acreditarmos em Deus ou n\u00e3o, esta \u00e9 uma oportunidade para nos lembrarmos de onde estamos, quem somos e que somos todos iguais, e que temos que passar por isso juntos\u201d.<\/span><\/p>\n<blockquote data-instgrm-captioned data-instgrm-permalink=\"https:\/\/www.instagram.com\/reel\/DWupZW0mb2k\/?utm_source=ig_embed&#038;utm_campaign=loading\" data-instgrm-version=\"14\"><\/blockquote>\n<p><strong>Miss\u00e3o Artemis II<\/strong><\/p>\n<p><span>Victor Glover atua como piloto na primeira miss\u00e3o tripulada da NASA \u00e0 Lua em 54 anos.<\/span><\/p>\n<p><span>A miss\u00e3o Artemis II decolou do Centro Espacial Kennedy, em Cabo Canaveral, na Fl\u00f3rida, na quarta-feira (1\u00ba), levando quatro astronautas a bordo da c\u00e1psula Orion em uma jornada de cerca de 10 dias ao redor da Lua.<\/span><\/p>\n<p><span>Durante o voo, os astronautas ir\u00e3o contornar a Lua \u2013 sem pousar \u2013 em uma trajet\u00f3ria de ida e volta, testando sistemas vitais da espa\u00e7onave Orion, como suporte \u00e0 vida, navega\u00e7\u00e3o e comunica\u00e7\u00e3o.<\/span><\/p>\n<p><span>Capit\u00e3o da Marinha dos EUA, Glover costuma fazer declara\u00e7\u00f5es de f\u00e9. Durante a confer\u00eancia de imprensa em que foi anunciado como piloto da miss\u00e3o Artemis II, ele agradeceu a Deus \u201cpor esta incr\u00edvel oportunidade\u201d.<\/span><\/p>\n<p><span>\u201cOro para que Deus aben\u00e7oe esta miss\u00e3o. Mas tamb\u00e9m oro para que possamos continuar a servir de fonte de inspira\u00e7\u00e3o, de coopera\u00e7\u00e3o e paz, n\u00e3o apenas entre as na\u00e7\u00f5es, mas tamb\u00e9m em nossa pr\u00f3pria na\u00e7\u00e3o\u201d, declarou.<\/span><\/p>\n<p><span>Em uma entrevista, o astronauta tamb\u00e9m revelou que coloca \u201cDeus em primeiro lugar de forma muito intencional\u201d, porque \u201c\u00e9 assim que tento viver minha vida tamb\u00e9m\u201d.<\/span><\/p>\n<p><span>Glover afirmou refor\u00e7ou a ideia de que a f\u00e9 n\u00e3o est\u00e1 limitada ao ambiente terrestre, mas acompanha o ser humano at\u00e9 os confins do universo, ao declarar: <\/span><span><strong>\u201cPrecisamos de Jesus, seja na Terra ou orbitando a Lua\u201d.<\/strong><\/span><\/p>\n<p><span>Glover \u00e9 membro da Igreja de Cristo e, junto da esposa, Dionna, atua ocasionalmente como professor na Escola Dominical.<\/span><\/p>\n<\/div>\n","protected":false},"excerpt":{"rendered":"<p>O astronauta crist\u00e3o, Victor Glover, enviou uma mensagem de P\u00e1scoa do espa\u00e7o, durante a miss\u00e3o Artemis II da NASA, que segue em dire\u00e7\u00e3o \u00e0 Lua. Durante uma transmiss\u00e3o da tripula\u00e7\u00e3o para a Terra no s\u00e1bado (4), o apresentador perguntou a Glover se tinha uma mensagem para a data especial. \u201cNa Apollo 8, teve uma leitura memor\u00e1vel de G\u00eanesis na v\u00e9spera de Natal. Voc\u00ea tem alguma mensagem que gostaria de compartilhar do espa\u00e7o sobre o Domingo de P\u00e1scoa?\u201d, afirmou. E Victor respondeu: \u201cEu n\u00e3o preparei nada. Mas fico feliz que voc\u00ea tenha mencionado isso. Acho que essas celebra\u00e7\u00f5es s\u00e3o importantes, e como estamos t\u00e3o longe da Terra e olhando para tr\u00e1s, para a beleza da cria\u00e7\u00e3o, para mim, uma das perspectivas pessoais mais importantes que tenho aqui \u00e9 que consigo ver a Terra como uma coisa s\u00f3\u201d. Em seu discurso, o astronauta citou a B\u00edblia e mencionou a Terra como uma incr\u00edvel cria\u00e7\u00e3o de Deus para a humanidade. \u201cQuando leio a B\u00edblia e vejo todas as coisas incr\u00edveis que foram feitas para n\u00f3s penso: voc\u00eas t\u00eam este lugar incr\u00edvel, esta nave espacial. Voc\u00eas est\u00e3o falando conosco porque estamos em uma nave espacial muito distante da Terra, mas voc\u00eas est\u00e3o em uma nave espacial chamada Terra, que foi criada para nos dar um lugar para viver no universo, no cosmos\u201d, declarou ele. \u201cAcho que talvez a dist\u00e2ncia entre n\u00f3s fa\u00e7a voc\u00eas pensarem que o que estamos fazendo \u00e9 especial, mas estamos \u00e0 mesma dist\u00e2ncia de voc\u00eas, e estou tentando dizer a voc\u00eas: confiem em mim, voc\u00eas s\u00e3o especiais\u201d. Victor Glover refletiu sobre a import\u00e2ncia da uni\u00e3o entre os seres humanos que compartilham o mesmo lar: a Terra. \u201cEm meio a todo esse vazio, a esse nada absoluto, a essa coisa que chamamos de universo, existe esse o\u00e1sis, esse lugar lindo onde existimos juntos\u201d, destacou.\u00a0 E finalizou: \u201cAcho que, ao nos aproximarmos do Domingo de P\u00e1scoa, refletindo sobre todas as culturas ao redor do mundo, independentemente se celebrarmos ou n\u00e3o a P\u00e1scoa, se acreditarmos em Deus ou n\u00e3o, esta \u00e9 uma oportunidade para nos lembrarmos de onde estamos, quem somos e que somos todos iguais, e que temos que passar por isso juntos\u201d. Miss\u00e3o Artemis II Victor Glover atua como piloto na primeira miss\u00e3o tripulada da NASA \u00e0 Lua em 54 anos. A miss\u00e3o Artemis II decolou do Centro Espacial Kennedy, em Cabo Canaveral, na Fl\u00f3rida, na quarta-feira (1\u00ba), levando quatro astronautas a bordo da c\u00e1psula Orion em uma jornada de cerca de 10 dias ao redor da Lua. Durante o voo, os astronautas ir\u00e3o contornar a Lua \u2013 sem pousar \u2013 em uma trajet\u00f3ria de ida e volta, testando sistemas vitais da espa\u00e7onave Orion, como suporte \u00e0 vida, navega\u00e7\u00e3o e comunica\u00e7\u00e3o. Capit\u00e3o da Marinha dos EUA, Glover costuma fazer declara\u00e7\u00f5es de f\u00e9. Durante a confer\u00eancia de imprensa em que foi anunciado como piloto da miss\u00e3o Artemis II, ele agradeceu a Deus \u201cpor esta incr\u00edvel oportunidade\u201d. \u201cOro para que Deus aben\u00e7oe esta miss\u00e3o. Mas tamb\u00e9m oro para que possamos continuar a servir de fonte de inspira\u00e7\u00e3o, de coopera\u00e7\u00e3o e paz, n\u00e3o apenas entre as na\u00e7\u00f5es, mas tamb\u00e9m em nossa pr\u00f3pria na\u00e7\u00e3o\u201d, declarou. Em uma entrevista, o astronauta tamb\u00e9m revelou que coloca \u201cDeus em primeiro lugar de forma muito intencional\u201d, porque \u201c\u00e9 assim que tento viver minha vida tamb\u00e9m\u201d. Glover afirmou refor\u00e7ou a ideia de que a f\u00e9 n\u00e3o est\u00e1 limitada ao ambiente terrestre, mas acompanha o ser humano at\u00e9 os confins do universo, ao declarar: \u201cPrecisamos de Jesus, seja na Terra ou orbitando a Lua\u201d. Glover \u00e9 membro da Igreja de Cristo e, junto da esposa, Dionna, atua ocasionalmente como professor na Escola Dominical.<\/p>\n","protected":false},"author":1,"featured_media":11831,"comment_status":"closed","ping_status":"closed","sticky":false,"template":"","format":"standard","meta":{"footnotes":""},"categories":[12],"tags":[],"class_list":["post-11830","post","type-post","status-publish","format-standard","has-post-thumbnail","hentry","category-mundo-cristao"],"acf":[],"_links":{"self":[{"href":"https:\/\/fabricadescripts.com.br\/igrejas\/IGRE3535\/wp-json\/wp\/v2\/posts\/11830","targetHints":{"allow":["GET"]}}],"collection":[{"href":"https:\/\/fabricadescripts.com.br\/igrejas\/IGRE3535\/wp-json\/wp\/v2\/posts"}],"about":[{"href":"https:\/\/fabricadescripts.com.br\/igrejas\/IGRE3535\/wp-json\/wp\/v2\/types\/post"}],"author":[{"embeddable":true,"href":"https:\/\/fabricadescripts.com.br\/igrejas\/IGRE3535\/wp-json\/wp\/v2\/users\/1"}],"replies":[{"embeddable":true,"href":"https:\/\/fabricadescripts.com.br\/igrejas\/IGRE3535\/wp-json\/wp\/v2\/comments?post=11830"}],"version-history":[{"count":0,"href":"https:\/\/fabricadescripts.com.br\/igrejas\/IGRE3535\/wp-json\/wp\/v2\/posts\/11830\/revisions"}],"wp:featuredmedia":[{"embeddable":true,"href":"https:\/\/fabricadescripts.com.br\/igrejas\/IGRE3535\/wp-json\/wp\/v2\/media\/11831"}],"wp:attachment":[{"href":"https:\/\/fabricadescripts.com.br\/igrejas\/IGRE3535\/wp-json\/wp\/v2\/media?parent=11830"}],"wp:term":[{"taxonomy":"category","embeddable":true,"href":"https:\/\/fabricadescripts.com.br\/igrejas\/IGRE3535\/wp-json\/wp\/v2\/categories?post=11830"},{"taxonomy":"post_tag","embeddable":true,"href":"https:\/\/fabricadescripts.com.br\/igrejas\/IGRE3535\/wp-json\/wp\/v2\/tags?post=11830"}],"curies":[{"name":"wp","href":"https:\/\/api.w.org\/{rel}","templated":true}]}}