{"id":11826,"date":"2026-04-09T18:24:01","date_gmt":"2026-04-09T21:24:01","guid":{"rendered":"https:\/\/fabricadescripts.com.br\/igrejas\/IGRE3535\/morador-inspira-com-mensagens-de-fe-na-areia-de-praia-em-sc-que-alcance-vidas\/"},"modified":"2026-04-09T18:24:01","modified_gmt":"2026-04-09T21:24:01","slug":"morador-inspira-com-mensagens-de-fe-na-areia-de-praia-em-sc-que-alcance-vidas","status":"publish","type":"post","link":"https:\/\/fabricadescripts.com.br\/igrejas\/IGRE3535\/morador-inspira-com-mensagens-de-fe-na-areia-de-praia-em-sc-que-alcance-vidas\/","title":{"rendered":"Morador inspira com mensagens de f\u00e9 na areia de praia em SC: \u201cQue alcance vidas\u201d"},"content":{"rendered":"<div>\n<p><span>Um morador de Itapema, no litoral de <\/span><span><strong>Santa Catarina<\/strong><\/span><span>, tem inspirado v\u00e1rias pessoas com suas mensagens de f\u00e9 nas areias de uma praia da cidade.\u00a0<\/span><\/p>\n<p><span>Todas as manh\u00e3s, Afonso Cordeiro caminha pela areia com uma vassoura nas m\u00e3os e deixa mensagens crist\u00e3s que t\u00eam tocado quem passa pela orla.<\/span><\/p>\n<p><span>Logo nas primeiras horas do dia, Afonso vai at\u00e9 a praia e escreve frases como \u201cBom dia, Deus\u201d e \u201cEle vive\u201d, dedicando o dia a Deus. As mensagens se tornam parte da paisagem e surpreendem moradores e turistas.<\/span><\/p>\n<p><span>Em seu perfil no Instagram, ele falou sobre sua iniciativa e compartilhou: \u201cQue alcance vidas. N\u00e3o quero fazer para alcan\u00e7ar milh\u00f5es e milh\u00f5es de seguidores. Eu quero que as pessoas sigam Jesus. Ele \u00e9 o \u00fanico que merece ser seguido. Ele vive\u201d.<\/span><\/p>\n<blockquote data-instgrm-permalink=\"https:\/\/www.instagram.com\/reel\/DWteY42AYye\/?utm_source=ig_embed&#038;utm_campaign=loading\" data-instgrm-version=\"14\"><\/blockquote>\n<p><span>\u201cQue n\u00f3s possamos ter sempre esse foco de todo dia estar na presen\u00e7a Dele. Ele \u00e9 maravilhoso e \u00e9 isso que eu quero fazer todos os dias, eu quero que sigam Jesus, n\u00e3o a mim\u201d, acrescentou.<\/span><\/p>\n<p><strong>Impacto de f\u00e9<\/strong><\/p>\n<p><span>Natural de Manaus, Afonso chamou a aten\u00e7\u00e3o de milhares nas redes sociais ap\u00f3s v\u00eddeos com as <\/span><span><strong>mensagens na areia<\/strong><\/span><span> circularem na internet.<\/span><\/p>\n<p><span>\u201cEu passo a\u00ed todas as manh\u00e3s nas minhas caminhadas. Afonso \u00e9 uma pessoa iluminada. Deus o aben\u00e7oe ricamente\u201d, disse um morador.<\/span><\/p>\n<blockquote data-instgrm-permalink=\"https:\/\/www.instagram.com\/reel\/DWobHVyj9KC\/?utm_source=ig_embed&#038;utm_campaign=loading\" data-instgrm-version=\"14\"><\/blockquote>\n<p><span>\u201cO dono do c\u00e9u est\u00e1 contemplando essa obra. N\u00e3o me canso de olhar desde o primeiro v\u00eddeo que o rapaz postou. Fiquei aqui imaginando quantas vidas foram impactadas com a simples palavra, a mais poderosa, aos olhos daqueles que moram nesses pr\u00e9dios. \u00c0s vezes, passam noites de ang\u00fastia, ansiedade e tristeza profunda e, ao acordar e olhar para o mar, al\u00e9m dessa grandeza de Deus, ainda veem a sua mensagem, atrav\u00e9s de um ser t\u00e3o simples, pequeno, mas com uma palavra poderosa: que Jesus nos ama incondicionalmente. Gl\u00f3ria a Deus por sua vida, gl\u00f3ria a Deus por este chamado. Continue, Deus te aben\u00e7oe poderosamente\u201d, relatou uma mulher.<\/span><\/p>\n<p><span>E outra acrescentou: \u201cParab\u00e9ns pela sua dedica\u00e7\u00e3o em anunciar Jesus todos os dias. Sua arte na areia tem tocado vidas e espalhado esperan\u00e7a. Que Deus continue te aben\u00e7oando e usando seu talento poderosamente\u201d.\u00a0<\/span><\/p>\n<blockquote data-instgrm-permalink=\"https:\/\/www.instagram.com\/reel\/DWjACsADoGJ\/?utm_source=ig_embed&#038;utm_campaign=loading\" data-instgrm-version=\"14\"><\/blockquote>\n<p><span>Ap\u00f3s a repercuss\u00e3o de suas mensagens, Afonso passou a gravar v\u00eddeo orando e encorajando muitas pessoas a seguir Jesus.<\/span><\/p>\n<p><span>\u201cBom dia, querido. Tudo na vida passa, na verdade, tudo na vida \u00e9 fase. Valorize e viva o hoje. Que n\u00f3s tenhamos um dia aben\u00e7oado na presen\u00e7a de Deus. E, nesta manh\u00e3, eu pe\u00e7o a todos que convidem Ele para permanecer com cada um de n\u00f3s, a cada passo que dermos, em cada dire\u00e7\u00e3o que tomarmos. Que Deus aben\u00e7oe a todos n\u00f3s, em nome de Jesus\u201d, concluiu.<\/span><\/p>\n<\/div>\n","protected":false},"excerpt":{"rendered":"<p>Um morador de Itapema, no litoral de Santa Catarina, tem inspirado v\u00e1rias pessoas com suas mensagens de f\u00e9 nas areias de uma praia da cidade.\u00a0 Todas as manh\u00e3s, Afonso Cordeiro caminha pela areia com uma vassoura nas m\u00e3os e deixa mensagens crist\u00e3s que t\u00eam tocado quem passa pela orla. Logo nas primeiras horas do dia, Afonso vai at\u00e9 a praia e escreve frases como \u201cBom dia, Deus\u201d e \u201cEle vive\u201d, dedicando o dia a Deus. As mensagens se tornam parte da paisagem e surpreendem moradores e turistas. Em seu perfil no Instagram, ele falou sobre sua iniciativa e compartilhou: \u201cQue alcance vidas. N\u00e3o quero fazer para alcan\u00e7ar milh\u00f5es e milh\u00f5es de seguidores. Eu quero que as pessoas sigam Jesus. Ele \u00e9 o \u00fanico que merece ser seguido. Ele vive\u201d. \u201cQue n\u00f3s possamos ter sempre esse foco de todo dia estar na presen\u00e7a Dele. Ele \u00e9 maravilhoso e \u00e9 isso que eu quero fazer todos os dias, eu quero que sigam Jesus, n\u00e3o a mim\u201d, acrescentou. Impacto de f\u00e9 Natural de Manaus, Afonso chamou a aten\u00e7\u00e3o de milhares nas redes sociais ap\u00f3s v\u00eddeos com as mensagens na areia circularem na internet. \u201cEu passo a\u00ed todas as manh\u00e3s nas minhas caminhadas. Afonso \u00e9 uma pessoa iluminada. Deus o aben\u00e7oe ricamente\u201d, disse um morador. \u201cO dono do c\u00e9u est\u00e1 contemplando essa obra. N\u00e3o me canso de olhar desde o primeiro v\u00eddeo que o rapaz postou. Fiquei aqui imaginando quantas vidas foram impactadas com a simples palavra, a mais poderosa, aos olhos daqueles que moram nesses pr\u00e9dios. \u00c0s vezes, passam noites de ang\u00fastia, ansiedade e tristeza profunda e, ao acordar e olhar para o mar, al\u00e9m dessa grandeza de Deus, ainda veem a sua mensagem, atrav\u00e9s de um ser t\u00e3o simples, pequeno, mas com uma palavra poderosa: que Jesus nos ama incondicionalmente. Gl\u00f3ria a Deus por sua vida, gl\u00f3ria a Deus por este chamado. Continue, Deus te aben\u00e7oe poderosamente\u201d, relatou uma mulher. E outra acrescentou: \u201cParab\u00e9ns pela sua dedica\u00e7\u00e3o em anunciar Jesus todos os dias. Sua arte na areia tem tocado vidas e espalhado esperan\u00e7a. Que Deus continue te aben\u00e7oando e usando seu talento poderosamente\u201d.\u00a0 Ap\u00f3s a repercuss\u00e3o de suas mensagens, Afonso passou a gravar v\u00eddeo orando e encorajando muitas pessoas a seguir Jesus. \u201cBom dia, querido. Tudo na vida passa, na verdade, tudo na vida \u00e9 fase. Valorize e viva o hoje. Que n\u00f3s tenhamos um dia aben\u00e7oado na presen\u00e7a de Deus. E, nesta manh\u00e3, eu pe\u00e7o a todos que convidem Ele para permanecer com cada um de n\u00f3s, a cada passo que dermos, em cada dire\u00e7\u00e3o que tomarmos. Que Deus aben\u00e7oe a todos n\u00f3s, em nome de Jesus\u201d, concluiu.<\/p>\n","protected":false},"author":1,"featured_media":11827,"comment_status":"closed","ping_status":"closed","sticky":false,"template":"","format":"standard","meta":{"footnotes":""},"categories":[12],"tags":[],"class_list":["post-11826","post","type-post","status-publish","format-standard","has-post-thumbnail","hentry","category-mundo-cristao"],"acf":[],"_links":{"self":[{"href":"https:\/\/fabricadescripts.com.br\/igrejas\/IGRE3535\/wp-json\/wp\/v2\/posts\/11826","targetHints":{"allow":["GET"]}}],"collection":[{"href":"https:\/\/fabricadescripts.com.br\/igrejas\/IGRE3535\/wp-json\/wp\/v2\/posts"}],"about":[{"href":"https:\/\/fabricadescripts.com.br\/igrejas\/IGRE3535\/wp-json\/wp\/v2\/types\/post"}],"author":[{"embeddable":true,"href":"https:\/\/fabricadescripts.com.br\/igrejas\/IGRE3535\/wp-json\/wp\/v2\/users\/1"}],"replies":[{"embeddable":true,"href":"https:\/\/fabricadescripts.com.br\/igrejas\/IGRE3535\/wp-json\/wp\/v2\/comments?post=11826"}],"version-history":[{"count":0,"href":"https:\/\/fabricadescripts.com.br\/igrejas\/IGRE3535\/wp-json\/wp\/v2\/posts\/11826\/revisions"}],"wp:featuredmedia":[{"embeddable":true,"href":"https:\/\/fabricadescripts.com.br\/igrejas\/IGRE3535\/wp-json\/wp\/v2\/media\/11827"}],"wp:attachment":[{"href":"https:\/\/fabricadescripts.com.br\/igrejas\/IGRE3535\/wp-json\/wp\/v2\/media?parent=11826"}],"wp:term":[{"taxonomy":"category","embeddable":true,"href":"https:\/\/fabricadescripts.com.br\/igrejas\/IGRE3535\/wp-json\/wp\/v2\/categories?post=11826"},{"taxonomy":"post_tag","embeddable":true,"href":"https:\/\/fabricadescripts.com.br\/igrejas\/IGRE3535\/wp-json\/wp\/v2\/tags?post=11826"}],"curies":[{"name":"wp","href":"https:\/\/api.w.org\/{rel}","templated":true}]}}