{"id":11811,"date":"2026-04-08T18:20:59","date_gmt":"2026-04-08T21:20:59","guid":{"rendered":"https:\/\/fabricadescripts.com.br\/igrejas\/IGRE3535\/ato-terrorista-tiroteio-perto-de-consulado-de-israel-na-turquia-deixa-mortos-e-feridos\/"},"modified":"2026-04-08T18:20:59","modified_gmt":"2026-04-08T21:20:59","slug":"ato-terrorista-tiroteio-perto-de-consulado-de-israel-na-turquia-deixa-mortos-e-feridos","status":"publish","type":"post","link":"https:\/\/fabricadescripts.com.br\/igrejas\/IGRE3535\/ato-terrorista-tiroteio-perto-de-consulado-de-israel-na-turquia-deixa-mortos-e-feridos\/","title":{"rendered":"\u2018Ato terrorista\u2019: Tiroteio perto de consulado de Israel na Turquia deixa mortos e feridos"},"content":{"rendered":"<div>\n<p>Um tiroteio nas proximidades do consulado de Israel em Istambul, noroeste da <span><strong>Turquia<\/strong><\/span>, deixou dois policiais feridos e terminou com tr\u00eas suspeitos neutralizados, segundo autoridades locais. As informa\u00e7\u00f5es foram divulgadas por fontes oficiais turcas e repercutidas pela BBC News.<\/p>\n<p>De acordo com o governador da cidade, um dos atiradores foi morto no local, enquanto outros dois foram posteriormente neutralizados pelas for\u00e7as de seguran\u00e7a.<\/p>\n<blockquote>\n<p dir=\"rtl\" lang=\"iw\">\u05de\u05d9 \u05dc\u05d0 \u05e8\u05d0\u05d4 \u05d0\u05ea \u05d6\u05d4 \u05de\u05d2\u05d9\u05e2?<br \/>\u05d4\u05d0\u05e0\u05d8\u05d9\u05e9\u05de\u05d9\u05dd \u05d4\u05d8\u05d5\u05e8\u05e7\u05d9\u05dd \u05e9\u05dc \u05d0\u05e8\u05d3\u05d5\u05d0\u05df \u05de\u05d1\u05e6\u05e2\u05d9\u05dd \u05e4\u05e2\u05d5\u05dc\u05ea \u05d8\u05e8\u05d5\u05e8 \u05e0\u05d2\u05d3 \u05d4\u05e7\u05d5\u05e0\u05e1\u05d5\u05dc\u05d9\u05d4 \u05d4\u05d9\u05e9\u05e8\u05d0\u05dc\u05d9\u05ea \u05d1\u05d0\u05d9\u05e1\u05d8\u05e0\u05d1\u05d5\u05dc.<br \/>\u05d0\u05de\u05de\u05d4, \u05d4\u05d8\u05d5\u05e8\u05e7\u05d9\u05dd \u05d4\u05d0\u05dc\u05d4 \u05db\u05dc \u05db\u05da \u05d8\u05d9\u05e4\u05e9\u05d9\u05dd, \u05e9\u05d4\u05dd \u05ea\u05e7\u05e4\u05d5 \u05e7\u05d5\u05e0\u05e1\u05d5\u05dc\u05d9\u05d4 \u05e8\u05d9\u05e7\u05d4 \u05db\u05d9 \u05db\u05dc \u05d4\u05d9\u05d4\u05d5\u05d3\u05d9\u05dd \u05d9\u05e6\u05d0\u05d5 \u05dc\u05d7\u05d5\u05e4\u05e9\u05ea \u05d7\u05d2 \u05d4\u05e4\u05e1\u05d7.<br \/>\u05e9\u05dc\u05d5\u05e9\u05d4 \u05e2\u05d5\u05d1\u05e8\u05d9 \u05d0\u05d5\u05e8\u05d7 \u05d7\u05e4\u05d9\u05dd \u05de\u05e4\u05e9\u05e2 \u05e0\u05e8\u05e6\u05d7\u05d5 \u05e9\u05dd \u05e1\u05ea\u05dd. pic.twitter.com\/DogBkdGaA3<\/p>\n<p>  \u2014 Igal Malka &#8211; \ud83c\uddee\ud83c\uddf1\ud83c\uddee\ud83c\uddf1\ud83c\uddee\ud83c\uddf1 (@igal_malka) April 7, 2026<\/p><\/blockquote>\n<p>O ministro do Interior da Turquia informou que os suspeitos j\u00e1 foram identificados.<\/p>\n<p>Segundo ele, um deles possui \u201cliga\u00e7\u00f5es com uma organiza\u00e7\u00e3o que explora a religi\u00e3o\u201d, embora mais detalhes n\u00e3o tenham sido divulgados at\u00e9 o momento.<\/p>\n<p><strong>Ataque terrorista<\/strong><\/p>\n<p>O Minist\u00e9rio das Rela\u00e7\u00f5es Exteriores de Israel classificou o epis\u00f3dio como terrorismo ao afirmar que as autoridades turcas impediram um \u201c<span><strong>ataque terrorista<\/strong><\/span>\u201d contra o consulado israelense em Istambul.<\/p>\n<p>Em comunicado divulgado na rede X, a pasta condenou com veem\u00eancia o epis\u00f3dio e agradeceu a atua\u00e7\u00e3o das for\u00e7as de seguran\u00e7a turcas.<\/p>\n<blockquote>\n<p dir=\"ltr\" lang=\"en\">We strongly condemn the terrorist attack on the Israeli Consulate in Istanbul today.<br \/>We appreciate the Turkish security forces\u2019 swift action in thwarting this attack.<br \/>Israeli missions around the world have been subjected to countless threats and terrorist attacks. <br \/>Terror will\u2026<\/p>\n<p>  \u2014 Israel Foreign Ministry (@IsraelMFA) April 7, 2026<\/p><\/blockquote>\n<p>\u201cAgradecemos a r\u00e1pida a\u00e7\u00e3o das for\u00e7as de seguran\u00e7a turcas em frustrar este ataque\u201d, diz a nota.<\/p>\n<p>O minist\u00e9rio tamb\u00e9m destacou que representa\u00e7\u00f5es diplom\u00e1ticas israelenses ao redor do mundo t\u00eam sido alvo frequente de amea\u00e7as.<\/p>\n<p>\u00a0\u201cAs miss\u00f5es israelenses ao redor do mundo t\u00eam sido alvo de in\u00fameras amea\u00e7as e ataques terroristas. O terror n\u00e3o nos deter\u00e1\u201d, concluiu.<\/p>\n<p><strong>A\u00e7\u00e3o policial<\/strong><\/p>\n<p>Um grande contingente policial foi mobilizado para a regi\u00e3o, incluindo agentes armados \u00e0 paisana, al\u00e9m de equipes de emerg\u00eancia e ambul\u00e2ncias. A \u00e1rea foi isolada pelas autoridades.<\/p>\n<p>Uma testemunha ocular relatou momentos de tens\u00e3o durante o ataque.<\/p>\n<p>Onur Ekinci disse \u00e0 Reuters: \u201cOuviram-se sons de tiros, altos. Depois, os sons continuaram a aumentar. Durou de 15 a 20 minutos.\u201d<\/p>\n<p>Ele acrescentou: \u201cAs balas atingiram as paredes e tudo mais. Depois, a pol\u00edcia come\u00e7ou a patrulhar o interior, indo e vindo.\u201d<\/p>\n<p>O Minist\u00e9rio das Rela\u00e7\u00f5es Exteriores de Israel afirmou que est\u00e1 acompanhando as informa\u00e7\u00f5es sobre o incidente e confirmou que o consulado n\u00e3o estava em funcionamento no momento do ataque, sem funcion\u00e1rios no pr\u00e9dio.<\/p>\n<p>O consulado israelense fica na parte norte de Istambul, a maior cidade turca. O epis\u00f3dio ocorre em meio a tens\u00f5es crescentes relacionadas ao conflito envolvendo os EUA e Israel contra o Ir\u00e3, aumentando o alerta de seguran\u00e7a na regi\u00e3o.<\/p>\n<p>At\u00e9 o momento, n\u00e3o h\u00e1 confirma\u00e7\u00e3o sobre a motiva\u00e7\u00e3o do ataque, e as investiga\u00e7\u00f5es seguem em andamento.<\/p>\n<\/div>\n","protected":false},"excerpt":{"rendered":"<p>Um tiroteio nas proximidades do consulado de Israel em Istambul, noroeste da Turquia, deixou dois policiais feridos e terminou com tr\u00eas suspeitos neutralizados, segundo autoridades locais. As informa\u00e7\u00f5es foram divulgadas por fontes oficiais turcas e repercutidas pela BBC News. De acordo com o governador da cidade, um dos atiradores foi morto no local, enquanto outros dois foram posteriormente neutralizados pelas for\u00e7as de seguran\u00e7a. \u05de\u05d9 \u05dc\u05d0 \u05e8\u05d0\u05d4 \u05d0\u05ea \u05d6\u05d4 \u05de\u05d2\u05d9\u05e2?\u05d4\u05d0\u05e0\u05d8\u05d9\u05e9\u05de\u05d9\u05dd \u05d4\u05d8\u05d5\u05e8\u05e7\u05d9\u05dd \u05e9\u05dc \u05d0\u05e8\u05d3\u05d5\u05d0\u05df \u05de\u05d1\u05e6\u05e2\u05d9\u05dd \u05e4\u05e2\u05d5\u05dc\u05ea \u05d8\u05e8\u05d5\u05e8 \u05e0\u05d2\u05d3 \u05d4\u05e7\u05d5\u05e0\u05e1\u05d5\u05dc\u05d9\u05d4 \u05d4\u05d9\u05e9\u05e8\u05d0\u05dc\u05d9\u05ea \u05d1\u05d0\u05d9\u05e1\u05d8\u05e0\u05d1\u05d5\u05dc.\u05d0\u05de\u05de\u05d4, \u05d4\u05d8\u05d5\u05e8\u05e7\u05d9\u05dd \u05d4\u05d0\u05dc\u05d4 \u05db\u05dc \u05db\u05da \u05d8\u05d9\u05e4\u05e9\u05d9\u05dd, \u05e9\u05d4\u05dd \u05ea\u05e7\u05e4\u05d5 \u05e7\u05d5\u05e0\u05e1\u05d5\u05dc\u05d9\u05d4 \u05e8\u05d9\u05e7\u05d4 \u05db\u05d9 \u05db\u05dc \u05d4\u05d9\u05d4\u05d5\u05d3\u05d9\u05dd \u05d9\u05e6\u05d0\u05d5 \u05dc\u05d7\u05d5\u05e4\u05e9\u05ea \u05d7\u05d2 \u05d4\u05e4\u05e1\u05d7.\u05e9\u05dc\u05d5\u05e9\u05d4 \u05e2\u05d5\u05d1\u05e8\u05d9 \u05d0\u05d5\u05e8\u05d7 \u05d7\u05e4\u05d9\u05dd \u05de\u05e4\u05e9\u05e2 \u05e0\u05e8\u05e6\u05d7\u05d5 \u05e9\u05dd \u05e1\u05ea\u05dd. pic.twitter.com\/DogBkdGaA3 \u2014 Igal Malka &#8211; \ud83c\uddee\ud83c\uddf1\ud83c\uddee\ud83c\uddf1\ud83c\uddee\ud83c\uddf1 (@igal_malka) April 7, 2026 O ministro do Interior da Turquia informou que os suspeitos j\u00e1 foram identificados. Segundo ele, um deles possui \u201cliga\u00e7\u00f5es com uma organiza\u00e7\u00e3o que explora a religi\u00e3o\u201d, embora mais detalhes n\u00e3o tenham sido divulgados at\u00e9 o momento. Ataque terrorista O Minist\u00e9rio das Rela\u00e7\u00f5es Exteriores de Israel classificou o epis\u00f3dio como terrorismo ao afirmar que as autoridades turcas impediram um \u201cataque terrorista\u201d contra o consulado israelense em Istambul. Em comunicado divulgado na rede X, a pasta condenou com veem\u00eancia o epis\u00f3dio e agradeceu a atua\u00e7\u00e3o das for\u00e7as de seguran\u00e7a turcas. We strongly condemn the terrorist attack on the Israeli Consulate in Istanbul today.We appreciate the Turkish security forces\u2019 swift action in thwarting this attack.Israeli missions around the world have been subjected to countless threats and terrorist attacks. Terror will\u2026 \u2014 Israel Foreign Ministry (@IsraelMFA) April 7, 2026 \u201cAgradecemos a r\u00e1pida a\u00e7\u00e3o das for\u00e7as de seguran\u00e7a turcas em frustrar este ataque\u201d, diz a nota. O minist\u00e9rio tamb\u00e9m destacou que representa\u00e7\u00f5es diplom\u00e1ticas israelenses ao redor do mundo t\u00eam sido alvo frequente de amea\u00e7as. \u00a0\u201cAs miss\u00f5es israelenses ao redor do mundo t\u00eam sido alvo de in\u00fameras amea\u00e7as e ataques terroristas. O terror n\u00e3o nos deter\u00e1\u201d, concluiu. A\u00e7\u00e3o policial Um grande contingente policial foi mobilizado para a regi\u00e3o, incluindo agentes armados \u00e0 paisana, al\u00e9m de equipes de emerg\u00eancia e ambul\u00e2ncias. A \u00e1rea foi isolada pelas autoridades. Uma testemunha ocular relatou momentos de tens\u00e3o durante o ataque. Onur Ekinci disse \u00e0 Reuters: \u201cOuviram-se sons de tiros, altos. Depois, os sons continuaram a aumentar. Durou de 15 a 20 minutos.\u201d Ele acrescentou: \u201cAs balas atingiram as paredes e tudo mais. Depois, a pol\u00edcia come\u00e7ou a patrulhar o interior, indo e vindo.\u201d O Minist\u00e9rio das Rela\u00e7\u00f5es Exteriores de Israel afirmou que est\u00e1 acompanhando as informa\u00e7\u00f5es sobre o incidente e confirmou que o consulado n\u00e3o estava em funcionamento no momento do ataque, sem funcion\u00e1rios no pr\u00e9dio. O consulado israelense fica na parte norte de Istambul, a maior cidade turca. O epis\u00f3dio ocorre em meio a tens\u00f5es crescentes relacionadas ao conflito envolvendo os EUA e Israel contra o Ir\u00e3, aumentando o alerta de seguran\u00e7a na regi\u00e3o. At\u00e9 o momento, n\u00e3o h\u00e1 confirma\u00e7\u00e3o sobre a motiva\u00e7\u00e3o do ataque, e as investiga\u00e7\u00f5es seguem em andamento.<\/p>\n","protected":false},"author":1,"featured_media":11812,"comment_status":"closed","ping_status":"closed","sticky":false,"template":"","format":"standard","meta":{"footnotes":""},"categories":[13],"tags":[],"class_list":["post-11811","post","type-post","status-publish","format-standard","has-post-thumbnail","hentry","category-israel"],"acf":[],"_links":{"self":[{"href":"https:\/\/fabricadescripts.com.br\/igrejas\/IGRE3535\/wp-json\/wp\/v2\/posts\/11811","targetHints":{"allow":["GET"]}}],"collection":[{"href":"https:\/\/fabricadescripts.com.br\/igrejas\/IGRE3535\/wp-json\/wp\/v2\/posts"}],"about":[{"href":"https:\/\/fabricadescripts.com.br\/igrejas\/IGRE3535\/wp-json\/wp\/v2\/types\/post"}],"author":[{"embeddable":true,"href":"https:\/\/fabricadescripts.com.br\/igrejas\/IGRE3535\/wp-json\/wp\/v2\/users\/1"}],"replies":[{"embeddable":true,"href":"https:\/\/fabricadescripts.com.br\/igrejas\/IGRE3535\/wp-json\/wp\/v2\/comments?post=11811"}],"version-history":[{"count":0,"href":"https:\/\/fabricadescripts.com.br\/igrejas\/IGRE3535\/wp-json\/wp\/v2\/posts\/11811\/revisions"}],"wp:featuredmedia":[{"embeddable":true,"href":"https:\/\/fabricadescripts.com.br\/igrejas\/IGRE3535\/wp-json\/wp\/v2\/media\/11812"}],"wp:attachment":[{"href":"https:\/\/fabricadescripts.com.br\/igrejas\/IGRE3535\/wp-json\/wp\/v2\/media?parent=11811"}],"wp:term":[{"taxonomy":"category","embeddable":true,"href":"https:\/\/fabricadescripts.com.br\/igrejas\/IGRE3535\/wp-json\/wp\/v2\/categories?post=11811"},{"taxonomy":"post_tag","embeddable":true,"href":"https:\/\/fabricadescripts.com.br\/igrejas\/IGRE3535\/wp-json\/wp\/v2\/tags?post=11811"}],"curies":[{"name":"wp","href":"https:\/\/api.w.org\/{rel}","templated":true}]}}