{"id":11809,"date":"2026-04-08T18:21:00","date_gmt":"2026-04-08T21:21:00","guid":{"rendered":"https:\/\/fabricadescripts.com.br\/igrejas\/IGRE3535\/bar-no-rio-e-multado-por-discriminacao-apos-placa-cidadaos-de-israel-nao-sao-bem-vindos\/"},"modified":"2026-04-08T18:21:00","modified_gmt":"2026-04-08T21:21:00","slug":"bar-no-rio-e-multado-por-discriminacao-apos-placa-cidadaos-de-israel-nao-sao-bem-vindos","status":"publish","type":"post","link":"https:\/\/fabricadescripts.com.br\/igrejas\/IGRE3535\/bar-no-rio-e-multado-por-discriminacao-apos-placa-cidadaos-de-israel-nao-sao-bem-vindos\/","title":{"rendered":"Bar no Rio \u00e9 multado por discrimina\u00e7\u00e3o ap\u00f3s placa \u201ccidad\u00e3os de Israel n\u00e3o s\u00e3o bem-vindos\u201d"},"content":{"rendered":"<div>\n<p><span>Um bar na cidade do Rio de Janeiro foi multado por discrimina\u00e7\u00e3o ap\u00f3s exibir uma placa informando que n\u00e3o atendia <\/span><span><strong>cidad\u00e3os de Israel<\/strong><\/span><span> e dos Estados Unidos.<\/span><\/p>\n<p><span>O estabelecimento colocou uma placa em sua entrada com a frase em ingl\u00eas \u201cUS e Israel citizens are not welcome\u201d (\u201cCidad\u00e3os dos EUA e de Israel n\u00e3o s\u00e3o bem-vindos\u201d).<\/span><\/p>\n<p><span>O local, que se apresenta como \u201cambiente antifacista\u201d, chegou a publicar uma foto da placa em uma rede social.<\/span><\/p>\n<p><span>O PROCON (Programa de Prote\u00e7\u00e3o e Defesa do Consumidor) do Rio de Janeiro considerou o aviso discriminat\u00f3rio, por restringir o acesso ao estabelecimento com base na nacionalidade.<\/span><\/p>\n<p><span>No s\u00e1bado (4), o \u00f3rg\u00e3o puniu o bar com uma multa de 9.500 reais. O PROCON entendeu que a placa exp\u00f5e os clientes ao constrangimento e compromete princ\u00edpios da boa-f\u00e9 e transpar\u00eancia.<\/span><\/p>\n<p><span>A Secretaria Municipal de Prote\u00e7\u00e3o e Defesa do Consumidor afirmou que a a\u00e7\u00e3o do\u00a0bar viola o C\u00f3digo do Consumidor, que pro\u00edbe recusar atender clientes sem justificativa leg\u00edtima.<\/span><\/p>\n<p><span>O C\u00f3digo tamb\u00e9m proibe qualquer forma de discrimina\u00e7\u00e3o em estabelecimetnos comerciais abertos ao p\u00fablico e estabelece o tratamento igualitarios aos clientes, independente de origem ou nacionalidade.<\/span><\/p>\n<p><strong>Aumento do antissemitismo no Brasil<\/strong><\/p>\n<p><span>A organiza\u00e7\u00e3o pr\u00f3-Israel StandWithUs condenou a conduta do bar e destacou que o caso aconteceu em meio ao feriado de Pessach, um dos mais importantes do calend\u00e1rio judaico.<\/span><\/p>\n<p><span>\u201cO caso chama aten\u00e7\u00e3o para o aumento do <\/span><span><strong>antissemitismo<\/strong><\/span><span> no pa\u00eds, especialmente em um momento em que se discute o PL 1424\/2026, que visa estabelecer no Brasil a defini\u00e7\u00e3o de antissemitismo da Alian\u00e7a Internacional para a Mem\u00f3ria do Holocausto (IHRA)\u201d, afirmou a organiza\u00e7\u00e3o, em postagem no Instagram.<\/span><\/p>\n<p><span>\u201cInfelizmente, casos como esse de discrimina\u00e7\u00e3o contra judeus t\u00eam se tornado cada vez mais comuns no Brasil, o que ressalta a import\u00e2ncia da nova legisla\u00e7\u00e3o\u201d.<\/span><\/p>\n<p><strong>Cabe\u00e7as de porcos em cemit\u00e9rio judaico<\/strong><\/p>\n<p><span>Na \u00faltima sexta-feira (3), o jornal Deutsche Welle Brasil informou que cabe\u00e7as de porcos foram jogadas na frente de um cemit\u00e9rio judaico, em Porto Alegre, em um epis\u00f3dio antissemita.<\/span><\/p>\n<blockquote data-instgrm-captioned data-instgrm-permalink=\"https:\/\/www.instagram.com\/reel\/DWrIKCeFMCc\/?utm_source=ig_embed&#038;utm_campaign=loading\" data-instgrm-version=\"14\"><\/blockquote>\n<p><span>Casos semelhantes de profana\u00e7\u00e3o j\u00e1 foram registrados em outros pa\u00edses. Em 2008, cabe\u00e7as de porco foram deixadas na entrada de um cemit\u00e9rio judaico em Gotha, na Alemanha.<\/span><\/p>\n<p><span>Em 2014, caixas com cabe\u00e7as de porcos tamb\u00e9m foram deixadas em locais judaicos de Roma, na It\u00e1lia: na principal sinagoga da cidade, na embaixada de Israel e em um museu sobre o Holocausto.<\/span><\/p>\n<p><span>Um novo relat\u00f3rio da Confedera\u00e7\u00e3o Israelita do Brasil (Conib), divulgado em mar\u00e7o, informou que o <\/span><span><strong>antissemitismo no pa\u00eds aumentou 150%<\/strong><\/span><span> desde 2022.<\/span><\/p>\n<p><span>Em 2025, 989 casos de antissemitismo foram registradas. De acordo com o documento, a maior parte dos casos (800) aconteceu no ambiente digital e 189 foram offline. As plataformas onde mais ocorreram os epis\u00f3dios de \u00f3dio foram: Instagram (37%), X (13,8%) e Facebook (11,6%).\u00a0<\/span><\/p>\n<p><span>Conte\u00fados antissemitas tamb\u00e9m foram divulgados no YouTube, WhatsApp e outras plataformas.<\/span><\/p>\n<\/div>\n","protected":false},"excerpt":{"rendered":"<p>Um bar na cidade do Rio de Janeiro foi multado por discrimina\u00e7\u00e3o ap\u00f3s exibir uma placa informando que n\u00e3o atendia cidad\u00e3os de Israel e dos Estados Unidos. O estabelecimento colocou uma placa em sua entrada com a frase em ingl\u00eas \u201cUS e Israel citizens are not welcome\u201d (\u201cCidad\u00e3os dos EUA e de Israel n\u00e3o s\u00e3o bem-vindos\u201d). O local, que se apresenta como \u201cambiente antifacista\u201d, chegou a publicar uma foto da placa em uma rede social. O PROCON (Programa de Prote\u00e7\u00e3o e Defesa do Consumidor) do Rio de Janeiro considerou o aviso discriminat\u00f3rio, por restringir o acesso ao estabelecimento com base na nacionalidade. No s\u00e1bado (4), o \u00f3rg\u00e3o puniu o bar com uma multa de 9.500 reais. O PROCON entendeu que a placa exp\u00f5e os clientes ao constrangimento e compromete princ\u00edpios da boa-f\u00e9 e transpar\u00eancia. A Secretaria Municipal de Prote\u00e7\u00e3o e Defesa do Consumidor afirmou que a a\u00e7\u00e3o do\u00a0bar viola o C\u00f3digo do Consumidor, que pro\u00edbe recusar atender clientes sem justificativa leg\u00edtima. O C\u00f3digo tamb\u00e9m proibe qualquer forma de discrimina\u00e7\u00e3o em estabelecimetnos comerciais abertos ao p\u00fablico e estabelece o tratamento igualitarios aos clientes, independente de origem ou nacionalidade. Aumento do antissemitismo no Brasil A organiza\u00e7\u00e3o pr\u00f3-Israel StandWithUs condenou a conduta do bar e destacou que o caso aconteceu em meio ao feriado de Pessach, um dos mais importantes do calend\u00e1rio judaico. \u201cO caso chama aten\u00e7\u00e3o para o aumento do antissemitismo no pa\u00eds, especialmente em um momento em que se discute o PL 1424\/2026, que visa estabelecer no Brasil a defini\u00e7\u00e3o de antissemitismo da Alian\u00e7a Internacional para a Mem\u00f3ria do Holocausto (IHRA)\u201d, afirmou a organiza\u00e7\u00e3o, em postagem no Instagram. \u201cInfelizmente, casos como esse de discrimina\u00e7\u00e3o contra judeus t\u00eam se tornado cada vez mais comuns no Brasil, o que ressalta a import\u00e2ncia da nova legisla\u00e7\u00e3o\u201d. Cabe\u00e7as de porcos em cemit\u00e9rio judaico Na \u00faltima sexta-feira (3), o jornal Deutsche Welle Brasil informou que cabe\u00e7as de porcos foram jogadas na frente de um cemit\u00e9rio judaico, em Porto Alegre, em um epis\u00f3dio antissemita. Casos semelhantes de profana\u00e7\u00e3o j\u00e1 foram registrados em outros pa\u00edses. Em 2008, cabe\u00e7as de porco foram deixadas na entrada de um cemit\u00e9rio judaico em Gotha, na Alemanha. Em 2014, caixas com cabe\u00e7as de porcos tamb\u00e9m foram deixadas em locais judaicos de Roma, na It\u00e1lia: na principal sinagoga da cidade, na embaixada de Israel e em um museu sobre o Holocausto. Um novo relat\u00f3rio da Confedera\u00e7\u00e3o Israelita do Brasil (Conib), divulgado em mar\u00e7o, informou que o antissemitismo no pa\u00eds aumentou 150% desde 2022. Em 2025, 989 casos de antissemitismo foram registradas. De acordo com o documento, a maior parte dos casos (800) aconteceu no ambiente digital e 189 foram offline. As plataformas onde mais ocorreram os epis\u00f3dios de \u00f3dio foram: Instagram (37%), X (13,8%) e Facebook (11,6%).\u00a0 Conte\u00fados antissemitas tamb\u00e9m foram divulgados no YouTube, WhatsApp e outras plataformas.<\/p>\n","protected":false},"author":1,"featured_media":11810,"comment_status":"closed","ping_status":"closed","sticky":false,"template":"","format":"standard","meta":{"footnotes":""},"categories":[13],"tags":[],"class_list":["post-11809","post","type-post","status-publish","format-standard","has-post-thumbnail","hentry","category-israel"],"acf":[],"_links":{"self":[{"href":"https:\/\/fabricadescripts.com.br\/igrejas\/IGRE3535\/wp-json\/wp\/v2\/posts\/11809","targetHints":{"allow":["GET"]}}],"collection":[{"href":"https:\/\/fabricadescripts.com.br\/igrejas\/IGRE3535\/wp-json\/wp\/v2\/posts"}],"about":[{"href":"https:\/\/fabricadescripts.com.br\/igrejas\/IGRE3535\/wp-json\/wp\/v2\/types\/post"}],"author":[{"embeddable":true,"href":"https:\/\/fabricadescripts.com.br\/igrejas\/IGRE3535\/wp-json\/wp\/v2\/users\/1"}],"replies":[{"embeddable":true,"href":"https:\/\/fabricadescripts.com.br\/igrejas\/IGRE3535\/wp-json\/wp\/v2\/comments?post=11809"}],"version-history":[{"count":0,"href":"https:\/\/fabricadescripts.com.br\/igrejas\/IGRE3535\/wp-json\/wp\/v2\/posts\/11809\/revisions"}],"wp:featuredmedia":[{"embeddable":true,"href":"https:\/\/fabricadescripts.com.br\/igrejas\/IGRE3535\/wp-json\/wp\/v2\/media\/11810"}],"wp:attachment":[{"href":"https:\/\/fabricadescripts.com.br\/igrejas\/IGRE3535\/wp-json\/wp\/v2\/media?parent=11809"}],"wp:term":[{"taxonomy":"category","embeddable":true,"href":"https:\/\/fabricadescripts.com.br\/igrejas\/IGRE3535\/wp-json\/wp\/v2\/categories?post=11809"},{"taxonomy":"post_tag","embeddable":true,"href":"https:\/\/fabricadescripts.com.br\/igrejas\/IGRE3535\/wp-json\/wp\/v2\/tags?post=11809"}],"curies":[{"name":"wp","href":"https:\/\/api.w.org\/{rel}","templated":true}]}}