{"id":11801,"date":"2026-04-08T18:20:48","date_gmt":"2026-04-08T21:20:48","guid":{"rendered":"https:\/\/fabricadescripts.com.br\/igrejas\/IGRE3535\/cresce-numero-de-adolescentes-sem-religiao-no-brasil-aponta-pesquisa\/"},"modified":"2026-04-08T18:20:48","modified_gmt":"2026-04-08T21:20:48","slug":"cresce-numero-de-adolescentes-sem-religiao-no-brasil-aponta-pesquisa","status":"publish","type":"post","link":"https:\/\/fabricadescripts.com.br\/igrejas\/IGRE3535\/cresce-numero-de-adolescentes-sem-religiao-no-brasil-aponta-pesquisa\/","title":{"rendered":"Cresce n\u00famero de adolescentes sem religi\u00e3o no Brasil, aponta pesquisa"},"content":{"rendered":"<div>\n<p>Uma pesquisa conduzida pela Universidade Federal de S\u00e3o Paulo (Unifesp), em parceria com a Universidade de S\u00e3o Paulo (USP), aponta um crescimento de 41,9% no n\u00famero de <span><strong>adolescentes<\/strong><\/span> brasileiros que se declaram sem religi\u00e3o ao longo de pouco mais de dez anos.<\/p>\n<p>De acordo com o levantamento, a propor\u00e7\u00e3o de jovens entre 14 e 17 anos sem v\u00ednculo religioso passou de 14,3% em 2012 para 20,3% em 2023.<\/p>\n<p>O crescimento \u00e9 mais acelerado do que o observado na popula\u00e7\u00e3o geral, onde o \u00edndice subiu de 9,7% para 11,9% no mesmo per\u00edodo.<\/p>\n<p>Apesar do avan\u00e7o entre adolescentes, a maioria dos brasileiros ainda mant\u00e9m liga\u00e7\u00e3o com a f\u00e9, especialmente entre adultos e idosos.<\/p>\n<p>Entre os mais velhos, os n\u00edveis de v\u00ednculo religioso permanecem elevados, superando 84%.<\/p>\n<p>Os dados tamb\u00e9m apontam uma queda na import\u00e2ncia atribu\u00edda \u00e0 religi\u00e3o entre os jovens.<\/p>\n<p>Em 2012, 66,2% dos adolescentes consideravam a f\u00e9 \u201cmuito importante\u201d; em 2023, esse n\u00famero caiu para 58,4%.<\/p>\n<p><strong>Crescimento evang\u00e9lico <\/strong><\/p>\n<p>Mudan\u00e7as no perfil religioso do pa\u00eds tamb\u00e9m foram registradas. A propor\u00e7\u00e3o de cat\u00f3licos caiu de 72,3% para 63,2% entre 2012 e 2023, enquanto o n\u00famero de protestantes \u2013 grupo que inclui os <span><strong>evang\u00e9licos<\/strong><\/span> \u2013 cresceu de 27,7% para 36,7%.<\/p>\n<p>Outro dado relevante mostra diferen\u00e7as entre homens e mulheres: 89,5% das mulheres afirmam ter religi\u00e3o, contra 85,8% dos homens. Elas tamb\u00e9m atribuem maior import\u00e2ncia \u00e0 f\u00e9 no cotidiano.<\/p>\n<p>Para a psiquiatra Clarice Madruga, coordenadora da pesquisa, as novas gera\u00e7\u00f5es tendem a manter uma rela\u00e7\u00e3o mais distante das institui\u00e7\u00f5es religiosas.<\/p>\n<p>Segundo ela, esse comportamento ajuda a explicar o crescimento mais acelerado dos \u201csem religi\u00e3o\u201d entre adolescentes, enquanto os mais velhos preservam altos n\u00edveis de f\u00e9 e pr\u00e1tica religiosa.<\/p>\n<p>Mesmo diante dessas transforma\u00e7\u00f5es, o cen\u00e1rio religioso brasileiro continua marcado por uma forte presen\u00e7a da f\u00e9, especialmente fora das grandes mudan\u00e7as geracionais \u2013 indicando que o desafio das igrejas est\u00e1, sobretudo, na conex\u00e3o com as novas gera\u00e7\u00f5es.<\/p>\n<\/div>\n","protected":false},"excerpt":{"rendered":"<p>Uma pesquisa conduzida pela Universidade Federal de S\u00e3o Paulo (Unifesp), em parceria com a Universidade de S\u00e3o Paulo (USP), aponta um crescimento de 41,9% no n\u00famero de adolescentes brasileiros que se declaram sem religi\u00e3o ao longo de pouco mais de dez anos. De acordo com o levantamento, a propor\u00e7\u00e3o de jovens entre 14 e 17 anos sem v\u00ednculo religioso passou de 14,3% em 2012 para 20,3% em 2023. O crescimento \u00e9 mais acelerado do que o observado na popula\u00e7\u00e3o geral, onde o \u00edndice subiu de 9,7% para 11,9% no mesmo per\u00edodo. Apesar do avan\u00e7o entre adolescentes, a maioria dos brasileiros ainda mant\u00e9m liga\u00e7\u00e3o com a f\u00e9, especialmente entre adultos e idosos. Entre os mais velhos, os n\u00edveis de v\u00ednculo religioso permanecem elevados, superando 84%. Os dados tamb\u00e9m apontam uma queda na import\u00e2ncia atribu\u00edda \u00e0 religi\u00e3o entre os jovens. Em 2012, 66,2% dos adolescentes consideravam a f\u00e9 \u201cmuito importante\u201d; em 2023, esse n\u00famero caiu para 58,4%. Crescimento evang\u00e9lico Mudan\u00e7as no perfil religioso do pa\u00eds tamb\u00e9m foram registradas. A propor\u00e7\u00e3o de cat\u00f3licos caiu de 72,3% para 63,2% entre 2012 e 2023, enquanto o n\u00famero de protestantes \u2013 grupo que inclui os evang\u00e9licos \u2013 cresceu de 27,7% para 36,7%. Outro dado relevante mostra diferen\u00e7as entre homens e mulheres: 89,5% das mulheres afirmam ter religi\u00e3o, contra 85,8% dos homens. Elas tamb\u00e9m atribuem maior import\u00e2ncia \u00e0 f\u00e9 no cotidiano. Para a psiquiatra Clarice Madruga, coordenadora da pesquisa, as novas gera\u00e7\u00f5es tendem a manter uma rela\u00e7\u00e3o mais distante das institui\u00e7\u00f5es religiosas. Segundo ela, esse comportamento ajuda a explicar o crescimento mais acelerado dos \u201csem religi\u00e3o\u201d entre adolescentes, enquanto os mais velhos preservam altos n\u00edveis de f\u00e9 e pr\u00e1tica religiosa. Mesmo diante dessas transforma\u00e7\u00f5es, o cen\u00e1rio religioso brasileiro continua marcado por uma forte presen\u00e7a da f\u00e9, especialmente fora das grandes mudan\u00e7as geracionais \u2013 indicando que o desafio das igrejas est\u00e1, sobretudo, na conex\u00e3o com as novas gera\u00e7\u00f5es.<\/p>\n","protected":false},"author":1,"featured_media":11802,"comment_status":"closed","ping_status":"closed","sticky":false,"template":"","format":"standard","meta":{"footnotes":""},"categories":[11],"tags":[],"class_list":["post-11801","post","type-post","status-publish","format-standard","has-post-thumbnail","hentry","category-brasil"],"acf":[],"_links":{"self":[{"href":"https:\/\/fabricadescripts.com.br\/igrejas\/IGRE3535\/wp-json\/wp\/v2\/posts\/11801","targetHints":{"allow":["GET"]}}],"collection":[{"href":"https:\/\/fabricadescripts.com.br\/igrejas\/IGRE3535\/wp-json\/wp\/v2\/posts"}],"about":[{"href":"https:\/\/fabricadescripts.com.br\/igrejas\/IGRE3535\/wp-json\/wp\/v2\/types\/post"}],"author":[{"embeddable":true,"href":"https:\/\/fabricadescripts.com.br\/igrejas\/IGRE3535\/wp-json\/wp\/v2\/users\/1"}],"replies":[{"embeddable":true,"href":"https:\/\/fabricadescripts.com.br\/igrejas\/IGRE3535\/wp-json\/wp\/v2\/comments?post=11801"}],"version-history":[{"count":0,"href":"https:\/\/fabricadescripts.com.br\/igrejas\/IGRE3535\/wp-json\/wp\/v2\/posts\/11801\/revisions"}],"wp:featuredmedia":[{"embeddable":true,"href":"https:\/\/fabricadescripts.com.br\/igrejas\/IGRE3535\/wp-json\/wp\/v2\/media\/11802"}],"wp:attachment":[{"href":"https:\/\/fabricadescripts.com.br\/igrejas\/IGRE3535\/wp-json\/wp\/v2\/media?parent=11801"}],"wp:term":[{"taxonomy":"category","embeddable":true,"href":"https:\/\/fabricadescripts.com.br\/igrejas\/IGRE3535\/wp-json\/wp\/v2\/categories?post=11801"},{"taxonomy":"post_tag","embeddable":true,"href":"https:\/\/fabricadescripts.com.br\/igrejas\/IGRE3535\/wp-json\/wp\/v2\/tags?post=11801"}],"curies":[{"name":"wp","href":"https:\/\/api.w.org\/{rel}","templated":true}]}}