{"id":11785,"date":"2026-04-07T17:17:52","date_gmt":"2026-04-07T20:17:52","guid":{"rendered":"https:\/\/fabricadescripts.com.br\/igrejas\/IGRE3535\/igreja-atrai-50-000-pessoas-para-auto-de-pascoa-reflexao-sobre-jesus\/"},"modified":"2026-04-07T17:17:52","modified_gmt":"2026-04-07T20:17:52","slug":"igreja-atrai-50-000-pessoas-para-auto-de-pascoa-reflexao-sobre-jesus","status":"publish","type":"post","link":"https:\/\/fabricadescripts.com.br\/igrejas\/IGRE3535\/igreja-atrai-50-000-pessoas-para-auto-de-pascoa-reflexao-sobre-jesus\/","title":{"rendered":"Igreja atrai 50.000 pessoas para Auto de P\u00e1scoa: \u2018Reflex\u00e3o sobre Jesus\u2019"},"content":{"rendered":"<div>\n<p>O <span><strong>Auto de P\u00e1scoa<\/strong><\/span> da Igreja da Cidade, em S\u00e3o Jos\u00e9 dos Campos (SP), reuniu quase 50.000 pessoas ao longo de 10 apresenta\u00e7\u00f5es em sua 22\u00aa edi\u00e7\u00e3o, consolidando-se como o maior espet\u00e1culo indoor do g\u00eanero na Am\u00e9rica do Sul.<\/p>\n<p>Em entrevista exclusiva ao <strong>Guiame<\/strong>, o l\u00edder da igreja, pastor <span><strong>Carlito Paes<\/strong><\/span>, disse que o evento nasceu h\u00e1 mais de duas d\u00e9cadas com o prop\u00f3sito de resgatar o significado da Semana Santa e levar a sociedade a refletir sobre a vida, a morte e a ressurrei\u00e7\u00e3o de Jesus.<\/p>\n<blockquote data-instgrm-captioned data-instgrm-permalink=\"https:\/\/www.instagram.com\/reel\/DWxUNK1jATW\/?utm_source=ig_embed&#038;utm_campaign=loading\" data-instgrm-version=\"14\"><\/blockquote>\n<p>\u201cNasceu de uma vis\u00e3o de resgatar a data da Semana Santa, uma data t\u00e3o importante dentro do calend\u00e1rio crist\u00e3o, para levarmos a sociedade a refletir sobre a vida e a paix\u00e3o de Jesus\u201d, afirmou o pastor.<\/p>\n<p>Desde ent\u00e3o, o espet\u00e1culo, exibido na\u00a0sexta-feira (03), cresceu em estrutura e alcance, passando por diferentes locais at\u00e9 alcan\u00e7ar o atual formato.<\/p>\n<p><span><sup>Cena do Auto de P\u00e1scoa 2026, na Igreja da Cidade, em S\u00e3o Jos\u00e9 dos Campos (SP). (Foto: Divulga\u00e7\u00e3o\/House de comunica\u00e7\u00e3o)<\/sup><\/span><\/p>\n<p>Hoje, \u00e9 realizado em um audit\u00f3rio com capacidade para 5 mil pessoas e envolve uma grande produ\u00e7\u00e3o t\u00e9cnica e art\u00edstica.<\/p>\n<p><strong>Narrativa e inova\u00e7\u00e3o<\/strong><\/p>\n<p>A cada edi\u00e7\u00e3o, o desafio da equipe \u00e9 apresentar a mesma mensagem de forma criativa.<\/p>\n<p>Segundo o pastor, cerca de 50% do repert\u00f3rio musical \u00e9 renovado anualmente, al\u00e9m de mudan\u00e7as nas cenas e na abordagem narrativa.<\/p>\n<p>Em 2026, o espet\u00e1culo intitulado \u201cJesus\u201d foi totalmente baseado no <span><strong>Novo Testamento<\/strong><\/span>, retratando desde o nascimento de Cristo at\u00e9 sua morte e ressurrei\u00e7\u00e3o.<\/p>\n<p>\u201cO desafio \u00e9 sempre como contar a mesma hist\u00f3ria de uma maneira diferente\u201d, explicou.<\/p>\n<p><strong>Ora\u00e7\u00f5es, cura e impacto social<\/strong><\/p>\n<p>Para o pastor Carlito, o resultado desta edi\u00e7\u00e3o refor\u00e7a o impacto espiritual e social do projeto.<\/p>\n<p>\u201cEstamos muito felizes com os resultados, com o impacto na cidade, na igreja, na m\u00eddia, para a gl\u00f3ria de Deus. O Auto de P\u00e1scoa 2026 foi o melhor e maior de todos\u201d, concluiu.<\/p>\n<p><span><sup>Cena do Auto de P\u00e1scoa 2026, na Igreja da Cidade, em S\u00e3o Jos\u00e9 dos Campos (SP). (Foto: Divulga\u00e7\u00e3o\/House de comunica\u00e7\u00e3o)<\/sup><\/span><\/p>\n<p>O evento tamb\u00e9m teve forte impacto espiritual e social: 4.172 livretos do Minist\u00e9rio Recome\u00e7o foram distribu\u00eddos ao p\u00fablico, 6.745 pessoas registraram pedidos de ora\u00e7\u00e3o e 430 testemunhos de curas foram relatados durante a programa\u00e7\u00e3o.<\/p>\n<p>Como parte da iniciativa solid\u00e1ria, a Igreja da Cidade informou que foram arrecadados 36 mil quilos de alimentos ao longo do projeto.<\/p>\n<p><strong>Estrutura e investimento<\/strong><\/p>\n<p>A edi\u00e7\u00e3o de 2026 contou com mais de 2 mil volunt\u00e1rios, organizados em cerca de 40 equipes.<\/p>\n<p>O espet\u00e1culo \u00e9 financiado exclusivamente com recursos da igreja e apoio de empres\u00e1rios locais, sem uso de verbas p\u00fablicas.<\/p>\n<p>\u201c\u00c9 feito completamente com o dinheiro da igreja e de patrocinadores empres\u00e1rios da cidade. N\u00e3o utilizamos recursos p\u00fablicos nem Lei Rouanet\u201d, destacou Paes, destacou Paes, que agradeceu o apoio dos patrocinadores.<\/p>\n<p>Neste ano, o investimento aproximado foi de R$ 1,3 milh\u00e3o, considerado o maior j\u00e1 realizado. A produ\u00e7\u00e3o inclui cenografia, ilumina\u00e7\u00e3o, pain\u00e9is de LED e estrutura t\u00e9cnica ampliada especialmente para o evento.<\/p>\n<p><strong>Mobiliza\u00e7\u00e3o de volunt\u00e1rios<\/strong><\/p>\n<p>Um dos pilares do Auto de P\u00e1scoa \u00e9 o engajamento da pr\u00f3pria igreja. Segundo o pastor Marcos Sanches, respons\u00e1vel pelo voluntariado desde a primeira edi\u00e7\u00e3o, o evento mobiliza toda a comunidade.<\/p>\n<p>\u201cO Auto de P\u00e1scoa \u00e9 um movimento muito intenso da Igreja da Cidade. A igreja toda se move para que aconte\u00e7a\u201d, afirmou.<\/p>\n<p>Na edi\u00e7\u00e3o de 2026, cerca de 2.200 volunt\u00e1rios participaram da produ\u00e7\u00e3o, sendo aproximadamente 800 envolvidos diretamente nas artes \u2013 como teatro, dan\u00e7a, coral e m\u00fasica \u2013 e os demais atuando nas \u00e1reas de log\u00edstica e apoio.<\/p>\n<p><sup><span>Cena do Auto de P\u00e1scoa 2026, na Igreja da Cidade, em S\u00e3o Jos\u00e9 dos Campos (SP). (Foto: Divulga\u00e7\u00e3o\/House de comunica\u00e7\u00e3o)<\/span><\/sup><\/p>\n<p>De acordo com o pastor Marcos, o alto n\u00edvel de engajamento est\u00e1 ligado ao entendimento do prop\u00f3sito evangel\u00edstico do evento.<\/p>\n<p>\u201cO membro da igreja percebeu que \u00e9 o melhor movimento para alcan\u00e7ar n\u00e3o crentes. Por isso, h\u00e1 um grande engajamento\u201d, explicou.<\/p>\n<p>Para participar, os volunt\u00e1rios precisam atender a dois requisitos: ser membros da igreja, com o processo de integra\u00e7\u00e3o conclu\u00eddo, e estar conectados a um grupo, garantindo acompanhamento pastoral.<\/p>\n<p>Al\u00e9m da mobiliza\u00e7\u00e3o, o projeto envolve uma estrutura art\u00edstica robusta. O espet\u00e1culo contou com 22 cenas e cerca de 800 volunt\u00e1rios ligados diretamente \u00e0s artes, incluindo aproximadamente 260 cantores (com cerca de 22 solistas), 230 dan\u00e7arinos e cerca de 60 m\u00fasicos na orquestra, al\u00e9m de equipes t\u00e9cnicas.<\/p>\n<p>Sanches destacou ainda que os desafios ao longo dos anos s\u00e3o constantes, incluindo situa\u00e7\u00f5es pessoais dif\u00edceis enfrentadas por participantes durante o per\u00edodo de prepara\u00e7\u00e3o. Ainda assim, o senso de prop\u00f3sito mant\u00e9m o grupo unido.<\/p>\n<p>\u201cAs pessoas s\u00e3o abra\u00e7adas, cuidadas e continuam no processo. Elas percebem que Deus est\u00e1 sustentando e seguem firmes no servi\u00e7o\u201d, concluiu.<\/p>\n<p><strong>Exibi\u00e7\u00e3o na TV aberta<\/strong><\/p>\n<p>Al\u00e9m do p\u00fablico presencial, os ingressos para o espet\u00e1culo se esgotaram em apenas tr\u00eas horas de distribui\u00e7\u00e3o, contou o pastor Carlito.<\/p>\n<p>Outro destaque foi o alcance das transmiss\u00f5es online, que ampliaram o p\u00fablico para al\u00e9m da capacidade f\u00edsica do audit\u00f3rio.<\/p>\n<p>\u201cA gente celebra muito tamb\u00e9m as transmiss\u00f5es, porque como os ingressos acabam, temos um grande alcance digital\u201d, afirmou.<\/p>\n<p><span><sup>Cena do Auto de P\u00e1scoa 2026, na Igreja da Cidade, em S\u00e3o Jos\u00e9 dos Campos (SP). (Foto: Divulga\u00e7\u00e3o\/House de comunica\u00e7\u00e3o)<\/sup><\/span><\/p>\n<p>O alcance do espet\u00e1culo tamb\u00e9m se estendeu \u00e0 televis\u00e3o. A TV Vanguarda, afiliada local da TV Globo, exibiu o Auto de P\u00e1scoa na \u00edntegra na Sexta-feira Santa.<\/p>\n<p>A transmiss\u00e3o ocorreu \u00e0s 15h25, dentro da faixa da \u201cSess\u00e3o da Tarde\u201d, e alcan\u00e7ou 55 cidades da regi\u00e3o do Vale do Para\u00edba e Litoral Norte. Os dados de audi\u00eancia ainda n\u00e3o foram divulgados.<\/p>\n<p><strong>Reconhecimento e relev\u00e2ncia<\/strong><\/p>\n<p>Coordenado desde o in\u00edcio pela pastora Leila Paes e sua equipe criativa, o Auto de P\u00e1scoa tamb\u00e9m tem recebido reconhecimento institucional.<\/p>\n<p>Pela quarta vez, o governador do estado, Tarc\u00edsio de Freitas, esteve presente no evento.<\/p>\n<p>Al\u00e9m disso, o espet\u00e1culo, que integra o <span><strong>Guia Tur\u00edstico Evang\u00e9lico do Estado de S\u00e3o Paulo<\/strong><\/span>, foi reconhecido como patrim\u00f4nio cultural imaterial, ap\u00f3s aprova\u00e7\u00e3o da Assembleia Legislativa.<\/p>\n<\/div>\n","protected":false},"excerpt":{"rendered":"<p>O Auto de P\u00e1scoa da Igreja da Cidade, em S\u00e3o Jos\u00e9 dos Campos (SP), reuniu quase 50.000 pessoas ao longo de 10 apresenta\u00e7\u00f5es em sua 22\u00aa edi\u00e7\u00e3o, consolidando-se como o maior espet\u00e1culo indoor do g\u00eanero na Am\u00e9rica do Sul. Em entrevista exclusiva ao Guiame, o l\u00edder da igreja, pastor Carlito Paes, disse que o evento nasceu h\u00e1 mais de duas d\u00e9cadas com o prop\u00f3sito de resgatar o significado da Semana Santa e levar a sociedade a refletir sobre a vida, a morte e a ressurrei\u00e7\u00e3o de Jesus. \u201cNasceu de uma vis\u00e3o de resgatar a data da Semana Santa, uma data t\u00e3o importante dentro do calend\u00e1rio crist\u00e3o, para levarmos a sociedade a refletir sobre a vida e a paix\u00e3o de Jesus\u201d, afirmou o pastor. Desde ent\u00e3o, o espet\u00e1culo, exibido na\u00a0sexta-feira (03), cresceu em estrutura e alcance, passando por diferentes locais at\u00e9 alcan\u00e7ar o atual formato. Cena do Auto de P\u00e1scoa 2026, na Igreja da Cidade, em S\u00e3o Jos\u00e9 dos Campos (SP). (Foto: Divulga\u00e7\u00e3o\/House de comunica\u00e7\u00e3o) Hoje, \u00e9 realizado em um audit\u00f3rio com capacidade para 5 mil pessoas e envolve uma grande produ\u00e7\u00e3o t\u00e9cnica e art\u00edstica. Narrativa e inova\u00e7\u00e3o A cada edi\u00e7\u00e3o, o desafio da equipe \u00e9 apresentar a mesma mensagem de forma criativa. Segundo o pastor, cerca de 50% do repert\u00f3rio musical \u00e9 renovado anualmente, al\u00e9m de mudan\u00e7as nas cenas e na abordagem narrativa. Em 2026, o espet\u00e1culo intitulado \u201cJesus\u201d foi totalmente baseado no Novo Testamento, retratando desde o nascimento de Cristo at\u00e9 sua morte e ressurrei\u00e7\u00e3o. \u201cO desafio \u00e9 sempre como contar a mesma hist\u00f3ria de uma maneira diferente\u201d, explicou. Ora\u00e7\u00f5es, cura e impacto social Para o pastor Carlito, o resultado desta edi\u00e7\u00e3o refor\u00e7a o impacto espiritual e social do projeto. \u201cEstamos muito felizes com os resultados, com o impacto na cidade, na igreja, na m\u00eddia, para a gl\u00f3ria de Deus. O Auto de P\u00e1scoa 2026 foi o melhor e maior de todos\u201d, concluiu. Cena do Auto de P\u00e1scoa 2026, na Igreja da Cidade, em S\u00e3o Jos\u00e9 dos Campos (SP). (Foto: Divulga\u00e7\u00e3o\/House de comunica\u00e7\u00e3o) O evento tamb\u00e9m teve forte impacto espiritual e social: 4.172 livretos do Minist\u00e9rio Recome\u00e7o foram distribu\u00eddos ao p\u00fablico, 6.745 pessoas registraram pedidos de ora\u00e7\u00e3o e 430 testemunhos de curas foram relatados durante a programa\u00e7\u00e3o. Como parte da iniciativa solid\u00e1ria, a Igreja da Cidade informou que foram arrecadados 36 mil quilos de alimentos ao longo do projeto. Estrutura e investimento A edi\u00e7\u00e3o de 2026 contou com mais de 2 mil volunt\u00e1rios, organizados em cerca de 40 equipes. O espet\u00e1culo \u00e9 financiado exclusivamente com recursos da igreja e apoio de empres\u00e1rios locais, sem uso de verbas p\u00fablicas. \u201c\u00c9 feito completamente com o dinheiro da igreja e de patrocinadores empres\u00e1rios da cidade. N\u00e3o utilizamos recursos p\u00fablicos nem Lei Rouanet\u201d, destacou Paes, destacou Paes, que agradeceu o apoio dos patrocinadores. Neste ano, o investimento aproximado foi de R$ 1,3 milh\u00e3o, considerado o maior j\u00e1 realizado. A produ\u00e7\u00e3o inclui cenografia, ilumina\u00e7\u00e3o, pain\u00e9is de LED e estrutura t\u00e9cnica ampliada especialmente para o evento. Mobiliza\u00e7\u00e3o de volunt\u00e1rios Um dos pilares do Auto de P\u00e1scoa \u00e9 o engajamento da pr\u00f3pria igreja. Segundo o pastor Marcos Sanches, respons\u00e1vel pelo voluntariado desde a primeira edi\u00e7\u00e3o, o evento mobiliza toda a comunidade. \u201cO Auto de P\u00e1scoa \u00e9 um movimento muito intenso da Igreja da Cidade. A igreja toda se move para que aconte\u00e7a\u201d, afirmou. Na edi\u00e7\u00e3o de 2026, cerca de 2.200 volunt\u00e1rios participaram da produ\u00e7\u00e3o, sendo aproximadamente 800 envolvidos diretamente nas artes \u2013 como teatro, dan\u00e7a, coral e m\u00fasica \u2013 e os demais atuando nas \u00e1reas de log\u00edstica e apoio. Cena do Auto de P\u00e1scoa 2026, na Igreja da Cidade, em S\u00e3o Jos\u00e9 dos Campos (SP). (Foto: Divulga\u00e7\u00e3o\/House de comunica\u00e7\u00e3o) De acordo com o pastor Marcos, o alto n\u00edvel de engajamento est\u00e1 ligado ao entendimento do prop\u00f3sito evangel\u00edstico do evento. \u201cO membro da igreja percebeu que \u00e9 o melhor movimento para alcan\u00e7ar n\u00e3o crentes. Por isso, h\u00e1 um grande engajamento\u201d, explicou. Para participar, os volunt\u00e1rios precisam atender a dois requisitos: ser membros da igreja, com o processo de integra\u00e7\u00e3o conclu\u00eddo, e estar conectados a um grupo, garantindo acompanhamento pastoral. Al\u00e9m da mobiliza\u00e7\u00e3o, o projeto envolve uma estrutura art\u00edstica robusta. O espet\u00e1culo contou com 22 cenas e cerca de 800 volunt\u00e1rios ligados diretamente \u00e0s artes, incluindo aproximadamente 260 cantores (com cerca de 22 solistas), 230 dan\u00e7arinos e cerca de 60 m\u00fasicos na orquestra, al\u00e9m de equipes t\u00e9cnicas. Sanches destacou ainda que os desafios ao longo dos anos s\u00e3o constantes, incluindo situa\u00e7\u00f5es pessoais dif\u00edceis enfrentadas por participantes durante o per\u00edodo de prepara\u00e7\u00e3o. Ainda assim, o senso de prop\u00f3sito mant\u00e9m o grupo unido. \u201cAs pessoas s\u00e3o abra\u00e7adas, cuidadas e continuam no processo. Elas percebem que Deus est\u00e1 sustentando e seguem firmes no servi\u00e7o\u201d, concluiu. Exibi\u00e7\u00e3o na TV aberta Al\u00e9m do p\u00fablico presencial, os ingressos para o espet\u00e1culo se esgotaram em apenas tr\u00eas horas de distribui\u00e7\u00e3o, contou o pastor Carlito. Outro destaque foi o alcance das transmiss\u00f5es online, que ampliaram o p\u00fablico para al\u00e9m da capacidade f\u00edsica do audit\u00f3rio. \u201cA gente celebra muito tamb\u00e9m as transmiss\u00f5es, porque como os ingressos acabam, temos um grande alcance digital\u201d, afirmou. Cena do Auto de P\u00e1scoa 2026, na Igreja da Cidade, em S\u00e3o Jos\u00e9 dos Campos (SP). (Foto: Divulga\u00e7\u00e3o\/House de comunica\u00e7\u00e3o) O alcance do espet\u00e1culo tamb\u00e9m se estendeu \u00e0 televis\u00e3o. A TV Vanguarda, afiliada local da TV Globo, exibiu o Auto de P\u00e1scoa na \u00edntegra na Sexta-feira Santa. A transmiss\u00e3o ocorreu \u00e0s 15h25, dentro da faixa da \u201cSess\u00e3o da Tarde\u201d, e alcan\u00e7ou 55 cidades da regi\u00e3o do Vale do Para\u00edba e Litoral Norte. Os dados de audi\u00eancia ainda n\u00e3o foram divulgados. Reconhecimento e relev\u00e2ncia Coordenado desde o in\u00edcio pela pastora Leila Paes e sua equipe criativa, o Auto de P\u00e1scoa tamb\u00e9m tem recebido reconhecimento institucional. Pela quarta vez, o governador do estado, Tarc\u00edsio de Freitas, esteve presente no evento. Al\u00e9m disso, o espet\u00e1culo, que integra o Guia Tur\u00edstico Evang\u00e9lico do Estado de S\u00e3o Paulo, foi reconhecido como patrim\u00f4nio cultural imaterial, ap\u00f3s aprova\u00e7\u00e3o da Assembleia Legislativa.<\/p>\n","protected":false},"author":1,"featured_media":11786,"comment_status":"closed","ping_status":"closed","sticky":false,"template":"","format":"standard","meta":{"footnotes":""},"categories":[12],"tags":[],"class_list":["post-11785","post","type-post","status-publish","format-standard","has-post-thumbnail","hentry","category-mundo-cristao"],"acf":[],"_links":{"self":[{"href":"https:\/\/fabricadescripts.com.br\/igrejas\/IGRE3535\/wp-json\/wp\/v2\/posts\/11785","targetHints":{"allow":["GET"]}}],"collection":[{"href":"https:\/\/fabricadescripts.com.br\/igrejas\/IGRE3535\/wp-json\/wp\/v2\/posts"}],"about":[{"href":"https:\/\/fabricadescripts.com.br\/igrejas\/IGRE3535\/wp-json\/wp\/v2\/types\/post"}],"author":[{"embeddable":true,"href":"https:\/\/fabricadescripts.com.br\/igrejas\/IGRE3535\/wp-json\/wp\/v2\/users\/1"}],"replies":[{"embeddable":true,"href":"https:\/\/fabricadescripts.com.br\/igrejas\/IGRE3535\/wp-json\/wp\/v2\/comments?post=11785"}],"version-history":[{"count":0,"href":"https:\/\/fabricadescripts.com.br\/igrejas\/IGRE3535\/wp-json\/wp\/v2\/posts\/11785\/revisions"}],"wp:featuredmedia":[{"embeddable":true,"href":"https:\/\/fabricadescripts.com.br\/igrejas\/IGRE3535\/wp-json\/wp\/v2\/media\/11786"}],"wp:attachment":[{"href":"https:\/\/fabricadescripts.com.br\/igrejas\/IGRE3535\/wp-json\/wp\/v2\/media?parent=11785"}],"wp:term":[{"taxonomy":"category","embeddable":true,"href":"https:\/\/fabricadescripts.com.br\/igrejas\/IGRE3535\/wp-json\/wp\/v2\/categories?post=11785"},{"taxonomy":"post_tag","embeddable":true,"href":"https:\/\/fabricadescripts.com.br\/igrejas\/IGRE3535\/wp-json\/wp\/v2\/tags?post=11785"}],"curies":[{"name":"wp","href":"https:\/\/api.w.org\/{rel}","templated":true}]}}