{"id":11743,"date":"2026-04-04T14:39:43","date_gmt":"2026-04-04T17:39:43","guid":{"rendered":"https:\/\/fabricadescripts.com.br\/igrejas\/IGRE3535\/piloto-da-nasa-na-missao-artemis-ii-afirma-depender-de-jesus-na-terra-e-no-espaco\/"},"modified":"2026-04-04T14:39:43","modified_gmt":"2026-04-04T17:39:43","slug":"piloto-da-nasa-na-missao-artemis-ii-afirma-depender-de-jesus-na-terra-e-no-espaco","status":"publish","type":"post","link":"https:\/\/fabricadescripts.com.br\/igrejas\/IGRE3535\/piloto-da-nasa-na-missao-artemis-ii-afirma-depender-de-jesus-na-terra-e-no-espaco\/","title":{"rendered":"Piloto da NASA na miss\u00e3o Artemis II afirma &#8216;depender de Jesus na Terra e no espa\u00e7o&#8217;"},"content":{"rendered":"<div>\n<p>Mais de meio s\u00e9culo depois da \u00faltima miss\u00e3o tripulada ao redor da Lua, a<span> <strong>NASA<\/strong><\/span> voltou a escrever um cap\u00edtulo hist\u00f3rico da explora\u00e7\u00e3o espacial.<\/p>\n<p>Lan\u00e7ada ontem nos EUA, a miss\u00e3o Artemis II leva quatro l\u00edderes com trajet\u00f3rias que incluem recordes espaciais, atua\u00e7\u00e3o como pilotos de ca\u00e7a de elite e ampla experi\u00eancia em atividades extraveiculares.<\/p>\n<p>A tripula\u00e7\u00e3o \u00e9 formada por Reid Wiseman, comandante respons\u00e1vel pela condu\u00e7\u00e3o geral do voo; <span><strong>Victor Glover<\/strong><\/span>, que atua como piloto da miss\u00e3o; Christina Koch, especialista de miss\u00e3o; e Jeremy Hansen, tamb\u00e9m especialista de miss\u00e3o e representante da Ag\u00eancia Espacial Canadense.<\/p>\n<blockquote data-instgrm-captioned data-instgrm-permalink=\"https:\/\/www.instagram.com\/p\/DH_qXmiJsuz\/?utm_source=ig_embed&#038;utm_campaign=loading\" data-instgrm-version=\"14\"><\/blockquote>\n<p>Eles re\u00fanem preparo para a primeira viagem tripulada da ag\u00eancia ao redor do sat\u00e9lite natural desde a era Apollo.<\/p>\n<p><strong>F\u00e9 em \u00f3rbita<\/strong><\/p>\n<p>Astronauta crist\u00e3o e capit\u00e3o da Marinha dos EUA, Glover costuma fazer declara\u00e7\u00f5es de f\u00e9.<\/p>\n<p>Durante a confer\u00eancia de imprensa em que foi anunciado como piloto da miss\u00e3o Artemis II, ele agradeceu a Deus \u201cpor esta incr\u00edvel oportunidade\u201d.<\/p>\n<p>\u201cOro para que Deus aben\u00e7oe esta miss\u00e3o. Mas tamb\u00e9m oro para que possamos continuar a servir de fonte de inspira\u00e7\u00e3o, de coopera\u00e7\u00e3o e paz, n\u00e3o apenas entre as na\u00e7\u00f5es, mas tamb\u00e9m em nossa pr\u00f3pria na\u00e7\u00e3o\u201d, declarou.<\/p>\n<p>Em uma entrevista, o <span><strong>astronauta<\/strong><\/span> tamb\u00e9m revelou que coloca \u201cDeus em primeiro lugar de forma muito intencional\u201d, porque \u201c\u00e9 assim que tento viver minha vida tamb\u00e9m\u201d.<\/p>\n<p>Glover afirmou refor\u00e7ou a ideia de que a f\u00e9 n\u00e3o est\u00e1 limitada ao ambiente terrestre, mas acompanha o ser humano at\u00e9 os confins do universo, ao declarar:<\/p>\n<p>\u201cPrecisamos de Jesus, seja na Terra ou orbitando a Lua\u201d.<\/p>\n<p>Glover \u00e9 membro da Igreja de Cristo e, junto da esposa, Dionna, atua ocasionalmente como professor na <span><strong>Escola Dominical<\/strong><\/span>.<\/p>\n<p>Ao recordar sua miss\u00e3o anterior, ele contou que foi questionado pela esposa sobre o nervosismo antes da primeira caminhada espacial.<\/p>\n<p>A resposta foi direta: \u201cN\u00e3o, eu realmente fiz tudo o que pude para me preparar, incluindo orar e ler a B\u00edblia\u201d.<\/p>\n<p><strong>Primeira miss\u00e3o tripulada \u00e0 Lua em 54 anos<\/strong><\/p>\n<p>A miss\u00e3o Artemis II decolou do Centro Espacial Kennedy, em Cabo Canaveral, na Fl\u00f3rida, nesta quarta-feira (1\u00ba), levando os quatro astronautas a bordo da c\u00e1psula Orion em uma jornada de cerca de 10 dias ao redor da Lua.<\/p>\n<p>A Artemis II \u00e9 considerada um marco hist\u00f3rico: trata-se da primeira miss\u00e3o tripulada \u00e0 Lua desde a Apollo 17, em 1972.<\/p>\n<p>Durante o voo, os astronautas ir\u00e3o contornar a Lua \u2013 sem pousar \u2013 em uma trajet\u00f3ria de ida e volta, testando sistemas vitais da espa\u00e7onave Orion, como suporte \u00e0 vida, navega\u00e7\u00e3o e comunica\u00e7\u00e3o.<\/p>\n<\/p>\n<p><span><sup>Infogr\u00e1fico resume os principais objetivos e etapas da miss\u00e3o Artemis II, lan\u00e7ada em 1\u00ba de abril de 2026. (Imagem: NASA)<\/sup><\/span><\/p>\n<p>A miss\u00e3o tamb\u00e9m levar\u00e1 os tripulantes mais longe da Terra do que qualquer ser humano j\u00e1 foi, ultrapassando 250 mil milhas de dist\u00e2ncia do planeta.<\/p>\n<p>Mais do que um feito simb\u00f3lico, a Artemis II \u00e9 uma etapa crucial no plano da NASA de estabelecer presen\u00e7a humana sustent\u00e1vel na Lua e, futuramente, enviar miss\u00f5es tripuladas a Marte.<\/p>\n<p>O voo servir\u00e1 como teste para miss\u00f5es futuras, como a Artemis III e IV, que t\u00eam como objetivo levar astronautas ao polo sul lunar at\u00e9 o final da d\u00e9cada.<\/p>\n<\/div>\n","protected":false},"excerpt":{"rendered":"<p>Mais de meio s\u00e9culo depois da \u00faltima miss\u00e3o tripulada ao redor da Lua, a NASA voltou a escrever um cap\u00edtulo hist\u00f3rico da explora\u00e7\u00e3o espacial. Lan\u00e7ada ontem nos EUA, a miss\u00e3o Artemis II leva quatro l\u00edderes com trajet\u00f3rias que incluem recordes espaciais, atua\u00e7\u00e3o como pilotos de ca\u00e7a de elite e ampla experi\u00eancia em atividades extraveiculares. A tripula\u00e7\u00e3o \u00e9 formada por Reid Wiseman, comandante respons\u00e1vel pela condu\u00e7\u00e3o geral do voo; Victor Glover, que atua como piloto da miss\u00e3o; Christina Koch, especialista de miss\u00e3o; e Jeremy Hansen, tamb\u00e9m especialista de miss\u00e3o e representante da Ag\u00eancia Espacial Canadense. Eles re\u00fanem preparo para a primeira viagem tripulada da ag\u00eancia ao redor do sat\u00e9lite natural desde a era Apollo. F\u00e9 em \u00f3rbita Astronauta crist\u00e3o e capit\u00e3o da Marinha dos EUA, Glover costuma fazer declara\u00e7\u00f5es de f\u00e9. Durante a confer\u00eancia de imprensa em que foi anunciado como piloto da miss\u00e3o Artemis II, ele agradeceu a Deus \u201cpor esta incr\u00edvel oportunidade\u201d. \u201cOro para que Deus aben\u00e7oe esta miss\u00e3o. Mas tamb\u00e9m oro para que possamos continuar a servir de fonte de inspira\u00e7\u00e3o, de coopera\u00e7\u00e3o e paz, n\u00e3o apenas entre as na\u00e7\u00f5es, mas tamb\u00e9m em nossa pr\u00f3pria na\u00e7\u00e3o\u201d, declarou. Em uma entrevista, o astronauta tamb\u00e9m revelou que coloca \u201cDeus em primeiro lugar de forma muito intencional\u201d, porque \u201c\u00e9 assim que tento viver minha vida tamb\u00e9m\u201d. Glover afirmou refor\u00e7ou a ideia de que a f\u00e9 n\u00e3o est\u00e1 limitada ao ambiente terrestre, mas acompanha o ser humano at\u00e9 os confins do universo, ao declarar: \u201cPrecisamos de Jesus, seja na Terra ou orbitando a Lua\u201d. Glover \u00e9 membro da Igreja de Cristo e, junto da esposa, Dionna, atua ocasionalmente como professor na Escola Dominical. Ao recordar sua miss\u00e3o anterior, ele contou que foi questionado pela esposa sobre o nervosismo antes da primeira caminhada espacial. A resposta foi direta: \u201cN\u00e3o, eu realmente fiz tudo o que pude para me preparar, incluindo orar e ler a B\u00edblia\u201d. Primeira miss\u00e3o tripulada \u00e0 Lua em 54 anos A miss\u00e3o Artemis II decolou do Centro Espacial Kennedy, em Cabo Canaveral, na Fl\u00f3rida, nesta quarta-feira (1\u00ba), levando os quatro astronautas a bordo da c\u00e1psula Orion em uma jornada de cerca de 10 dias ao redor da Lua. A Artemis II \u00e9 considerada um marco hist\u00f3rico: trata-se da primeira miss\u00e3o tripulada \u00e0 Lua desde a Apollo 17, em 1972. Durante o voo, os astronautas ir\u00e3o contornar a Lua \u2013 sem pousar \u2013 em uma trajet\u00f3ria de ida e volta, testando sistemas vitais da espa\u00e7onave Orion, como suporte \u00e0 vida, navega\u00e7\u00e3o e comunica\u00e7\u00e3o. Infogr\u00e1fico resume os principais objetivos e etapas da miss\u00e3o Artemis II, lan\u00e7ada em 1\u00ba de abril de 2026. (Imagem: NASA) A miss\u00e3o tamb\u00e9m levar\u00e1 os tripulantes mais longe da Terra do que qualquer ser humano j\u00e1 foi, ultrapassando 250 mil milhas de dist\u00e2ncia do planeta. Mais do que um feito simb\u00f3lico, a Artemis II \u00e9 uma etapa crucial no plano da NASA de estabelecer presen\u00e7a humana sustent\u00e1vel na Lua e, futuramente, enviar miss\u00f5es tripuladas a Marte. O voo servir\u00e1 como teste para miss\u00f5es futuras, como a Artemis III e IV, que t\u00eam como objetivo levar astronautas ao polo sul lunar at\u00e9 o final da d\u00e9cada.<\/p>\n","protected":false},"author":1,"featured_media":11744,"comment_status":"closed","ping_status":"closed","sticky":false,"template":"","format":"standard","meta":{"footnotes":""},"categories":[11],"tags":[],"class_list":["post-11743","post","type-post","status-publish","format-standard","has-post-thumbnail","hentry","category-brasil"],"acf":[],"_links":{"self":[{"href":"https:\/\/fabricadescripts.com.br\/igrejas\/IGRE3535\/wp-json\/wp\/v2\/posts\/11743","targetHints":{"allow":["GET"]}}],"collection":[{"href":"https:\/\/fabricadescripts.com.br\/igrejas\/IGRE3535\/wp-json\/wp\/v2\/posts"}],"about":[{"href":"https:\/\/fabricadescripts.com.br\/igrejas\/IGRE3535\/wp-json\/wp\/v2\/types\/post"}],"author":[{"embeddable":true,"href":"https:\/\/fabricadescripts.com.br\/igrejas\/IGRE3535\/wp-json\/wp\/v2\/users\/1"}],"replies":[{"embeddable":true,"href":"https:\/\/fabricadescripts.com.br\/igrejas\/IGRE3535\/wp-json\/wp\/v2\/comments?post=11743"}],"version-history":[{"count":0,"href":"https:\/\/fabricadescripts.com.br\/igrejas\/IGRE3535\/wp-json\/wp\/v2\/posts\/11743\/revisions"}],"wp:featuredmedia":[{"embeddable":true,"href":"https:\/\/fabricadescripts.com.br\/igrejas\/IGRE3535\/wp-json\/wp\/v2\/media\/11744"}],"wp:attachment":[{"href":"https:\/\/fabricadescripts.com.br\/igrejas\/IGRE3535\/wp-json\/wp\/v2\/media?parent=11743"}],"wp:term":[{"taxonomy":"category","embeddable":true,"href":"https:\/\/fabricadescripts.com.br\/igrejas\/IGRE3535\/wp-json\/wp\/v2\/categories?post=11743"},{"taxonomy":"post_tag","embeddable":true,"href":"https:\/\/fabricadescripts.com.br\/igrejas\/IGRE3535\/wp-json\/wp\/v2\/tags?post=11743"}],"curies":[{"name":"wp","href":"https:\/\/api.w.org\/{rel}","templated":true}]}}