{"id":11741,"date":"2026-04-03T13:38:40","date_gmt":"2026-04-03T16:38:40","guid":{"rendered":"https:\/\/fabricadescripts.com.br\/igrejas\/IGRE3535\/evangelismo-em-escola-indigena-leva-criancas-a-jesus-no-interior-de-mg-ha-esperanca\/"},"modified":"2026-04-03T13:38:40","modified_gmt":"2026-04-03T16:38:40","slug":"evangelismo-em-escola-indigena-leva-criancas-a-jesus-no-interior-de-mg-ha-esperanca","status":"publish","type":"post","link":"https:\/\/fabricadescripts.com.br\/igrejas\/IGRE3535\/evangelismo-em-escola-indigena-leva-criancas-a-jesus-no-interior-de-mg-ha-esperanca\/","title":{"rendered":"Evangelismo em escola ind\u00edgena leva crian\u00e7as a Jesus no interior de MG: \u201cH\u00e1 esperan\u00e7a\u201d"},"content":{"rendered":"<div>\n<p><span>Crian\u00e7as e adolescentes de uma tribo ind\u00edgena foram alcan\u00e7ados pelo Evangelho durante uma a\u00e7\u00e3o evangel\u00edstica em uma aldeia no interior de Minas Gerais.<\/span><\/p>\n<p><span>A a\u00e7\u00e3o foi promovida pela miss\u00e3o Aviva School, fundada pelo evangelista <\/span><span><strong>Lucas Teodoro<\/strong><\/span><span>, voltada ao ambiente educacional.\u00a0<\/span><\/p>\n<p><span>\u201cDeus tem nos levado a v\u00e1rias escolas e hoje \u00e9 um privil\u00e9gio pregar em uma escola ind\u00edgena. Vai ser lindo o que Ele vai fazer\u201d, disse Samuel Guimar\u00e3es, um dos l\u00edderes da miss\u00e3o.<\/span><\/p>\n<p><span>Em uma oca \u2014 constru\u00e7\u00e3o tradicional feita com madeira e cobertura de palha \u2014 os crist\u00e3os foram recebidos com uma dan\u00e7a de boas-vindas realizada pelos ind\u00edgenas.<\/span><\/p>\n<blockquote data-instgrm-permalink=\"https:\/\/www.instagram.com\/reel\/DWmCsrnjsh4\/?utm_source=ig_embed&#038;utm_campaign=loading\" data-instgrm-version=\"14\"><\/blockquote>\n<p><span>No local, eles ministraram a Palavra de Deus, louvaram e oraram pelos <\/span><span><strong>ind\u00edgenas<\/strong><\/span><span>. Al\u00e9m disso, tamb\u00e9m tiveram um momento evangel\u00edstico com as crian\u00e7as da tribo.<\/span><\/p>\n<p><span>Depois de ouvirem o Evangelho, crian\u00e7as e adolescentes fizeram uma ora\u00e7\u00e3o e entregaram suas vidas a Jesus.<\/span><\/p>\n<p><span>Uma l\u00edder declarou: \u201cPai, eu te apresento o cora\u00e7\u00e3o de cada um deles\u201d. E, em seguida, Lucas os conduziu em ora\u00e7\u00e3o:<\/span><\/p>\n<p><span>\u201cSenhor, aben\u00e7oe a minha vida e a minha fam\u00edlia. Te entrego a minha vida, a minha hist\u00f3ria \u00e9 sua. Faz em mim a sua vontade, assim na terra como no C\u00e9u, em nome de Jesus\u201d.<\/span><\/p>\n<blockquote data-instgrm-permalink=\"https:\/\/www.instagram.com\/reel\/DWmscFliX_6\/?utm_source=ig_embed&#038;utm_campaign=loading\" data-instgrm-version=\"14\"><\/blockquote>\n<p><strong>\u2018Cumprimento de uma promessa\u2019<\/strong><\/p>\n<p><span>Durante a ministra\u00e7\u00e3o, Lucas refletiu sobre a passagem b\u00edblica de \u202d\u202dMateus\u202c \u202d11\u202c:\u202d28\u202c e declarou:\u00a0<\/span><\/p>\n<p><span>\u201cExiste uma esperan\u00e7a para todos n\u00f3s, existe uma boa not\u00edcia para todos n\u00f3s, e o nome dessa boa not\u00edcia \u00e9 Jesus\u201d.<\/span><\/p>\n<p><span>E continuou: \u201cSabe, \u00e0s vezes os nossos dias n\u00e3o s\u00e3o f\u00e1ceis. \u00c0s vezes, n\u00f3s passamos por problemas e dificuldades, e eu falo porque eu j\u00e1 estive nesse lugar, um tempo em que eu tinha vontade de desistir de tudo. Mas sabe o que Jesus diz? \u2018Venham a mim todos voc\u00eas que est\u00e3o cansados e sobrecarregados, e eu vos aliviarei\u2019\u201d.<\/span><\/p>\n<p><span>Em seguida, Lucas citou o texto de Mateus\u202c \u202d24\u202c:\u202d14\u202c, que diz: \u201c<\/span><em><span>E ser\u00e1 pregado este evangelho do reino por todo o mundo, para testemunho a todas as na\u00e7\u00f5es. Ent\u00e3o, vir\u00e1 o fim<\/span><\/em><span>\u201d.\u00a0<\/span><\/p>\n<p><span>E afirmou: \u201cN\u00f3s estamos aqui vivendo o cumprimento de uma promessa, porque o Senhor disse, Pai, que essa mensagem do Evangelho chegaria aos confins da terra e aqui estamos n\u00f3s\u201d.\u00a0<\/span><\/p>\n<p><span>O evangelista encerrou o momento com uma ora\u00e7\u00e3o: \u201cMeu Deus, obrigado, porque a tua mensagem de salva\u00e7\u00e3o est\u00e1 alcan\u00e7ando o mundo inteiro. Obrigado, Jesus, porque n\u00f3s estamos prestes a ver a tua volta. Obrigado porque o Senhor est\u00e1 alcan\u00e7ando, e n\u00f3s estamos vendo o cumprimento de promessas. Que toda tribo, que toda l\u00edngua e todos os povos confessem que o Senhor \u00e9 Rei\u201d.<\/span><\/p>\n<\/div>\n","protected":false},"excerpt":{"rendered":"<p>Crian\u00e7as e adolescentes de uma tribo ind\u00edgena foram alcan\u00e7ados pelo Evangelho durante uma a\u00e7\u00e3o evangel\u00edstica em uma aldeia no interior de Minas Gerais. A a\u00e7\u00e3o foi promovida pela miss\u00e3o Aviva School, fundada pelo evangelista Lucas Teodoro, voltada ao ambiente educacional.\u00a0 \u201cDeus tem nos levado a v\u00e1rias escolas e hoje \u00e9 um privil\u00e9gio pregar em uma escola ind\u00edgena. Vai ser lindo o que Ele vai fazer\u201d, disse Samuel Guimar\u00e3es, um dos l\u00edderes da miss\u00e3o. Em uma oca \u2014 constru\u00e7\u00e3o tradicional feita com madeira e cobertura de palha \u2014 os crist\u00e3os foram recebidos com uma dan\u00e7a de boas-vindas realizada pelos ind\u00edgenas. No local, eles ministraram a Palavra de Deus, louvaram e oraram pelos ind\u00edgenas. Al\u00e9m disso, tamb\u00e9m tiveram um momento evangel\u00edstico com as crian\u00e7as da tribo. Depois de ouvirem o Evangelho, crian\u00e7as e adolescentes fizeram uma ora\u00e7\u00e3o e entregaram suas vidas a Jesus. Uma l\u00edder declarou: \u201cPai, eu te apresento o cora\u00e7\u00e3o de cada um deles\u201d. E, em seguida, Lucas os conduziu em ora\u00e7\u00e3o: \u201cSenhor, aben\u00e7oe a minha vida e a minha fam\u00edlia. Te entrego a minha vida, a minha hist\u00f3ria \u00e9 sua. Faz em mim a sua vontade, assim na terra como no C\u00e9u, em nome de Jesus\u201d. \u2018Cumprimento de uma promessa\u2019 Durante a ministra\u00e7\u00e3o, Lucas refletiu sobre a passagem b\u00edblica de \u202d\u202dMateus\u202c \u202d11\u202c:\u202d28\u202c e declarou:\u00a0 \u201cExiste uma esperan\u00e7a para todos n\u00f3s, existe uma boa not\u00edcia para todos n\u00f3s, e o nome dessa boa not\u00edcia \u00e9 Jesus\u201d. E continuou: \u201cSabe, \u00e0s vezes os nossos dias n\u00e3o s\u00e3o f\u00e1ceis. \u00c0s vezes, n\u00f3s passamos por problemas e dificuldades, e eu falo porque eu j\u00e1 estive nesse lugar, um tempo em que eu tinha vontade de desistir de tudo. Mas sabe o que Jesus diz? \u2018Venham a mim todos voc\u00eas que est\u00e3o cansados e sobrecarregados, e eu vos aliviarei\u2019\u201d. Em seguida, Lucas citou o texto de Mateus\u202c \u202d24\u202c:\u202d14\u202c, que diz: \u201cE ser\u00e1 pregado este evangelho do reino por todo o mundo, para testemunho a todas as na\u00e7\u00f5es. Ent\u00e3o, vir\u00e1 o fim\u201d.\u00a0 E afirmou: \u201cN\u00f3s estamos aqui vivendo o cumprimento de uma promessa, porque o Senhor disse, Pai, que essa mensagem do Evangelho chegaria aos confins da terra e aqui estamos n\u00f3s\u201d.\u00a0 O evangelista encerrou o momento com uma ora\u00e7\u00e3o: \u201cMeu Deus, obrigado, porque a tua mensagem de salva\u00e7\u00e3o est\u00e1 alcan\u00e7ando o mundo inteiro. Obrigado, Jesus, porque n\u00f3s estamos prestes a ver a tua volta. Obrigado porque o Senhor est\u00e1 alcan\u00e7ando, e n\u00f3s estamos vendo o cumprimento de promessas. Que toda tribo, que toda l\u00edngua e todos os povos confessem que o Senhor \u00e9 Rei\u201d.<\/p>\n","protected":false},"author":1,"featured_media":11742,"comment_status":"closed","ping_status":"closed","sticky":false,"template":"","format":"standard","meta":{"footnotes":""},"categories":[14],"tags":[],"class_list":["post-11741","post","type-post","status-publish","format-standard","has-post-thumbnail","hentry","category-missoes"],"acf":[],"_links":{"self":[{"href":"https:\/\/fabricadescripts.com.br\/igrejas\/IGRE3535\/wp-json\/wp\/v2\/posts\/11741","targetHints":{"allow":["GET"]}}],"collection":[{"href":"https:\/\/fabricadescripts.com.br\/igrejas\/IGRE3535\/wp-json\/wp\/v2\/posts"}],"about":[{"href":"https:\/\/fabricadescripts.com.br\/igrejas\/IGRE3535\/wp-json\/wp\/v2\/types\/post"}],"author":[{"embeddable":true,"href":"https:\/\/fabricadescripts.com.br\/igrejas\/IGRE3535\/wp-json\/wp\/v2\/users\/1"}],"replies":[{"embeddable":true,"href":"https:\/\/fabricadescripts.com.br\/igrejas\/IGRE3535\/wp-json\/wp\/v2\/comments?post=11741"}],"version-history":[{"count":0,"href":"https:\/\/fabricadescripts.com.br\/igrejas\/IGRE3535\/wp-json\/wp\/v2\/posts\/11741\/revisions"}],"wp:featuredmedia":[{"embeddable":true,"href":"https:\/\/fabricadescripts.com.br\/igrejas\/IGRE3535\/wp-json\/wp\/v2\/media\/11742"}],"wp:attachment":[{"href":"https:\/\/fabricadescripts.com.br\/igrejas\/IGRE3535\/wp-json\/wp\/v2\/media?parent=11741"}],"wp:term":[{"taxonomy":"category","embeddable":true,"href":"https:\/\/fabricadescripts.com.br\/igrejas\/IGRE3535\/wp-json\/wp\/v2\/categories?post=11741"},{"taxonomy":"post_tag","embeddable":true,"href":"https:\/\/fabricadescripts.com.br\/igrejas\/IGRE3535\/wp-json\/wp\/v2\/tags?post=11741"}],"curies":[{"name":"wp","href":"https:\/\/api.w.org\/{rel}","templated":true}]}}