{"id":11735,"date":"2026-04-03T13:38:36","date_gmt":"2026-04-03T16:38:36","guid":{"rendered":"https:\/\/fabricadescripts.com.br\/igrejas\/IGRE3535\/apos-amistoso-contra-a-croacia-jogador-da-selecao-declara-meu-brilho-vem-de-deus\/"},"modified":"2026-04-03T13:38:36","modified_gmt":"2026-04-03T16:38:36","slug":"apos-amistoso-contra-a-croacia-jogador-da-selecao-declara-meu-brilho-vem-de-deus","status":"publish","type":"post","link":"https:\/\/fabricadescripts.com.br\/igrejas\/IGRE3535\/apos-amistoso-contra-a-croacia-jogador-da-selecao-declara-meu-brilho-vem-de-deus\/","title":{"rendered":"Ap\u00f3s amistoso contra a Cro\u00e1cia, jogador da Sele\u00e7\u00e3o declara: \u201cMeu brilho vem de Deus\u201d"},"content":{"rendered":"<div>\n<p><span>Ap\u00f3s a vit\u00f3ria da <\/span><span><strong>Sele\u00e7\u00e3o Brasileira<\/strong><\/span><span> contra a Sele\u00e7\u00e3o Croata por 3 a 1 em um amistoso na \u00faltima ter\u00e7a-feira (31), o jogador Endrick Felipe Moreira de Sousa agradeceu a Deus pelo resultado e afirmou que o Senhor o ajudou durante a partida.<\/span><\/p>\n<p><span>Endrick sofreu um p\u00eanalti e deu a assist\u00eancia para Gabriel Martinelli marcar o terceiro gol do Brasil no amistoso no Camping World Stadium, em Orlando, nos Estados Unidos.<\/span><\/p>\n<p><span>Em uma entrevista\u00a0p\u00f3s-jogo, o atleta falou sobre sua atua\u00e7\u00e3o e agradeceu a Deus pelo resultado. Ap\u00f3s um rep\u00f3rter dizer que ele \u00e9 \u201ciluminado\u201d, o jogador afirmou:<\/span><\/p>\n<p><span>\u201cCara, n\u00e3o sou eu. O brilho vem de Deus, e eu s\u00f3 tenho que agradecer ao Senhor por tudo o que Ele faz na minha vida. N\u00e3o tenho palavras para dizer, porque vou repetir: Deus \u00e9 inexplic\u00e1vel\u201d.<\/span><\/p>\n<p><span>E continuou: \u201cVoc\u00ea est\u00e1 ali no banco, pode entrar, pode ir bem, pode ir mal, e Deus me aben\u00e7oou hoje. S\u00f3 tenho que agradecer a Ele por tudo\u201d.\u00a0<\/span><\/p>\n<blockquote data-instgrm-permalink=\"https:\/\/www.instagram.com\/p\/DWkyXerDIMf\/?utm_source=ig_embed&#038;utm_campaign=loading\" data-instgrm-version=\"14\"><\/blockquote>\n<p><strong>\u2018Foi o tempo de Deus\u2019<\/strong><\/p>\n<p><span>Em 2025, Endrick ficou de fora da primeira lista do t\u00e9cnico Carlo Ancelotti para a Sele\u00e7\u00e3o Brasileira ap\u00f3s sofrer uma les\u00e3o muscular no tend\u00e3o da articula\u00e7\u00e3o da perna direita.<\/span><\/p>\n<p><span>Durante a entrevista, ele relembrou o epis\u00f3dio e disse: \u201cQuando eu olho para tr\u00e1s, sei o que eu passei, n\u00e3o foi f\u00e1cil a les\u00e3o que eu tive. E n\u00e3o \u00e9 por isso que eu falei com Deus \u2018por qu\u00ea?\u2019, eu somente agradeci pela les\u00e3o, porque sei que foi o tempo que Deus me cedeu\u201d.\u00a0<\/span><\/p>\n<p><span>\u201cE \u00e9 isso, agrade\u00e7o muito a Deus por esse jogo. O brilho vem de Deus, n\u00e3o \u00e9 de mim\u201d, acrescentou.<\/span><\/p>\n<p><span>No Instagram, a modelo e esposa de Endrick, Gabriely Miranda, compartilhou: \u201cDeus tem planos infinitamente maiores e melhores que os nossos. Confie no Senhor de todo o seu cora\u00e7\u00e3o e n\u00e3o se apoie em seu pr\u00f3prio entendimento; reconhe\u00e7a o Senhor em todos os seus caminhos, e Ele endireitar\u00e1 as suas veredas. O tempo de Deus tamb\u00e9m \u00e9 promessa, prop\u00f3sito. Eu te amo\u201d.<\/span><\/p>\n<p><span>Endrick, de 19 anos, \u00e9 um <\/span><strong><span>jogador<\/span> <\/strong><span>brasileiro que atua como atacante no Olympique Lyonnais, da cidade de Lyon, na Fran\u00e7a, emprestado pelo Real Madrid. Ele ingressou nas categorias de base do Palmeiras, onde permaneceu at\u00e9 chegar ao elenco profissional em 2022.<\/span><\/p>\n<p><span>Ap\u00f3s o amistoso contra a Cro\u00e1cia, programas esportivos e muitos internautas nas redes sociais passaram a afirmar que Endrick precisa estar entre os 26 jogadores da lista oficial da Sele\u00e7\u00e3o Brasileira, que ser\u00e1 anunciada pelo t\u00e9cnico no dia 18 de maio.<\/span><\/p>\n<p><span>Sobre o dia 18 de maio, ele disse: \u201cEu estou bem quanto a isso. Sou crist\u00e3o e vivo um dia ap\u00f3s o outro, \u00e9 o que est\u00e1 escrito na B\u00edblia, e trabalhar \u00e9 o que eu fa\u00e7o todos os dias. Vou seguir trabalhando, fazendo o que posso e, se Deus quiser, poder ajudar cada vez mais a Sele\u00e7\u00e3o\u201d.<\/span><\/p>\n<p><em><span>Assista a entrevista completa:<\/span><\/em><\/p>\n<p><iframe title=\"YouTube video player\" src=\"https:\/\/www.youtube.com\/embed\/T-fV1g8qlj8?si=cg9LkSro8Z6cEmQ3\" width=\"560\" height=\"315\" frameborder=\"0\" allowfullscreen=\"allowfullscreen\"><\/iframe><\/p>\n<\/div>\n","protected":false},"excerpt":{"rendered":"<p>Ap\u00f3s a vit\u00f3ria da Sele\u00e7\u00e3o Brasileira contra a Sele\u00e7\u00e3o Croata por 3 a 1 em um amistoso na \u00faltima ter\u00e7a-feira (31), o jogador Endrick Felipe Moreira de Sousa agradeceu a Deus pelo resultado e afirmou que o Senhor o ajudou durante a partida. Endrick sofreu um p\u00eanalti e deu a assist\u00eancia para Gabriel Martinelli marcar o terceiro gol do Brasil no amistoso no Camping World Stadium, em Orlando, nos Estados Unidos. Em uma entrevista\u00a0p\u00f3s-jogo, o atleta falou sobre sua atua\u00e7\u00e3o e agradeceu a Deus pelo resultado. Ap\u00f3s um rep\u00f3rter dizer que ele \u00e9 \u201ciluminado\u201d, o jogador afirmou: \u201cCara, n\u00e3o sou eu. O brilho vem de Deus, e eu s\u00f3 tenho que agradecer ao Senhor por tudo o que Ele faz na minha vida. N\u00e3o tenho palavras para dizer, porque vou repetir: Deus \u00e9 inexplic\u00e1vel\u201d. E continuou: \u201cVoc\u00ea est\u00e1 ali no banco, pode entrar, pode ir bem, pode ir mal, e Deus me aben\u00e7oou hoje. S\u00f3 tenho que agradecer a Ele por tudo\u201d.\u00a0 \u2018Foi o tempo de Deus\u2019 Em 2025, Endrick ficou de fora da primeira lista do t\u00e9cnico Carlo Ancelotti para a Sele\u00e7\u00e3o Brasileira ap\u00f3s sofrer uma les\u00e3o muscular no tend\u00e3o da articula\u00e7\u00e3o da perna direita. Durante a entrevista, ele relembrou o epis\u00f3dio e disse: \u201cQuando eu olho para tr\u00e1s, sei o que eu passei, n\u00e3o foi f\u00e1cil a les\u00e3o que eu tive. E n\u00e3o \u00e9 por isso que eu falei com Deus \u2018por qu\u00ea?\u2019, eu somente agradeci pela les\u00e3o, porque sei que foi o tempo que Deus me cedeu\u201d.\u00a0 \u201cE \u00e9 isso, agrade\u00e7o muito a Deus por esse jogo. O brilho vem de Deus, n\u00e3o \u00e9 de mim\u201d, acrescentou. No Instagram, a modelo e esposa de Endrick, Gabriely Miranda, compartilhou: \u201cDeus tem planos infinitamente maiores e melhores que os nossos. Confie no Senhor de todo o seu cora\u00e7\u00e3o e n\u00e3o se apoie em seu pr\u00f3prio entendimento; reconhe\u00e7a o Senhor em todos os seus caminhos, e Ele endireitar\u00e1 as suas veredas. O tempo de Deus tamb\u00e9m \u00e9 promessa, prop\u00f3sito. Eu te amo\u201d. Endrick, de 19 anos, \u00e9 um jogador brasileiro que atua como atacante no Olympique Lyonnais, da cidade de Lyon, na Fran\u00e7a, emprestado pelo Real Madrid. Ele ingressou nas categorias de base do Palmeiras, onde permaneceu at\u00e9 chegar ao elenco profissional em 2022. Ap\u00f3s o amistoso contra a Cro\u00e1cia, programas esportivos e muitos internautas nas redes sociais passaram a afirmar que Endrick precisa estar entre os 26 jogadores da lista oficial da Sele\u00e7\u00e3o Brasileira, que ser\u00e1 anunciada pelo t\u00e9cnico no dia 18 de maio. Sobre o dia 18 de maio, ele disse: \u201cEu estou bem quanto a isso. Sou crist\u00e3o e vivo um dia ap\u00f3s o outro, \u00e9 o que est\u00e1 escrito na B\u00edblia, e trabalhar \u00e9 o que eu fa\u00e7o todos os dias. Vou seguir trabalhando, fazendo o que posso e, se Deus quiser, poder ajudar cada vez mais a Sele\u00e7\u00e3o\u201d. Assista a entrevista completa:<\/p>\n","protected":false},"author":1,"featured_media":11736,"comment_status":"closed","ping_status":"closed","sticky":false,"template":"","format":"standard","meta":{"footnotes":""},"categories":[12],"tags":[],"class_list":["post-11735","post","type-post","status-publish","format-standard","has-post-thumbnail","hentry","category-mundo-cristao"],"acf":[],"_links":{"self":[{"href":"https:\/\/fabricadescripts.com.br\/igrejas\/IGRE3535\/wp-json\/wp\/v2\/posts\/11735","targetHints":{"allow":["GET"]}}],"collection":[{"href":"https:\/\/fabricadescripts.com.br\/igrejas\/IGRE3535\/wp-json\/wp\/v2\/posts"}],"about":[{"href":"https:\/\/fabricadescripts.com.br\/igrejas\/IGRE3535\/wp-json\/wp\/v2\/types\/post"}],"author":[{"embeddable":true,"href":"https:\/\/fabricadescripts.com.br\/igrejas\/IGRE3535\/wp-json\/wp\/v2\/users\/1"}],"replies":[{"embeddable":true,"href":"https:\/\/fabricadescripts.com.br\/igrejas\/IGRE3535\/wp-json\/wp\/v2\/comments?post=11735"}],"version-history":[{"count":0,"href":"https:\/\/fabricadescripts.com.br\/igrejas\/IGRE3535\/wp-json\/wp\/v2\/posts\/11735\/revisions"}],"wp:featuredmedia":[{"embeddable":true,"href":"https:\/\/fabricadescripts.com.br\/igrejas\/IGRE3535\/wp-json\/wp\/v2\/media\/11736"}],"wp:attachment":[{"href":"https:\/\/fabricadescripts.com.br\/igrejas\/IGRE3535\/wp-json\/wp\/v2\/media?parent=11735"}],"wp:term":[{"taxonomy":"category","embeddable":true,"href":"https:\/\/fabricadescripts.com.br\/igrejas\/IGRE3535\/wp-json\/wp\/v2\/categories?post=11735"},{"taxonomy":"post_tag","embeddable":true,"href":"https:\/\/fabricadescripts.com.br\/igrejas\/IGRE3535\/wp-json\/wp\/v2\/tags?post=11735"}],"curies":[{"name":"wp","href":"https:\/\/api.w.org\/{rel}","templated":true}]}}