{"id":11726,"date":"2026-04-03T13:38:33","date_gmt":"2026-04-03T16:38:33","guid":{"rendered":"https:\/\/fabricadescripts.com.br\/igrejas\/IGRE3535\/cidade-crista-na-siria-e-atacada-por-homens-armados-durante-semana-santa\/"},"modified":"2026-04-03T13:38:33","modified_gmt":"2026-04-03T16:38:33","slug":"cidade-crista-na-siria-e-atacada-por-homens-armados-durante-semana-santa","status":"publish","type":"post","link":"https:\/\/fabricadescripts.com.br\/igrejas\/IGRE3535\/cidade-crista-na-siria-e-atacada-por-homens-armados-durante-semana-santa\/","title":{"rendered":"Cidade crist\u00e3 na S\u00edria \u00e9 atacada por homens armados durante Semana Santa"},"content":{"rendered":"<div>\n<p><span>A cidade de Suqaylabiyah, que abriga uma das maiores <\/span><span><strong>comunidades crist\u00e3s<\/strong><\/span><span> na <\/span><span><strong>S\u00edria<\/strong><\/span><span>, foi atacada por um grupo de homens armados na v\u00e9spera do Domingo de Ramos.<\/span><\/p>\n<p><span>Segundo a AP News, tudo come\u00e7ou com uma discuss\u00e3o entre um morador de Suqaylabiyah e outro da cidade sunita Qalaat al-Madiq. Em seguida, dezenas de homens de Qalaat invadiram a cidade crist\u00e3 de motocicleta e atacaram lojas, casas e carros.<\/span><\/p>\n<p><span>O ataque iniciou na noite de sexta-feira (27) e foi at\u00e9 as primeiras horas de s\u00e1bado (28), causando p\u00e2nico entre os crist\u00e3os.<\/span><\/p>\n<blockquote data-instgrm-captioned data-instgrm-permalink=\"https:\/\/www.instagram.com\/reel\/DWcAgnKEcuK\/?utm_source=ig_embed&#038;utm_campaign=loading\" data-instgrm-version=\"14\"><\/blockquote>\n<p><span>&#8220;Passamos por um estado de terror, medo e p\u00e2nico&#8221;, relatou o morador local Liyan Dweir, cuja loja de roupas foi alvejada por balas e sofreu grandes danos.\u00a0<\/span><\/p>\n<p><span>Ele acrescentou que seus filhos ficaram apavorados durante o ataque que durou horas. &#8220;\u00c9 injusto que, por causa de uma discuss\u00e3o, duas cidades tenham se confrontado&#8221;, declarou Liyan.<\/span><\/p>\n<p><span>Outro morador de Suqaylabiyah, Nafeh al-Nader, disse que os agressores derrubaram o port\u00e3o de sua casa e colocaram fogo em um c\u00f4modo. Ele ainda contou que viu um vizinho ser agredido com um bast\u00e3o por um dos criminosos.<\/span><\/p>\n<p><span>For\u00e7as de seguran\u00e7a do governo foram enviadas \u00e0 cidade e a viol\u00eancia foi reprimida. N\u00e3o houve not\u00edcias sobre o estado das v\u00edtimas do ataque.<\/span><\/p>\n<p><span>No s\u00e1bado (28), centenas de moradores protestaram nas ruas de Suqaylabiyah, declarando greve at\u00e9 que os agressores sejam punidos pelas autoridades.\u00a0<\/span><\/p>\n<blockquote data-instgrm-captioned data-instgrm-permalink=\"https:\/\/www.instagram.com\/reel\/DWbTCqXAVnL\/?utm_source=ig_embed&#038;utm_campaign=loading\" data-instgrm-version=\"14\"><\/blockquote>\n<p><strong>Celebra\u00e7\u00f5es de P\u00e1scoa afetadas<\/strong><\/p>\n<p><span>Ap\u00f3s o ataque contra a comunidade crist\u00e3, as igrejas da regi\u00e3o decidiram diminuir as celebra\u00e7\u00f5es da Semana Santa.<\/span><\/p>\n<p><span>&#8220;Dadas as circunst\u00e2ncias atuais desanimadoras, decidimos, em coordena\u00e7\u00e3o e acordo com todas as igrejas, que as celebra\u00e7\u00f5es da P\u00e1scoa este ano ser\u00e3o limitadas a ora\u00e7\u00f5es apenas dentro das igrejas&#8221;, informou o Patriarcado Greco-Cat\u00f3lico em Antioquia e no Oriente em um comunicado divulgado no s\u00e1bado (28).<\/span><\/p>\n<p><strong>Crist\u00e3os em risco na S\u00edria<\/strong><\/p>\n<p><span>Conforme o Christian Today, o novo governo s\u00edrio tem sido incapaz de impedir a viol\u00eancia de grupos militantes armados.<\/span><\/p>\n<p><span>A vida se tornou mais desafiadora para os crist\u00e3os na S\u00edria sob a nova lideran\u00e7a de Ahmed al-Sharaa \u2013 ligado a grupos isl\u00e2micos \u2013 que assumiu a presid\u00eancia ap\u00f3s a queda de Assad em dezembro de 2024.<\/span><\/p>\n<p><span>O <\/span><span><strong>ataque terrorista \u00e0 Igreja do Profeta Elias<\/strong><\/span><span> em junho de 2025 reacendeu os temores da comunidade crist\u00e3 de sofrer mais persegui\u00e7\u00e3o de radicais isl\u00e2micos.<\/span><\/p>\n<p><span>Em mar\u00e7o do ano passado, confrontos entre for\u00e7as governamentais e combatentes pr\u00f3-Assad resultaram na morte de centenas de civis e soldados. Em menos de 24 horas, centenas de crist\u00e3os foram massacrados na regi\u00e3o costeira da S\u00edria por mu\u00e7ulmanos locais.\u00a0<\/span><\/p>\n<p><span>Relat\u00f3rios indicam que o ataque coordenado ocorreu nas regi\u00f5es s\u00edrias de Jableh e Baniyas, onde comunidades crist\u00e3s e alau\u00edtas vivem historicamente.<\/span><\/p>\n<p><span>Para Meletius Shattahi, um dos l\u00edderes do Patriarcado Ortodoxo Grego de Antioquia, o governo s\u00edrio n\u00e3o est\u00e1 fazendo o suficiente para proteger as comunidades crist\u00e3s.<\/span><\/p>\n<p><span>Shattahi contou que v\u00eddeos com amea\u00e7as circulam nas redes sociais, mostrando pregadores isl\u00e2micos armados defendendo o Isl\u00e3 em alto-falantes em bairros crist\u00e3os.<\/span><\/p>\n<p><span>Em 31 de dezembro, as autoridades locais impediram um ataque de homem-bomba a uma igreja em Alepo, 15 minutos antes do Ano Novo.<\/span><\/p>\n<p><span>Segundo a Portas Abertas, o terrorista detonou um cintur\u00e3o de explosivos, matando a si mesmo, um soldado e ferindo outros dois.<\/span><\/p>\n<\/div>\n","protected":false},"excerpt":{"rendered":"<p>A cidade de Suqaylabiyah, que abriga uma das maiores comunidades crist\u00e3s na S\u00edria, foi atacada por um grupo de homens armados na v\u00e9spera do Domingo de Ramos. Segundo a AP News, tudo come\u00e7ou com uma discuss\u00e3o entre um morador de Suqaylabiyah e outro da cidade sunita Qalaat al-Madiq. Em seguida, dezenas de homens de Qalaat invadiram a cidade crist\u00e3 de motocicleta e atacaram lojas, casas e carros. O ataque iniciou na noite de sexta-feira (27) e foi at\u00e9 as primeiras horas de s\u00e1bado (28), causando p\u00e2nico entre os crist\u00e3os. &#8220;Passamos por um estado de terror, medo e p\u00e2nico&#8221;, relatou o morador local Liyan Dweir, cuja loja de roupas foi alvejada por balas e sofreu grandes danos.\u00a0 Ele acrescentou que seus filhos ficaram apavorados durante o ataque que durou horas. &#8220;\u00c9 injusto que, por causa de uma discuss\u00e3o, duas cidades tenham se confrontado&#8221;, declarou Liyan. Outro morador de Suqaylabiyah, Nafeh al-Nader, disse que os agressores derrubaram o port\u00e3o de sua casa e colocaram fogo em um c\u00f4modo. Ele ainda contou que viu um vizinho ser agredido com um bast\u00e3o por um dos criminosos. For\u00e7as de seguran\u00e7a do governo foram enviadas \u00e0 cidade e a viol\u00eancia foi reprimida. N\u00e3o houve not\u00edcias sobre o estado das v\u00edtimas do ataque. No s\u00e1bado (28), centenas de moradores protestaram nas ruas de Suqaylabiyah, declarando greve at\u00e9 que os agressores sejam punidos pelas autoridades.\u00a0 Celebra\u00e7\u00f5es de P\u00e1scoa afetadas Ap\u00f3s o ataque contra a comunidade crist\u00e3, as igrejas da regi\u00e3o decidiram diminuir as celebra\u00e7\u00f5es da Semana Santa. &#8220;Dadas as circunst\u00e2ncias atuais desanimadoras, decidimos, em coordena\u00e7\u00e3o e acordo com todas as igrejas, que as celebra\u00e7\u00f5es da P\u00e1scoa este ano ser\u00e3o limitadas a ora\u00e7\u00f5es apenas dentro das igrejas&#8221;, informou o Patriarcado Greco-Cat\u00f3lico em Antioquia e no Oriente em um comunicado divulgado no s\u00e1bado (28). Crist\u00e3os em risco na S\u00edria Conforme o Christian Today, o novo governo s\u00edrio tem sido incapaz de impedir a viol\u00eancia de grupos militantes armados. A vida se tornou mais desafiadora para os crist\u00e3os na S\u00edria sob a nova lideran\u00e7a de Ahmed al-Sharaa \u2013 ligado a grupos isl\u00e2micos \u2013 que assumiu a presid\u00eancia ap\u00f3s a queda de Assad em dezembro de 2024. O ataque terrorista \u00e0 Igreja do Profeta Elias em junho de 2025 reacendeu os temores da comunidade crist\u00e3 de sofrer mais persegui\u00e7\u00e3o de radicais isl\u00e2micos. Em mar\u00e7o do ano passado, confrontos entre for\u00e7as governamentais e combatentes pr\u00f3-Assad resultaram na morte de centenas de civis e soldados. Em menos de 24 horas, centenas de crist\u00e3os foram massacrados na regi\u00e3o costeira da S\u00edria por mu\u00e7ulmanos locais.\u00a0 Relat\u00f3rios indicam que o ataque coordenado ocorreu nas regi\u00f5es s\u00edrias de Jableh e Baniyas, onde comunidades crist\u00e3s e alau\u00edtas vivem historicamente. Para Meletius Shattahi, um dos l\u00edderes do Patriarcado Ortodoxo Grego de Antioquia, o governo s\u00edrio n\u00e3o est\u00e1 fazendo o suficiente para proteger as comunidades crist\u00e3s. Shattahi contou que v\u00eddeos com amea\u00e7as circulam nas redes sociais, mostrando pregadores isl\u00e2micos armados defendendo o Isl\u00e3 em alto-falantes em bairros crist\u00e3os. Em 31 de dezembro, as autoridades locais impediram um ataque de homem-bomba a uma igreja em Alepo, 15 minutos antes do Ano Novo. Segundo a Portas Abertas, o terrorista detonou um cintur\u00e3o de explosivos, matando a si mesmo, um soldado e ferindo outros dois.<\/p>\n","protected":false},"author":1,"featured_media":11727,"comment_status":"closed","ping_status":"closed","sticky":false,"template":"","format":"standard","meta":{"footnotes":""},"categories":[11],"tags":[],"class_list":["post-11726","post","type-post","status-publish","format-standard","has-post-thumbnail","hentry","category-brasil"],"acf":[],"_links":{"self":[{"href":"https:\/\/fabricadescripts.com.br\/igrejas\/IGRE3535\/wp-json\/wp\/v2\/posts\/11726","targetHints":{"allow":["GET"]}}],"collection":[{"href":"https:\/\/fabricadescripts.com.br\/igrejas\/IGRE3535\/wp-json\/wp\/v2\/posts"}],"about":[{"href":"https:\/\/fabricadescripts.com.br\/igrejas\/IGRE3535\/wp-json\/wp\/v2\/types\/post"}],"author":[{"embeddable":true,"href":"https:\/\/fabricadescripts.com.br\/igrejas\/IGRE3535\/wp-json\/wp\/v2\/users\/1"}],"replies":[{"embeddable":true,"href":"https:\/\/fabricadescripts.com.br\/igrejas\/IGRE3535\/wp-json\/wp\/v2\/comments?post=11726"}],"version-history":[{"count":0,"href":"https:\/\/fabricadescripts.com.br\/igrejas\/IGRE3535\/wp-json\/wp\/v2\/posts\/11726\/revisions"}],"wp:featuredmedia":[{"embeddable":true,"href":"https:\/\/fabricadescripts.com.br\/igrejas\/IGRE3535\/wp-json\/wp\/v2\/media\/11727"}],"wp:attachment":[{"href":"https:\/\/fabricadescripts.com.br\/igrejas\/IGRE3535\/wp-json\/wp\/v2\/media?parent=11726"}],"wp:term":[{"taxonomy":"category","embeddable":true,"href":"https:\/\/fabricadescripts.com.br\/igrejas\/IGRE3535\/wp-json\/wp\/v2\/categories?post=11726"},{"taxonomy":"post_tag","embeddable":true,"href":"https:\/\/fabricadescripts.com.br\/igrejas\/IGRE3535\/wp-json\/wp\/v2\/tags?post=11726"}],"curies":[{"name":"wp","href":"https:\/\/api.w.org\/{rel}","templated":true}]}}