{"id":11703,"date":"2026-04-02T10:00:53","date_gmt":"2026-04-02T13:00:53","guid":{"rendered":"https:\/\/fabricadescripts.com.br\/igrejas\/IGRE3535\/primeira-igreja-de-lucifer-do-rs-sera-inaugurada-na-vespera-da-sexta-feira-santa\/"},"modified":"2026-04-02T10:00:53","modified_gmt":"2026-04-02T13:00:53","slug":"primeira-igreja-de-lucifer-do-rs-sera-inaugurada-na-vespera-da-sexta-feira-santa","status":"publish","type":"post","link":"https:\/\/fabricadescripts.com.br\/igrejas\/IGRE3535\/primeira-igreja-de-lucifer-do-rs-sera-inaugurada-na-vespera-da-sexta-feira-santa\/","title":{"rendered":"Primeira \u201cIgreja\u201d de L\u00facifer do RS ser\u00e1 inaugurada na v\u00e9spera da Sexta-feira Santa"},"content":{"rendered":"<div>\n<p><span>A primeira <\/span><span><strong>\u201cIgreja\u201d de L\u00facifer <\/strong><\/span><span>do Rio Grande do Sul (RS) ser\u00e1 inaugurada em Porto Alegre na quinta-feira (2), v\u00e9spera da Sexta-feira Santa.<\/span><\/p>\n<p><span>Segundo o fundador do local, Lukas de Bar\u00e1 da Rua, representante da \u201cNova Ordem de L\u00facifer na Terra\u201d, a constru\u00e7\u00e3o do templo foi motivada pela demanda de praticantes do <\/span><span><strong>satanismo<\/strong><\/span><span> no estado.<\/span><\/p>\n<p><span>\u201cJ\u00e1 existem outras Igrejas de L\u00facifer no Brasil, mas essa \u00e9 a primeira do Rio Grande do Sul. Nossa inten\u00e7\u00e3o \u00e9 mostrar a for\u00e7a de L\u00facifer e desmistificar essa imagem que foi criada pelo cristianismo\u201d, afirmou ele, ao G1.<\/span><\/p>\n<p><span>O espa\u00e7o tem formato de \u201cigreja\u201d nas cores vermelho e preto, com est\u00e1tuas de dem\u00f4nios e pentagramas. O endere\u00e7o do templo n\u00e3o foi divulgado.<\/span><\/p>\n<p><span>Lukas explicou porque o local ser\u00e1 inaugurado na v\u00e9spera da Sexta-feira Santa. \u201cDe quinta para Sexta-feira Santa tem um portal aberto, isso traz muito mais energia aos trabalhos. Vamos fazer muitas pactua\u00e7\u00f5es, alian\u00e7as, tratos e amarra\u00e7\u00f5es. Vamos receber os donos dessa igreja\u201d, alegou ele.<\/span><\/p>\n<p><span>Ap\u00f3s a inaugura\u00e7\u00e3o, o templo ocultista vai estar aberto apenas para convidados indicados pelos praticantes.<\/span><\/p>\n<p><span>No Instagram, muitos usu\u00e1rios condenaram a inaugura\u00e7\u00e3o do local sat\u00e2nico. \u201cAs portas do inferno j\u00e1 est\u00e3o sendo abertas.Vigiar e orar para n\u00e3o cair em tenta\u00e7\u00e3o e pedir a Deus nos livrar de todo o mal. O diabo est\u00e1 rugindo como le\u00e3o procurando almas para levar com ele\u201d, disse uma mulher.<\/span><\/p>\n<p><span>E outra internauta comentou: \u201cPor isso que Deus est\u00e1 vomitando as iniquidades desse mundo! O mundo j\u00e1 \u00e9 do maligno mesmo, o que n\u00f3s resta \u00e9 se manter na presen\u00e7a de Deus\u201d.<\/span><\/p>\n<p><strong>Templo sat\u00e2nico barrado em 2024<\/strong><\/p>\n<p><span>A abertura da \u201cIgreja Luciferiana\u201d acontece ap\u00f3s a Justi\u00e7a do RS barrar a inaugura\u00e7\u00e3o do <\/span><span><strong>Templo de L\u00facifer<\/strong><\/span><span> por Lukas de Bar\u00e1 da Rua na cidade de Gravata\u00ed, em 2024.<\/span><\/p>\n<p><span>O santu\u00e1rio com uma est\u00e1tua de 5 metros representando L\u00facifer foi barrado por falta de alvar\u00e1 de funcionamento e foi alvo de cr\u00edticas nas redes sociais.<\/span><\/p>\n<p><span>Em janeiro de 2025, a \u201cIgreja\u201d da Pombagira tamb\u00e9m foi inaugurada em Porto Alegre (RS). Embora o templo, assim como a \u201cIgreja\u201d de L\u00facifer, promovam rituais de religi\u00f5es de Matriz Africana, foram chamadas de \u201cIgrejas\u201d \u2013 um termo restrito \u00e0s organiza\u00e7\u00f5es eclesi\u00e1sticas do cristianismo, incluindo igrejas evang\u00e9licas, protestantes, cat\u00f3licas e do cristianismo oriental.<\/span><\/p>\n<p><span>Na \u00e9poca, a \u201cIgreja\u201d da Pombagira recebeu cr\u00edticas nas redes sociais por se apropriar da cultura crist\u00e3 e dos termos crist\u00e3os.<\/span><\/p>\n<p><span>\u201cIgreja s\u00f3 existe a que Jesus nos deixou\u201d, escreveu um usu\u00e1rio, nos coment\u00e1rios de um v\u00eddeo anunciando a constru\u00e7\u00e3o do local, publicado pelo influenciador Vinicius da Ilha no Instagram.<\/span><\/p>\n<p><span>Outra internauta afirmou: \u201cDeus est\u00e1 mostrando as obras de Satan\u00e1s que antes vivia oculta, estamos vivendo os \u00faltimos dias aqui na terra. Eu e minha fam\u00edlia serviremos ao Senhor e as portas do inferno n\u00e3o h\u00e1 de prevalecer contra a nossa escolha\u201d.<\/span><\/p>\n<p><strong>O que a B\u00edblia diz?<\/strong><\/p>\n<p><span>Em latim, L\u00facifer significa &#8220;estrela da manh\u00e3&#8221;. Para Lukas, \u201cL\u00facifer \u00e9 um deus que, assim como tantos outros, foi demonizado pela Igreja Cat\u00f3lica. L\u00facifer \u00e9 o portador da luz, do autoconhecimento&#8221;.<\/span><\/p>\n<p><span>No entanto, no cristianismo, o L\u00facifer se refere ao nome do diabo antes de cair do C\u00e9u.<\/span><\/p>\n<p><span>A Palavra de Deus afirma em \u202d\u202dIsa\u00edas\u202c \u202d14\u202c:\u202d12\u202c-\u202d15: \u201cComo voc\u00ea caiu dos c\u00e9us, \u00f3 estrela da manh\u00e3, filho da alvorada! Como foi atirado \u00e0 terra, voc\u00ea, que derrubava as na\u00e7\u00f5es! Voc\u00ea, que dizia no seu cora\u00e7\u00e3o: \u2018Subirei aos c\u00e9us; erguerei o meu trono acima das estrelas de Deus; eu me assentarei no monte da assembleia, no ponto mais elevado do monte santo. Subirei mais alto que as mais altas nuvens; serei como o Alt\u00edssimo\u2019. Mas \u00e0s profundezas do Sheol voc\u00ea ser\u00e1 levado, ir\u00e1 ao fundo do abismo\u201d.<\/span><\/p>\n<p><strong>\u201cMaior \u00e9 o que est\u00e1 conosco\u201d<\/strong><\/p>\n<p><span>Comentando sobre o aumento de institui\u00e7\u00f5es satanistas no Brasil, que antes eram ocultas ao grande p\u00fablico, o pastor Jo\u00e3o Ant\u00f4nio de Souza Filho lembrou que <\/span><span><strong>as for\u00e7as malignas n\u00e3o t\u00eam poder contra a Igreja<\/strong><\/span><span>.<\/span><\/p>\n<p><span>\u201cN\u00e3o vai afetar em nada a Igreja. \u00c9 s\u00f3 mais uma presen\u00e7a dele aqui no nosso estado\u201d, afirmou ele, em v\u00eddeo no Instagram sobre a constru\u00e7\u00e3o de uma est\u00e1tua de L\u00facifer em Gravata\u00ed (RS).<\/span><\/p>\n<p><span>Para o pastor, o crescimento do ocultismo incentivar\u00e1 a Igreja no Rio Grande do Sul a buscar mais o poder de Deus.<\/span><\/p>\n<p><span>\u201cIsso vai deixar a Igreja mais forte, mais din\u00e2mica, mais guerreira. Ent\u00e3o, n\u00e3o se preocupe com essas manifesta\u00e7\u00f5es\u201d, encorajou.<\/span><\/p>\n<p><span>O historiador ainda deu o exemplo de S\u00e3o Francisco, na Calif\u00f3rnia, Estados Unidos, onde se iniciou a Igreja de Satan\u00e1s. Apesar da presen\u00e7a do ocultismo na cidade, a igreja local continuou caminhando forte.<\/span><\/p>\n<p><span>\u201cVamos sofrer fortes opress\u00f5es espirituais, mas maior \u00e9 aquele que est\u00e1 conosco do que aquele que est\u00e1 no mundo\u201d, declarou o pastor Jo\u00e3o.<\/span><\/p>\n<p><span>\u201cEnt\u00e3o, n\u00e3o se apavore, isso vai levar a Igreja a orar mais, a buscar mais a Deus, a jejuar e a afiar a sua espada contra as for\u00e7as inimigas\u201d, concluiu.<\/span><\/p>\n<\/div>\n","protected":false},"excerpt":{"rendered":"<p>A primeira \u201cIgreja\u201d de L\u00facifer do Rio Grande do Sul (RS) ser\u00e1 inaugurada em Porto Alegre na quinta-feira (2), v\u00e9spera da Sexta-feira Santa. Segundo o fundador do local, Lukas de Bar\u00e1 da Rua, representante da \u201cNova Ordem de L\u00facifer na Terra\u201d, a constru\u00e7\u00e3o do templo foi motivada pela demanda de praticantes do satanismo no estado. \u201cJ\u00e1 existem outras Igrejas de L\u00facifer no Brasil, mas essa \u00e9 a primeira do Rio Grande do Sul. Nossa inten\u00e7\u00e3o \u00e9 mostrar a for\u00e7a de L\u00facifer e desmistificar essa imagem que foi criada pelo cristianismo\u201d, afirmou ele, ao G1. O espa\u00e7o tem formato de \u201cigreja\u201d nas cores vermelho e preto, com est\u00e1tuas de dem\u00f4nios e pentagramas. O endere\u00e7o do templo n\u00e3o foi divulgado. Lukas explicou porque o local ser\u00e1 inaugurado na v\u00e9spera da Sexta-feira Santa. \u201cDe quinta para Sexta-feira Santa tem um portal aberto, isso traz muito mais energia aos trabalhos. Vamos fazer muitas pactua\u00e7\u00f5es, alian\u00e7as, tratos e amarra\u00e7\u00f5es. Vamos receber os donos dessa igreja\u201d, alegou ele. Ap\u00f3s a inaugura\u00e7\u00e3o, o templo ocultista vai estar aberto apenas para convidados indicados pelos praticantes. No Instagram, muitos usu\u00e1rios condenaram a inaugura\u00e7\u00e3o do local sat\u00e2nico. \u201cAs portas do inferno j\u00e1 est\u00e3o sendo abertas.Vigiar e orar para n\u00e3o cair em tenta\u00e7\u00e3o e pedir a Deus nos livrar de todo o mal. O diabo est\u00e1 rugindo como le\u00e3o procurando almas para levar com ele\u201d, disse uma mulher. E outra internauta comentou: \u201cPor isso que Deus est\u00e1 vomitando as iniquidades desse mundo! O mundo j\u00e1 \u00e9 do maligno mesmo, o que n\u00f3s resta \u00e9 se manter na presen\u00e7a de Deus\u201d. Templo sat\u00e2nico barrado em 2024 A abertura da \u201cIgreja Luciferiana\u201d acontece ap\u00f3s a Justi\u00e7a do RS barrar a inaugura\u00e7\u00e3o do Templo de L\u00facifer por Lukas de Bar\u00e1 da Rua na cidade de Gravata\u00ed, em 2024. O santu\u00e1rio com uma est\u00e1tua de 5 metros representando L\u00facifer foi barrado por falta de alvar\u00e1 de funcionamento e foi alvo de cr\u00edticas nas redes sociais. Em janeiro de 2025, a \u201cIgreja\u201d da Pombagira tamb\u00e9m foi inaugurada em Porto Alegre (RS). Embora o templo, assim como a \u201cIgreja\u201d de L\u00facifer, promovam rituais de religi\u00f5es de Matriz Africana, foram chamadas de \u201cIgrejas\u201d \u2013 um termo restrito \u00e0s organiza\u00e7\u00f5es eclesi\u00e1sticas do cristianismo, incluindo igrejas evang\u00e9licas, protestantes, cat\u00f3licas e do cristianismo oriental. Na \u00e9poca, a \u201cIgreja\u201d da Pombagira recebeu cr\u00edticas nas redes sociais por se apropriar da cultura crist\u00e3 e dos termos crist\u00e3os. \u201cIgreja s\u00f3 existe a que Jesus nos deixou\u201d, escreveu um usu\u00e1rio, nos coment\u00e1rios de um v\u00eddeo anunciando a constru\u00e7\u00e3o do local, publicado pelo influenciador Vinicius da Ilha no Instagram. Outra internauta afirmou: \u201cDeus est\u00e1 mostrando as obras de Satan\u00e1s que antes vivia oculta, estamos vivendo os \u00faltimos dias aqui na terra. Eu e minha fam\u00edlia serviremos ao Senhor e as portas do inferno n\u00e3o h\u00e1 de prevalecer contra a nossa escolha\u201d. O que a B\u00edblia diz? Em latim, L\u00facifer significa &#8220;estrela da manh\u00e3&#8221;. Para Lukas, \u201cL\u00facifer \u00e9 um deus que, assim como tantos outros, foi demonizado pela Igreja Cat\u00f3lica. L\u00facifer \u00e9 o portador da luz, do autoconhecimento&#8221;. No entanto, no cristianismo, o L\u00facifer se refere ao nome do diabo antes de cair do C\u00e9u. A Palavra de Deus afirma em \u202d\u202dIsa\u00edas\u202c \u202d14\u202c:\u202d12\u202c-\u202d15: \u201cComo voc\u00ea caiu dos c\u00e9us, \u00f3 estrela da manh\u00e3, filho da alvorada! Como foi atirado \u00e0 terra, voc\u00ea, que derrubava as na\u00e7\u00f5es! Voc\u00ea, que dizia no seu cora\u00e7\u00e3o: \u2018Subirei aos c\u00e9us; erguerei o meu trono acima das estrelas de Deus; eu me assentarei no monte da assembleia, no ponto mais elevado do monte santo. Subirei mais alto que as mais altas nuvens; serei como o Alt\u00edssimo\u2019. Mas \u00e0s profundezas do Sheol voc\u00ea ser\u00e1 levado, ir\u00e1 ao fundo do abismo\u201d. \u201cMaior \u00e9 o que est\u00e1 conosco\u201d Comentando sobre o aumento de institui\u00e7\u00f5es satanistas no Brasil, que antes eram ocultas ao grande p\u00fablico, o pastor Jo\u00e3o Ant\u00f4nio de Souza Filho lembrou que as for\u00e7as malignas n\u00e3o t\u00eam poder contra a Igreja. \u201cN\u00e3o vai afetar em nada a Igreja. \u00c9 s\u00f3 mais uma presen\u00e7a dele aqui no nosso estado\u201d, afirmou ele, em v\u00eddeo no Instagram sobre a constru\u00e7\u00e3o de uma est\u00e1tua de L\u00facifer em Gravata\u00ed (RS). Para o pastor, o crescimento do ocultismo incentivar\u00e1 a Igreja no Rio Grande do Sul a buscar mais o poder de Deus. \u201cIsso vai deixar a Igreja mais forte, mais din\u00e2mica, mais guerreira. Ent\u00e3o, n\u00e3o se preocupe com essas manifesta\u00e7\u00f5es\u201d, encorajou. O historiador ainda deu o exemplo de S\u00e3o Francisco, na Calif\u00f3rnia, Estados Unidos, onde se iniciou a Igreja de Satan\u00e1s. Apesar da presen\u00e7a do ocultismo na cidade, a igreja local continuou caminhando forte. \u201cVamos sofrer fortes opress\u00f5es espirituais, mas maior \u00e9 aquele que est\u00e1 conosco do que aquele que est\u00e1 no mundo\u201d, declarou o pastor Jo\u00e3o. \u201cEnt\u00e3o, n\u00e3o se apavore, isso vai levar a Igreja a orar mais, a buscar mais a Deus, a jejuar e a afiar a sua espada contra as for\u00e7as inimigas\u201d, concluiu.<\/p>\n","protected":false},"author":1,"featured_media":11704,"comment_status":"closed","ping_status":"closed","sticky":false,"template":"","format":"standard","meta":{"footnotes":""},"categories":[11],"tags":[],"class_list":["post-11703","post","type-post","status-publish","format-standard","has-post-thumbnail","hentry","category-brasil"],"acf":[],"_links":{"self":[{"href":"https:\/\/fabricadescripts.com.br\/igrejas\/IGRE3535\/wp-json\/wp\/v2\/posts\/11703","targetHints":{"allow":["GET"]}}],"collection":[{"href":"https:\/\/fabricadescripts.com.br\/igrejas\/IGRE3535\/wp-json\/wp\/v2\/posts"}],"about":[{"href":"https:\/\/fabricadescripts.com.br\/igrejas\/IGRE3535\/wp-json\/wp\/v2\/types\/post"}],"author":[{"embeddable":true,"href":"https:\/\/fabricadescripts.com.br\/igrejas\/IGRE3535\/wp-json\/wp\/v2\/users\/1"}],"replies":[{"embeddable":true,"href":"https:\/\/fabricadescripts.com.br\/igrejas\/IGRE3535\/wp-json\/wp\/v2\/comments?post=11703"}],"version-history":[{"count":0,"href":"https:\/\/fabricadescripts.com.br\/igrejas\/IGRE3535\/wp-json\/wp\/v2\/posts\/11703\/revisions"}],"wp:featuredmedia":[{"embeddable":true,"href":"https:\/\/fabricadescripts.com.br\/igrejas\/IGRE3535\/wp-json\/wp\/v2\/media\/11704"}],"wp:attachment":[{"href":"https:\/\/fabricadescripts.com.br\/igrejas\/IGRE3535\/wp-json\/wp\/v2\/media?parent=11703"}],"wp:term":[{"taxonomy":"category","embeddable":true,"href":"https:\/\/fabricadescripts.com.br\/igrejas\/IGRE3535\/wp-json\/wp\/v2\/categories?post=11703"},{"taxonomy":"post_tag","embeddable":true,"href":"https:\/\/fabricadescripts.com.br\/igrejas\/IGRE3535\/wp-json\/wp\/v2\/tags?post=11703"}],"curies":[{"name":"wp","href":"https:\/\/api.w.org\/{rel}","templated":true}]}}