{"id":11697,"date":"2026-04-01T10:01:52","date_gmt":"2026-04-01T13:01:52","guid":{"rendered":"https:\/\/fabricadescripts.com.br\/igrejas\/IGRE3535\/estudante-de-direito-evangeliza-amigos-na-faculdade-em-mg-meu-campo-missionario\/"},"modified":"2026-04-01T10:01:52","modified_gmt":"2026-04-01T13:01:52","slug":"estudante-de-direito-evangeliza-amigos-na-faculdade-em-mg-meu-campo-missionario","status":"publish","type":"post","link":"https:\/\/fabricadescripts.com.br\/igrejas\/IGRE3535\/estudante-de-direito-evangeliza-amigos-na-faculdade-em-mg-meu-campo-missionario\/","title":{"rendered":"Estudante de Direito evangeliza amigos na faculdade em MG: \u2018Meu campo mission\u00e1rio\u2019"},"content":{"rendered":"<div>\n<p><span>Uma jovem universit\u00e1ria encontrou seu prop\u00f3sito em meio \u00e0 rotina da vida acad\u00eamica ap\u00f3s participar de um <\/span><span><strong>estudo b\u00edblico<\/strong><\/span><span> na faculdade que tem levado muitos jovens a Jesus.<\/span><\/p>\n<p><span>Mariana Brito, estudante de Direito, passou a participar de um grupo de estudo b\u00edblico realizado duas vezes por semana, durante o intervalo das aulas na Universidade de Uberaba (UNIUBE), campus de Uberl\u00e2ndia (MG).<\/span><\/p>\n<p><span>\u00c0 medida que participava dos encontros, Mariana teve a f\u00e9 fortalecida e passou a entender a oportunidade de evangelizar outros <\/span><strong><span>estudantes<\/span> <\/strong><span>como sua miss\u00e3o.<\/span><\/p>\n<p><span>\u201cTalvez eu possa ser a \u00fanica B\u00edblia que muitos v\u00e3o ler. Muitos n\u00e3o v\u00e3o \u00e0 igreja, mas eu posso levar a Palavra de Deus at\u00e9 eles\u201d, disse a jovem ao Not\u00edcias Adventistas.<\/span><\/p>\n<p><strong>Prop\u00f3sito de Deus<\/strong><\/p>\n<p><span>Desde que come\u00e7ou a estudar a B\u00edblia, Mariana cresceu em seu relacionamento com Deus e busca refletir Cristo no dia a dia.<\/span><\/p>\n<p><span>Entre estudos, trabalho e outros compromissos, ela afirmou: \u201cNa correria, parece que o tempo voa, mas eu entendi que estou aqui com um prop\u00f3sito. Deus precisa ser prioridade\u201d.<\/span><\/p>\n<p><span>Assim, a faculdade se tornou seu campo mission\u00e1rio: \u201cDessa forma, ao transformar sua sala de aula em um lugar de testemunho, Mariana inspira outros a fazerem o mesmo: reconhecer que o lugar onde cada um est\u00e1 \u00e9, tamb\u00e9m, o lugar onde Deus quer agir\u201d.<\/span><\/p>\n<p><span><br \/><\/span><sup><span>O grupo de estudo b\u00edblico acontece duas vezes por semana durante o intervalo das aulas. (Foto: Reprodu\u00e7\u00e3o\/Not\u00edcias Adventistas)<\/span><\/sup><\/p>\n<p><span>No dia 21 de mar\u00e7o, muitos jovens mobilizaram uma a\u00e7\u00e3o evangel\u00edstica na regi\u00e3o oeste e sudoeste de Minas Gerais.<\/span><\/p>\n<p><span>Dentre as a\u00e7\u00f5es evangel\u00edsticas, eles realizaram visitas a pessoas afastadas da igreja, atividades em asilos e orfanatos, feiras de sa\u00fade, arrecada\u00e7\u00e3o de alimentos e serenatas.\u00a0<\/span><\/p>\n<p><span>O objetivo de cada iniciativa era demonstrar, na pr\u00e1tica, o amor de Jesus. Al\u00e9m disso, igrejas locais tamb\u00e9m participaram das a\u00e7\u00f5es encorajando os jovens a se posicionarem como \u201cagentes de transforma\u00e7\u00e3o\u201d.<\/span><\/p>\n<\/div>\n","protected":false},"excerpt":{"rendered":"<p>Uma jovem universit\u00e1ria encontrou seu prop\u00f3sito em meio \u00e0 rotina da vida acad\u00eamica ap\u00f3s participar de um estudo b\u00edblico na faculdade que tem levado muitos jovens a Jesus. Mariana Brito, estudante de Direito, passou a participar de um grupo de estudo b\u00edblico realizado duas vezes por semana, durante o intervalo das aulas na Universidade de Uberaba (UNIUBE), campus de Uberl\u00e2ndia (MG). \u00c0 medida que participava dos encontros, Mariana teve a f\u00e9 fortalecida e passou a entender a oportunidade de evangelizar outros estudantes como sua miss\u00e3o. \u201cTalvez eu possa ser a \u00fanica B\u00edblia que muitos v\u00e3o ler. Muitos n\u00e3o v\u00e3o \u00e0 igreja, mas eu posso levar a Palavra de Deus at\u00e9 eles\u201d, disse a jovem ao Not\u00edcias Adventistas. Prop\u00f3sito de Deus Desde que come\u00e7ou a estudar a B\u00edblia, Mariana cresceu em seu relacionamento com Deus e busca refletir Cristo no dia a dia. Entre estudos, trabalho e outros compromissos, ela afirmou: \u201cNa correria, parece que o tempo voa, mas eu entendi que estou aqui com um prop\u00f3sito. Deus precisa ser prioridade\u201d. Assim, a faculdade se tornou seu campo mission\u00e1rio: \u201cDessa forma, ao transformar sua sala de aula em um lugar de testemunho, Mariana inspira outros a fazerem o mesmo: reconhecer que o lugar onde cada um est\u00e1 \u00e9, tamb\u00e9m, o lugar onde Deus quer agir\u201d. O grupo de estudo b\u00edblico acontece duas vezes por semana durante o intervalo das aulas. (Foto: Reprodu\u00e7\u00e3o\/Not\u00edcias Adventistas) No dia 21 de mar\u00e7o, muitos jovens mobilizaram uma a\u00e7\u00e3o evangel\u00edstica na regi\u00e3o oeste e sudoeste de Minas Gerais. Dentre as a\u00e7\u00f5es evangel\u00edsticas, eles realizaram visitas a pessoas afastadas da igreja, atividades em asilos e orfanatos, feiras de sa\u00fade, arrecada\u00e7\u00e3o de alimentos e serenatas.\u00a0 O objetivo de cada iniciativa era demonstrar, na pr\u00e1tica, o amor de Jesus. Al\u00e9m disso, igrejas locais tamb\u00e9m participaram das a\u00e7\u00f5es encorajando os jovens a se posicionarem como \u201cagentes de transforma\u00e7\u00e3o\u201d.<\/p>\n","protected":false},"author":1,"featured_media":11698,"comment_status":"closed","ping_status":"closed","sticky":false,"template":"","format":"standard","meta":{"footnotes":""},"categories":[14],"tags":[],"class_list":["post-11697","post","type-post","status-publish","format-standard","has-post-thumbnail","hentry","category-missoes"],"acf":[],"_links":{"self":[{"href":"https:\/\/fabricadescripts.com.br\/igrejas\/IGRE3535\/wp-json\/wp\/v2\/posts\/11697","targetHints":{"allow":["GET"]}}],"collection":[{"href":"https:\/\/fabricadescripts.com.br\/igrejas\/IGRE3535\/wp-json\/wp\/v2\/posts"}],"about":[{"href":"https:\/\/fabricadescripts.com.br\/igrejas\/IGRE3535\/wp-json\/wp\/v2\/types\/post"}],"author":[{"embeddable":true,"href":"https:\/\/fabricadescripts.com.br\/igrejas\/IGRE3535\/wp-json\/wp\/v2\/users\/1"}],"replies":[{"embeddable":true,"href":"https:\/\/fabricadescripts.com.br\/igrejas\/IGRE3535\/wp-json\/wp\/v2\/comments?post=11697"}],"version-history":[{"count":0,"href":"https:\/\/fabricadescripts.com.br\/igrejas\/IGRE3535\/wp-json\/wp\/v2\/posts\/11697\/revisions"}],"wp:featuredmedia":[{"embeddable":true,"href":"https:\/\/fabricadescripts.com.br\/igrejas\/IGRE3535\/wp-json\/wp\/v2\/media\/11698"}],"wp:attachment":[{"href":"https:\/\/fabricadescripts.com.br\/igrejas\/IGRE3535\/wp-json\/wp\/v2\/media?parent=11697"}],"wp:term":[{"taxonomy":"category","embeddable":true,"href":"https:\/\/fabricadescripts.com.br\/igrejas\/IGRE3535\/wp-json\/wp\/v2\/categories?post=11697"},{"taxonomy":"post_tag","embeddable":true,"href":"https:\/\/fabricadescripts.com.br\/igrejas\/IGRE3535\/wp-json\/wp\/v2\/tags?post=11697"}],"curies":[{"name":"wp","href":"https:\/\/api.w.org\/{rel}","templated":true}]}}