{"id":11691,"date":"2026-04-01T10:01:50","date_gmt":"2026-04-01T13:01:50","guid":{"rendered":"https:\/\/fabricadescripts.com.br\/igrejas\/IGRE3535\/pastor-aprende-libras-para-batizar-jovem-surdo-e-emociona-ha-lugar-a-mesa\/"},"modified":"2026-04-01T10:01:50","modified_gmt":"2026-04-01T13:01:50","slug":"pastor-aprende-libras-para-batizar-jovem-surdo-e-emociona-ha-lugar-a-mesa","status":"publish","type":"post","link":"https:\/\/fabricadescripts.com.br\/igrejas\/IGRE3535\/pastor-aprende-libras-para-batizar-jovem-surdo-e-emociona-ha-lugar-a-mesa\/","title":{"rendered":"Pastor aprende Libras para batizar jovem surdo e emociona: \u201cH\u00e1 lugar \u00e0 mesa\u201d"},"content":{"rendered":"<div>\n<p><span>Ap\u00f3s estudar Libras, um pastor emocionou ao conduzir o batismo de um jovem <\/span><span><strong>surdo<\/strong><\/span><span>, comunicando-se com ele em sua pr\u00f3pria l\u00edngua durante o culto em uma igreja em S\u00e3o Paulo, no \u00faltimo domingo (29).<\/span><\/p>\n<p><span>O batismo ocorreu na Igreja Red, em Indaiatuba, no interior de S\u00e3o Paulo, onde o pastor Tiago Mattes realizou o batismo de Matheus em uma piscina improvisada no templo.<\/span><\/p>\n<p><span>\u201cMatheus, hoje \u00e9 um dia muito especial para mim e para n\u00f3s. Eu estou muito feliz de batizar voc\u00ea\u201d, disse o pastor em <\/span><span><strong>Libras<\/strong><\/span><span>, enquanto narrava os movimentos para a igreja.<\/span><\/p>\n<p><span>E continuou: \u201cEu tenho uma pergunta para ti. Voc\u00ea cr\u00ea que Jesus Cristo \u00e9 o seu salvador?\u201d. Emocionado, Matheus respondeu: \u201cEu creio\u201d.\u00a0<\/span><\/p>\n<p><span>\u201cPor causa disso, eu te batizo em nome do Pai, do Filho e do Esp\u00edrito Santo. Am\u00e9m\u201d, acrescentou Tiago, antes de descer o jovem \u00e0s \u00e1guas.<\/span><\/p>\n<blockquote data-instgrm-permalink=\"https:\/\/www.instagram.com\/reel\/DWhdw93gbwJ\/?utm_source=ig_embed&#038;utm_campaign=loading\" data-instgrm-version=\"14\"><\/blockquote>\n<p><span>A igreja acompanhou a iniciativa do pastor e tamb\u00e9m utilizou a<\/span> <span><strong>linguagem de sinais<\/strong><\/span><span> para aplaudir, tornando o momento ainda mais acess\u00edvel ao jovem surdo.<\/span><\/p>\n<p><strong>\u2018H\u00e1 lugar \u00e0 mesa\u2019<\/strong><\/p>\n<p><span>Tiago compartilhou o v\u00eddeo do batismo em suas redes sociais e relatou: \u201cTive o privil\u00e9gio de batizar o Matheus. Ele \u00e9 surdo. Eu queria muito falar com ele diretamente na sua l\u00edngua, em Libras. Passei o final de semana ensaiando. Sou muito grato \u00e0s volunt\u00e1rias que me ajudaram nisso\u201d.<\/span><\/p>\n<p><span>Em seguida, ele refletiu sobre a import\u00e2ncia de as igrejas se envolverem em a\u00e7\u00f5es acess\u00edveis para todos os p\u00fablicos:<\/span><\/p>\n<p><span>\u201cAquele momento n\u00e3o foi s\u00f3 emocionante. Foi um retrato claro do que tenho aprendido com Jesus e do que estamos buscando construir como igreja. Um lugar onde todas as pessoas, com qualquer tipo de limita\u00e7\u00e3o, seja espiritual, f\u00edsica ou emocional, encontram espa\u00e7o, s\u00e3o amadas e caminham com Jesus\u201d.<\/span><\/p>\n<p><span>\u201cCreio que isso \u00e9 o Evangelho. Jesus veio ao nosso encontro, falando a nossa l\u00edngua, entrando na nossa realidade, nos alcan\u00e7ando como estamos. Todos s\u00e3o chamados para o seu Reino. H\u00e1 lugar \u00e0 mesa. E a igreja existe para abrir caminho, remover barreiras e apontar para Ele\u201d, acrescentou.<\/span><\/p>\n<p><span>Segundo a Junta de Miss\u00f5es Nacionais, no Brasil existem mais de 10 milh\u00f5es de surdos e deficientes auditivos. Apenas cerca de 20% se comunica em Libras.\u00a0<\/span><\/p>\n<p><span>\u201cIsso tamb\u00e9m \u00e9 um <\/span><span><strong>desafio mission\u00e1rio<\/strong><\/span><span>\u201d, afirmou a miss\u00e3o.<\/span><\/p>\n<p><span>A organiza\u00e7\u00e3o destacou que evangelizar surdos \u00e9 uma miss\u00e3o transcultural, j\u00e1 que a comunidade surda possui l\u00edngua pr\u00f3pria (Libras), al\u00e9m de cultura e identidade pr\u00f3prias.\u00a0<\/span><\/p>\n<p><span>\u201cPara alcan\u00e7ar, \u00e9 preciso comunicar. Muitos nunca tiveram acesso pleno \u00e0 sua pr\u00f3pria l\u00edngua. Muitos nunca ouviram o Evangelho em Libras. Sabemos que n\u00e3o \u00e9 apenas inclus\u00e3o. \u00c9 discipulado. \u00c9 planta\u00e7\u00e3o de igrejas. \u00c9 miss\u00e3o. O Evangelho \u00e9 para todos\u201d, concluiu.<\/span><\/p>\n<\/div>\n","protected":false},"excerpt":{"rendered":"<p>Ap\u00f3s estudar Libras, um pastor emocionou ao conduzir o batismo de um jovem surdo, comunicando-se com ele em sua pr\u00f3pria l\u00edngua durante o culto em uma igreja em S\u00e3o Paulo, no \u00faltimo domingo (29). O batismo ocorreu na Igreja Red, em Indaiatuba, no interior de S\u00e3o Paulo, onde o pastor Tiago Mattes realizou o batismo de Matheus em uma piscina improvisada no templo. \u201cMatheus, hoje \u00e9 um dia muito especial para mim e para n\u00f3s. Eu estou muito feliz de batizar voc\u00ea\u201d, disse o pastor em Libras, enquanto narrava os movimentos para a igreja. E continuou: \u201cEu tenho uma pergunta para ti. Voc\u00ea cr\u00ea que Jesus Cristo \u00e9 o seu salvador?\u201d. Emocionado, Matheus respondeu: \u201cEu creio\u201d.\u00a0 \u201cPor causa disso, eu te batizo em nome do Pai, do Filho e do Esp\u00edrito Santo. Am\u00e9m\u201d, acrescentou Tiago, antes de descer o jovem \u00e0s \u00e1guas. A igreja acompanhou a iniciativa do pastor e tamb\u00e9m utilizou a linguagem de sinais para aplaudir, tornando o momento ainda mais acess\u00edvel ao jovem surdo. \u2018H\u00e1 lugar \u00e0 mesa\u2019 Tiago compartilhou o v\u00eddeo do batismo em suas redes sociais e relatou: \u201cTive o privil\u00e9gio de batizar o Matheus. Ele \u00e9 surdo. Eu queria muito falar com ele diretamente na sua l\u00edngua, em Libras. Passei o final de semana ensaiando. Sou muito grato \u00e0s volunt\u00e1rias que me ajudaram nisso\u201d. Em seguida, ele refletiu sobre a import\u00e2ncia de as igrejas se envolverem em a\u00e7\u00f5es acess\u00edveis para todos os p\u00fablicos: \u201cAquele momento n\u00e3o foi s\u00f3 emocionante. Foi um retrato claro do que tenho aprendido com Jesus e do que estamos buscando construir como igreja. Um lugar onde todas as pessoas, com qualquer tipo de limita\u00e7\u00e3o, seja espiritual, f\u00edsica ou emocional, encontram espa\u00e7o, s\u00e3o amadas e caminham com Jesus\u201d. \u201cCreio que isso \u00e9 o Evangelho. Jesus veio ao nosso encontro, falando a nossa l\u00edngua, entrando na nossa realidade, nos alcan\u00e7ando como estamos. Todos s\u00e3o chamados para o seu Reino. H\u00e1 lugar \u00e0 mesa. E a igreja existe para abrir caminho, remover barreiras e apontar para Ele\u201d, acrescentou. Segundo a Junta de Miss\u00f5es Nacionais, no Brasil existem mais de 10 milh\u00f5es de surdos e deficientes auditivos. Apenas cerca de 20% se comunica em Libras.\u00a0 \u201cIsso tamb\u00e9m \u00e9 um desafio mission\u00e1rio\u201d, afirmou a miss\u00e3o. A organiza\u00e7\u00e3o destacou que evangelizar surdos \u00e9 uma miss\u00e3o transcultural, j\u00e1 que a comunidade surda possui l\u00edngua pr\u00f3pria (Libras), al\u00e9m de cultura e identidade pr\u00f3prias.\u00a0 \u201cPara alcan\u00e7ar, \u00e9 preciso comunicar. Muitos nunca tiveram acesso pleno \u00e0 sua pr\u00f3pria l\u00edngua. Muitos nunca ouviram o Evangelho em Libras. Sabemos que n\u00e3o \u00e9 apenas inclus\u00e3o. \u00c9 discipulado. \u00c9 planta\u00e7\u00e3o de igrejas. \u00c9 miss\u00e3o. O Evangelho \u00e9 para todos\u201d, concluiu.<\/p>\n","protected":false},"author":1,"featured_media":11692,"comment_status":"closed","ping_status":"closed","sticky":false,"template":"","format":"standard","meta":{"footnotes":""},"categories":[12],"tags":[],"class_list":["post-11691","post","type-post","status-publish","format-standard","has-post-thumbnail","hentry","category-mundo-cristao"],"acf":[],"_links":{"self":[{"href":"https:\/\/fabricadescripts.com.br\/igrejas\/IGRE3535\/wp-json\/wp\/v2\/posts\/11691","targetHints":{"allow":["GET"]}}],"collection":[{"href":"https:\/\/fabricadescripts.com.br\/igrejas\/IGRE3535\/wp-json\/wp\/v2\/posts"}],"about":[{"href":"https:\/\/fabricadescripts.com.br\/igrejas\/IGRE3535\/wp-json\/wp\/v2\/types\/post"}],"author":[{"embeddable":true,"href":"https:\/\/fabricadescripts.com.br\/igrejas\/IGRE3535\/wp-json\/wp\/v2\/users\/1"}],"replies":[{"embeddable":true,"href":"https:\/\/fabricadescripts.com.br\/igrejas\/IGRE3535\/wp-json\/wp\/v2\/comments?post=11691"}],"version-history":[{"count":0,"href":"https:\/\/fabricadescripts.com.br\/igrejas\/IGRE3535\/wp-json\/wp\/v2\/posts\/11691\/revisions"}],"wp:featuredmedia":[{"embeddable":true,"href":"https:\/\/fabricadescripts.com.br\/igrejas\/IGRE3535\/wp-json\/wp\/v2\/media\/11692"}],"wp:attachment":[{"href":"https:\/\/fabricadescripts.com.br\/igrejas\/IGRE3535\/wp-json\/wp\/v2\/media?parent=11691"}],"wp:term":[{"taxonomy":"category","embeddable":true,"href":"https:\/\/fabricadescripts.com.br\/igrejas\/IGRE3535\/wp-json\/wp\/v2\/categories?post=11691"},{"taxonomy":"post_tag","embeddable":true,"href":"https:\/\/fabricadescripts.com.br\/igrejas\/IGRE3535\/wp-json\/wp\/v2\/tags?post=11691"}],"curies":[{"name":"wp","href":"https:\/\/api.w.org\/{rel}","templated":true}]}}