{"id":11683,"date":"2026-04-01T10:01:45","date_gmt":"2026-04-01T13:01:45","guid":{"rendered":"https:\/\/fabricadescripts.com.br\/igrejas\/IGRE3535\/antissemitismo-no-brasil-aumentou-150-com-mais-de-900-casos-em-2025-diz-relatorio\/"},"modified":"2026-04-01T10:01:45","modified_gmt":"2026-04-01T13:01:45","slug":"antissemitismo-no-brasil-aumentou-150-com-mais-de-900-casos-em-2025-diz-relatorio","status":"publish","type":"post","link":"https:\/\/fabricadescripts.com.br\/igrejas\/IGRE3535\/antissemitismo-no-brasil-aumentou-150-com-mais-de-900-casos-em-2025-diz-relatorio\/","title":{"rendered":"Antissemitismo no Brasil aumentou 150% com mais de 900 casos em 2025, diz relat\u00f3rio"},"content":{"rendered":"<div>\n<p><span>O <\/span><span><strong>antissemitismo no Brasil <\/strong><\/span><span>aumentou 150% desde 2022, segundo um novo relat\u00f3rio da Confedera\u00e7\u00e3o Israelita do Brasil (Conib), divulgado na segunda-feira (30).<\/span><\/p>\n<p><span>O crescimento da hostilidade contra judeus no pa\u00eds foi apontado como o \u201cnovo normal\u201d pelos pesquisadores da Conib.<\/span><\/p>\n<p><span>Em 2025, 989 casos de antissemitismo foram registradas. O n\u00famero \u00e9 149% maior do que o observado em 2022.<\/span><\/p>\n<p><span>De acordo com o documento, a maior parte dos casos (800) aconteceu no ambiente digital e 189 foram offline. As plataformas onde mais ocorreram os epis\u00f3dios de \u00f3dio foram: Instagram (37%), X (13,8%) e Facebook (11,6%).\u00a0<\/span><\/p>\n<p><span>Conte\u00fados antissemitas tamb\u00e9m foram divulgados no YouTube, WhatsApp e outras plataformas.\u00a0<\/span><\/p>\n<p><strong>\u00d3dio dentro e fora das redes sociais<\/strong><\/p>\n<p><span>Os epis\u00f3dios nas plataformas digitais incluem defesa expl\u00edcita do nazismo, desumaniza\u00e7\u00e3o de judeus, generaliza\u00e7\u00f5es coletivas e teorias conspirat\u00f3rias.<\/span><\/p>\n<p><span>O documento relatou que uma fac\u00e7\u00e3o neonazista recrutou jovens pelo aplicativo Discord com o objetivo de atacar sinagogas, em julho do ano passado.<\/span><\/p>\n<p><span>\u201cN\u00e3o podemos tratar a internet como terra de ningu\u00e9m. \u00c9 preciso que haja regula\u00e7\u00e3o e que haja algum tipo de controle efetivo dos discursos de \u00f3dio, do incitamento ao \u00f3dio, seja ele \u00f3dio racista contra pessoas negras, seja o antissemitismo contra judeus e judias no Brasil e em qualquer lugar\u201d, defendeu a coordenadora de enfrentamento ao Antissemistismo da Conib, Anelise Fr\u00f3es, em entrevista ao O Globo.<\/span><\/p>\n<p><span>Entre os casos fora da internet, o relat\u00f3rio da Conib citou alguns exemplos: um rabino que foi hostilizado durante a Confer\u00eancia das Na\u00e7\u00f5es Unidas sobre as Mudan\u00e7as Clim\u00e1ticas de 2025 (COP 30); coment\u00e1rios p\u00fablicos afirmando que \u201cHitler estava certo\u201d; e a demiss\u00e3o de uma funcion\u00e1ria demitida no Rio Grande do Sul por seu judia, por causa do conflito no Oriente M\u00e9dio.<\/span><\/p>\n<p><strong>Antissemitismo no ambiente acad\u00eamico e profissional<\/strong><\/p>\n<p><span>O relat\u00f3rio da Conib ainda afirmou que o antissemitismo tamb\u00e9m est\u00e1 presente no ambiente acad\u00eamico e no ambiente de trabalho.<\/span><\/p>\n<p><span>Escolas e universidades s\u00e3o os espa\u00e7os onde mais ocorrem manifesta\u00e7\u00f5es antissemitas, como ofensas entre alunos a declara\u00e7\u00f5es de professores.<\/span><\/p>\n<p><span>Entre os <\/span><span><strong>profissionais judeus<\/strong><\/span><span>, 46% j\u00e1 sofreram antissemitismo e 52% j\u00e1 ouviram piadas sobre judeus no trabalho.<\/span><\/p>\n<p><span>O aumento do \u00f3dio tem afetado o cotidiano das comunidades judaicas, de acordo com Anelise Fr\u00f3es.<\/span><\/p>\n<p><span>\u201cAs pessoas passam a ter medo de usar os seus s\u00edmbolos religiosos e identit\u00e1rios, por medo de serem agredidas, por medo de serem destratadas, por medo de sofrerem algum tipo de viol\u00eancia, tanto simb\u00f3lica no sentido verbal, quanto em sentido f\u00edsico mesmo\u201d, afirmou a coordenadora.<\/span><\/p>\n<p><span>Para os pesquisadores do relat\u00f3rio, o <\/span><span><strong>crescimento do antissemitismo ocorreu ap\u00f3s o ataque terrorista em 7 de outubro de 2023<\/strong><\/span><span> em Israel e em meio ao atual conflito entre Israel, Estados Unidos e Ir\u00e3.<\/span><\/p>\n<p><span>\u201cA rela\u00e7\u00e3o com o sionismo ou com o n\u00e3o gostar ou n\u00e3o aceitar que Israel tenha direito \u00e0 sua exist\u00eancia, s\u00e3o discuss\u00f5es muito densas, muito importantes e que acabam recaindo, sim, numa responsabiliza\u00e7\u00e3o coletiva de todos os judeus do mundo por a\u00e7\u00f5es do seu governo\u201d, explicou Anelise.<\/span><\/p>\n<p><span>E enfatizou: \u201cNenhum povo do mundo pode responder pelas a\u00e7\u00f5es dos seus governantes. As pessoas que moram em S\u00e3o Paulo, em Porto Alegre, os judeus e judias de Belo Horizonte, n\u00e3o podem ser responsabilizados, culpabilizados e cobrados por a\u00e7\u00f5es de um governo\u201d.<\/span><\/p>\n<\/div>\n","protected":false},"excerpt":{"rendered":"<p>O antissemitismo no Brasil aumentou 150% desde 2022, segundo um novo relat\u00f3rio da Confedera\u00e7\u00e3o Israelita do Brasil (Conib), divulgado na segunda-feira (30). O crescimento da hostilidade contra judeus no pa\u00eds foi apontado como o \u201cnovo normal\u201d pelos pesquisadores da Conib. Em 2025, 989 casos de antissemitismo foram registradas. O n\u00famero \u00e9 149% maior do que o observado em 2022. De acordo com o documento, a maior parte dos casos (800) aconteceu no ambiente digital e 189 foram offline. As plataformas onde mais ocorreram os epis\u00f3dios de \u00f3dio foram: Instagram (37%), X (13,8%) e Facebook (11,6%).\u00a0 Conte\u00fados antissemitas tamb\u00e9m foram divulgados no YouTube, WhatsApp e outras plataformas.\u00a0 \u00d3dio dentro e fora das redes sociais Os epis\u00f3dios nas plataformas digitais incluem defesa expl\u00edcita do nazismo, desumaniza\u00e7\u00e3o de judeus, generaliza\u00e7\u00f5es coletivas e teorias conspirat\u00f3rias. O documento relatou que uma fac\u00e7\u00e3o neonazista recrutou jovens pelo aplicativo Discord com o objetivo de atacar sinagogas, em julho do ano passado. \u201cN\u00e3o podemos tratar a internet como terra de ningu\u00e9m. \u00c9 preciso que haja regula\u00e7\u00e3o e que haja algum tipo de controle efetivo dos discursos de \u00f3dio, do incitamento ao \u00f3dio, seja ele \u00f3dio racista contra pessoas negras, seja o antissemitismo contra judeus e judias no Brasil e em qualquer lugar\u201d, defendeu a coordenadora de enfrentamento ao Antissemistismo da Conib, Anelise Fr\u00f3es, em entrevista ao O Globo. Entre os casos fora da internet, o relat\u00f3rio da Conib citou alguns exemplos: um rabino que foi hostilizado durante a Confer\u00eancia das Na\u00e7\u00f5es Unidas sobre as Mudan\u00e7as Clim\u00e1ticas de 2025 (COP 30); coment\u00e1rios p\u00fablicos afirmando que \u201cHitler estava certo\u201d; e a demiss\u00e3o de uma funcion\u00e1ria demitida no Rio Grande do Sul por seu judia, por causa do conflito no Oriente M\u00e9dio. Antissemitismo no ambiente acad\u00eamico e profissional O relat\u00f3rio da Conib ainda afirmou que o antissemitismo tamb\u00e9m est\u00e1 presente no ambiente acad\u00eamico e no ambiente de trabalho. Escolas e universidades s\u00e3o os espa\u00e7os onde mais ocorrem manifesta\u00e7\u00f5es antissemitas, como ofensas entre alunos a declara\u00e7\u00f5es de professores. Entre os profissionais judeus, 46% j\u00e1 sofreram antissemitismo e 52% j\u00e1 ouviram piadas sobre judeus no trabalho. O aumento do \u00f3dio tem afetado o cotidiano das comunidades judaicas, de acordo com Anelise Fr\u00f3es. \u201cAs pessoas passam a ter medo de usar os seus s\u00edmbolos religiosos e identit\u00e1rios, por medo de serem agredidas, por medo de serem destratadas, por medo de sofrerem algum tipo de viol\u00eancia, tanto simb\u00f3lica no sentido verbal, quanto em sentido f\u00edsico mesmo\u201d, afirmou a coordenadora. Para os pesquisadores do relat\u00f3rio, o crescimento do antissemitismo ocorreu ap\u00f3s o ataque terrorista em 7 de outubro de 2023 em Israel e em meio ao atual conflito entre Israel, Estados Unidos e Ir\u00e3. \u201cA rela\u00e7\u00e3o com o sionismo ou com o n\u00e3o gostar ou n\u00e3o aceitar que Israel tenha direito \u00e0 sua exist\u00eancia, s\u00e3o discuss\u00f5es muito densas, muito importantes e que acabam recaindo, sim, numa responsabiliza\u00e7\u00e3o coletiva de todos os judeus do mundo por a\u00e7\u00f5es do seu governo\u201d, explicou Anelise. E enfatizou: \u201cNenhum povo do mundo pode responder pelas a\u00e7\u00f5es dos seus governantes. As pessoas que moram em S\u00e3o Paulo, em Porto Alegre, os judeus e judias de Belo Horizonte, n\u00e3o podem ser responsabilizados, culpabilizados e cobrados por a\u00e7\u00f5es de um governo\u201d.<\/p>\n","protected":false},"author":1,"featured_media":11684,"comment_status":"closed","ping_status":"closed","sticky":false,"template":"","format":"standard","meta":{"footnotes":""},"categories":[11],"tags":[],"class_list":["post-11683","post","type-post","status-publish","format-standard","has-post-thumbnail","hentry","category-brasil"],"acf":[],"_links":{"self":[{"href":"https:\/\/fabricadescripts.com.br\/igrejas\/IGRE3535\/wp-json\/wp\/v2\/posts\/11683","targetHints":{"allow":["GET"]}}],"collection":[{"href":"https:\/\/fabricadescripts.com.br\/igrejas\/IGRE3535\/wp-json\/wp\/v2\/posts"}],"about":[{"href":"https:\/\/fabricadescripts.com.br\/igrejas\/IGRE3535\/wp-json\/wp\/v2\/types\/post"}],"author":[{"embeddable":true,"href":"https:\/\/fabricadescripts.com.br\/igrejas\/IGRE3535\/wp-json\/wp\/v2\/users\/1"}],"replies":[{"embeddable":true,"href":"https:\/\/fabricadescripts.com.br\/igrejas\/IGRE3535\/wp-json\/wp\/v2\/comments?post=11683"}],"version-history":[{"count":0,"href":"https:\/\/fabricadescripts.com.br\/igrejas\/IGRE3535\/wp-json\/wp\/v2\/posts\/11683\/revisions"}],"wp:featuredmedia":[{"embeddable":true,"href":"https:\/\/fabricadescripts.com.br\/igrejas\/IGRE3535\/wp-json\/wp\/v2\/media\/11684"}],"wp:attachment":[{"href":"https:\/\/fabricadescripts.com.br\/igrejas\/IGRE3535\/wp-json\/wp\/v2\/media?parent=11683"}],"wp:term":[{"taxonomy":"category","embeddable":true,"href":"https:\/\/fabricadescripts.com.br\/igrejas\/IGRE3535\/wp-json\/wp\/v2\/categories?post=11683"},{"taxonomy":"post_tag","embeddable":true,"href":"https:\/\/fabricadescripts.com.br\/igrejas\/IGRE3535\/wp-json\/wp\/v2\/tags?post=11683"}],"curies":[{"name":"wp","href":"https:\/\/api.w.org\/{rel}","templated":true}]}}