{"id":11681,"date":"2026-03-31T09:10:51","date_gmt":"2026-03-31T12:10:51","guid":{"rendered":"https:\/\/fabricadescripts.com.br\/igrejas\/IGRE3535\/mais-de-120-pessoas-aceitam-jesus-em-culto-na-praca-em-brasilia-famintas-por-deus\/"},"modified":"2026-03-31T09:10:51","modified_gmt":"2026-03-31T12:10:51","slug":"mais-de-120-pessoas-aceitam-jesus-em-culto-na-praca-em-brasilia-famintas-por-deus","status":"publish","type":"post","link":"https:\/\/fabricadescripts.com.br\/igrejas\/IGRE3535\/mais-de-120-pessoas-aceitam-jesus-em-culto-na-praca-em-brasilia-famintas-por-deus\/","title":{"rendered":"Mais de 120 pessoas aceitam Jesus em culto na pra\u00e7a em Bras\u00edlia: \u201cFamintas por Deus\u201d"},"content":{"rendered":"<div>\n<p><span>Uma multid\u00e3o de pessoas, a maioria jovens, transformaram uma <\/span><span><strong>pra\u00e7a<\/strong><\/span><span> de Bras\u00edlia em um altar de adora\u00e7\u00e3o, na \u00faltima sexta-feira (27).<\/span><\/p>\n<p><span>O culto, promovido pelo <\/span><span><strong>\u201cCe\u0301u Na Terra Movement\u201d<\/strong><\/span><span>, aconteceu no Parque Sul em um ambiente de quebrantamente e fome espiritual. \u201cUma pra\u00e7a cheia de pessoas famintas por um encontro com Deus\u201d, relatou a miss\u00e3o.<\/span><\/p>\n<blockquote data-instgrm-captioned data-instgrm-permalink=\"https:\/\/www.instagram.com\/reel\/DWaOWREkSK5\/?utm_source=ig_embed&#038;utm_campaign=loading\" data-instgrm-version=\"14\"><\/blockquote>\n<p><span>O encontro contou com momentos de louvor e prega\u00e7\u00e3o da mensagem de Salva\u00e7\u00e3o em Jesus.<\/span><\/p>\n<p><span>\u201cMais que uma reuni\u00e3o, s\u00e3o pessoas sendo cheias para transbordar\u201d, comentou o evangelista Pedro Lucas Rios, que participou do culto.<\/span><\/p>\n<blockquote data-instgrm-captioned data-instgrm-permalink=\"https:\/\/www.instagram.com\/reel\/DWaK8MelYgv\/?utm_source=ig_embed&#038;utm_campaign=loading\" data-instgrm-version=\"14\"><\/blockquote>\n<p><span>Durante o apelo, centenas foram \u00e0 frente para receber Jesus ou voltar para os caminhos do Senhor. No total, 129 pessoas entregaram suas vidas a Cristo.<\/span><\/p>\n<p><span>\u201cN\u00e3o faz sentido pra\u00e7a cheia, evento lotado ou n\u00fameros altos\u2026 se n\u00e3o terminar em vidas rendidas a Jesus. Ontem, no final da nossa reuni\u00e3o, vimos o que realmente importa.<\/span><\/p>\n<p><span>129 pessoas decidiram voltar para os caminhos do Senhor. Toda gl\u00f3ria a Deus\u201d, testemunhou o \u201cCe\u0301u Na Terra Movement\u201d, em postagem no Instagram.<\/span><\/p>\n<blockquote data-instgrm-captioned data-instgrm-permalink=\"https:\/\/www.instagram.com\/reel\/DWcU6G5EdB9\/?utm_source=ig_embed&#038;utm_campaign=loading\" data-instgrm-version=\"14\"><\/blockquote>\n<p><strong>Ce\u0301u Na Terra Movement<\/strong><\/p>\n<p><span>O Ce\u0301u Na Terra Movement \u00e9 uma miss\u00e3o que prega Jesus nas ruas e em pra\u00e7as de Bras\u00edlia, criada pelo <\/span><span><strong>evangelista Joa\u0303o Paulo<\/strong><\/span><span> e amigos h\u00e1 cerca de 10 anos.<\/span><\/p>\n<p><span>Dois anos atr\u00e1s, Jo\u00e3o precisou dar uma pausa em seu minist\u00e9rio para tratar crises de ansiedade e S\u00edndrome do P\u00e2nico.<\/span><\/p>\n<p><span>Recentemente, o evangelista est\u00e1 voltando a participar de eventos evangel\u00edsticos e tem testemunhado a melhora em sua sa\u00fade mental.<\/span><\/p>\n<p><span>\u201cOntem, Deus me permitiu viver isto depois de muito tempo, pois n\u00e3o senti nenhum sintoma do transtorno ao qual fui acometido nos \u00faltimos anos\u201d, disse Jo\u00e3o Paulo no Instagram, no s\u00e1bado (28).<\/span><\/p>\n<p><span>\u201cN\u00e3o havia conseguido ir nas \u00faltimas duas reuni\u00f5es porque estava exausto mentalmente, mas ontem Deus me deu gra\u00e7a e eu fui visitado por Sua compaix\u00e3o por almas. A sensa\u00e7\u00e3o de desmaio t\u00e3o comum h\u00e1 alguns anos, a fome, o cansa\u00e7o, o sono, tudo se foi embora porque nada disto se compara a compaix\u00e3o de Deus pelas pessoas. Obrigado, Jesus!\u201d, declarou.<\/span><\/p>\n<\/div>\n","protected":false},"excerpt":{"rendered":"<p>Uma multid\u00e3o de pessoas, a maioria jovens, transformaram uma pra\u00e7a de Bras\u00edlia em um altar de adora\u00e7\u00e3o, na \u00faltima sexta-feira (27). O culto, promovido pelo \u201cCe\u0301u Na Terra Movement\u201d, aconteceu no Parque Sul em um ambiente de quebrantamente e fome espiritual. \u201cUma pra\u00e7a cheia de pessoas famintas por um encontro com Deus\u201d, relatou a miss\u00e3o. O encontro contou com momentos de louvor e prega\u00e7\u00e3o da mensagem de Salva\u00e7\u00e3o em Jesus. \u201cMais que uma reuni\u00e3o, s\u00e3o pessoas sendo cheias para transbordar\u201d, comentou o evangelista Pedro Lucas Rios, que participou do culto. Durante o apelo, centenas foram \u00e0 frente para receber Jesus ou voltar para os caminhos do Senhor. No total, 129 pessoas entregaram suas vidas a Cristo. \u201cN\u00e3o faz sentido pra\u00e7a cheia, evento lotado ou n\u00fameros altos\u2026 se n\u00e3o terminar em vidas rendidas a Jesus. Ontem, no final da nossa reuni\u00e3o, vimos o que realmente importa. 129 pessoas decidiram voltar para os caminhos do Senhor. Toda gl\u00f3ria a Deus\u201d, testemunhou o \u201cCe\u0301u Na Terra Movement\u201d, em postagem no Instagram. Ce\u0301u Na Terra Movement O Ce\u0301u Na Terra Movement \u00e9 uma miss\u00e3o que prega Jesus nas ruas e em pra\u00e7as de Bras\u00edlia, criada pelo evangelista Joa\u0303o Paulo e amigos h\u00e1 cerca de 10 anos. Dois anos atr\u00e1s, Jo\u00e3o precisou dar uma pausa em seu minist\u00e9rio para tratar crises de ansiedade e S\u00edndrome do P\u00e2nico. Recentemente, o evangelista est\u00e1 voltando a participar de eventos evangel\u00edsticos e tem testemunhado a melhora em sua sa\u00fade mental. \u201cOntem, Deus me permitiu viver isto depois de muito tempo, pois n\u00e3o senti nenhum sintoma do transtorno ao qual fui acometido nos \u00faltimos anos\u201d, disse Jo\u00e3o Paulo no Instagram, no s\u00e1bado (28). \u201cN\u00e3o havia conseguido ir nas \u00faltimas duas reuni\u00f5es porque estava exausto mentalmente, mas ontem Deus me deu gra\u00e7a e eu fui visitado por Sua compaix\u00e3o por almas. A sensa\u00e7\u00e3o de desmaio t\u00e3o comum h\u00e1 alguns anos, a fome, o cansa\u00e7o, o sono, tudo se foi embora porque nada disto se compara a compaix\u00e3o de Deus pelas pessoas. Obrigado, Jesus!\u201d, declarou.<\/p>\n","protected":false},"author":1,"featured_media":11682,"comment_status":"closed","ping_status":"closed","sticky":false,"template":"","format":"standard","meta":{"footnotes":""},"categories":[14],"tags":[],"class_list":["post-11681","post","type-post","status-publish","format-standard","has-post-thumbnail","hentry","category-missoes"],"acf":[],"_links":{"self":[{"href":"https:\/\/fabricadescripts.com.br\/igrejas\/IGRE3535\/wp-json\/wp\/v2\/posts\/11681","targetHints":{"allow":["GET"]}}],"collection":[{"href":"https:\/\/fabricadescripts.com.br\/igrejas\/IGRE3535\/wp-json\/wp\/v2\/posts"}],"about":[{"href":"https:\/\/fabricadescripts.com.br\/igrejas\/IGRE3535\/wp-json\/wp\/v2\/types\/post"}],"author":[{"embeddable":true,"href":"https:\/\/fabricadescripts.com.br\/igrejas\/IGRE3535\/wp-json\/wp\/v2\/users\/1"}],"replies":[{"embeddable":true,"href":"https:\/\/fabricadescripts.com.br\/igrejas\/IGRE3535\/wp-json\/wp\/v2\/comments?post=11681"}],"version-history":[{"count":0,"href":"https:\/\/fabricadescripts.com.br\/igrejas\/IGRE3535\/wp-json\/wp\/v2\/posts\/11681\/revisions"}],"wp:featuredmedia":[{"embeddable":true,"href":"https:\/\/fabricadescripts.com.br\/igrejas\/IGRE3535\/wp-json\/wp\/v2\/media\/11682"}],"wp:attachment":[{"href":"https:\/\/fabricadescripts.com.br\/igrejas\/IGRE3535\/wp-json\/wp\/v2\/media?parent=11681"}],"wp:term":[{"taxonomy":"category","embeddable":true,"href":"https:\/\/fabricadescripts.com.br\/igrejas\/IGRE3535\/wp-json\/wp\/v2\/categories?post=11681"},{"taxonomy":"post_tag","embeddable":true,"href":"https:\/\/fabricadescripts.com.br\/igrejas\/IGRE3535\/wp-json\/wp\/v2\/tags?post=11681"}],"curies":[{"name":"wp","href":"https:\/\/api.w.org\/{rel}","templated":true}]}}