{"id":11673,"date":"2026-03-31T09:10:50","date_gmt":"2026-03-31T12:10:50","guid":{"rendered":"https:\/\/fabricadescripts.com.br\/igrejas\/IGRE3535\/jogador-do-corinthians-ora-por-menina-torcedora-que-voce-cresca-nos-caminhos-do-senhor\/"},"modified":"2026-03-31T09:10:50","modified_gmt":"2026-03-31T12:10:50","slug":"jogador-do-corinthians-ora-por-menina-torcedora-que-voce-cresca-nos-caminhos-do-senhor","status":"publish","type":"post","link":"https:\/\/fabricadescripts.com.br\/igrejas\/IGRE3535\/jogador-do-corinthians-ora-por-menina-torcedora-que-voce-cresca-nos-caminhos-do-senhor\/","title":{"rendered":"Jogador do Corinthians ora por menina torcedora: \u201cQue voc\u00ea cres\u00e7a nos caminhos do Senhor\u201d"},"content":{"rendered":"<div>\n<p><span>O jogador do <\/span><span><strong>Corinthians<\/strong><\/span><span>, Jo\u00e3o Vitor Jacar\u00e9, orou por uma menina torcedora em frente ao Centro de Treinamento Joaquim Grava, em S\u00e3o Paulo.<\/span><\/p>\n<p><span>A menina, conhecida nas redes sociais como \u201cNick da Fiel\u201d, foi at\u00e9 o Centro para ver os jogadores que admira, recentemente.<\/span><\/p>\n<p><span>Ela pediu uma foto e um aut\u00f3grafo para Jo\u00e3o Vitor. Em seguida, o jogador intercedeu para que Nick dedique sua juventude a Deus.<\/span><\/p>\n<p><span>\u201cLivra das m\u00e1s amizades, das m\u00e1s companhias, de todo mal, de tudo aquilo que vai tentar afastar ela dos caminhos do Senhor, fazendo com que ela se perca. Que o Senhor guarde a vida da Nicole, cubra ela com o teu sangue\u201d, orou.\u00a0<\/span><\/p>\n<p><span>\u201cQue o desejo dela de conhecer o Senhor venha crescer cada vez mais. Em Eclesiastes diz: \u2018Lembre do Senhor nos dias da tua mocidade\u2019. Nicole, que voc\u00ea venha se lembrar nos dias da tua juventude. Que os prazeres deste mundo n\u00e3o te seduzam, que voc\u00ea venha se guardar na presen\u00e7a do Senhor. Que voc\u00ea venha crescer nos caminhos do Senhor, assim como Daniel que era jovem, os disc\u00edpulos de Jesus eram jovens, Tim\u00f3teo tamb\u00e9m era jovem\u201d.<\/span><\/p>\n<p><span>E concluiu: \u201cQue voc\u00ea venha buscar e crescer, que voc\u00ea venha ter o cora\u00e7\u00e3o limpo nos caminhos do Senhor. Am\u00e9m!\u201d.<\/span><\/p>\n<p><span>O momento de f\u00e9 foi compartilhado pelo pai da menina no Instagram, na \u00faltima sexta-feira (27).<\/span><\/p>\n<p><span>\u201cNunca \u00e9 sobre futebol\u2026 Esse momento foi incr\u00edvel entre uma foto, uma assinatura e uma brincadeira de crian\u00e7a que vai ver os personagens que ela admira. Um jovem atleta, um instrumento nas m\u00e3os de Deus, orando e ministrando ben\u00e7\u00e3os sobre a vida da minha filha\u201d, contou John.<\/span><\/p>\n<p><span>Ele agradeceu a Jacar\u00e9 por sua atitude com Nick. \u201cVoc\u00ea \u00e9 diferenciado. Toda sorte de b\u00ean\u00e7\u00e3os sobre sua vida. Garoto simples, de um sorriso e um cora\u00e7\u00e3o incr\u00edvel. Meu amigo, ela ganhou muito mais do que esperava!\u201d, escreveu.<\/span><\/p>\n<blockquote data-instgrm-captioned data-instgrm-permalink=\"https:\/\/www.instagram.com\/reel\/DWZ5rBUjdm4\/?utm_source=ig_embed&#038;utm_campaign=loading\" data-instgrm-version=\"14\"><\/blockquote>\n<p><strong>Falando sobre sua f\u00e9<\/strong><\/p>\n<p><span>Jacar\u00e9 iniciou nas categorias de base do Corinthians e ganhou a oportunidade de jogar profissionalmente pelo time neste ano como lateral.<\/span><\/p>\n<p><span>Em sua estreia em janeiro, o jogador chamou a aten\u00e7\u00e3o por <\/span><span><strong>levar uma B\u00edblia ao jogo<\/strong><\/span><span>. Em entrevista com a imprensa, Jo\u00e3o Vitor foi questionado pela atitude e ele testemunhou sobre sua f\u00e9 crist\u00e3.<\/span><\/p>\n<p><span>\u201cCara, eu ando com ela para cima e para baixo. Eu vou pro treino, eu levo, eu estou em casa, medito, eu vou pra igreja, medito nela\u201d.<\/span><\/p>\n<p><span>O atleta comentou sobre o seu dever como crist\u00e3o de pregar o Evangelho. \u201cA gente tem que pregar a Palavra. Acima de tudo, \u00e9 falar do Evangelho, \u00e9 falar do amor de Cristo. O mais importante \u00e9 ganhar almas pro Reino de Deus. Mostrar que Jesus \u00e9 a luz do mundo. Jesus disse em Jo\u00e3o 8:12: \u2018Eu sou a luz do mundo. Quem me segue n\u00e3o andar\u00e1 em trevas, mas ter\u00e1 a luz da vida\u2019&#8221;, disse.<\/span><\/p>\n<p><span>Falando sobre sua rotina devocional, Jacar\u00e9 ainda citou outros vers\u00edculos b\u00edblicos de cor, mostrando conhecimento das Escrituras.<\/span><\/p>\n<p><span>\u201cNa minha rotina, eu sempre procuro ler. A gente est\u00e1 num plano da igreja de ler a B\u00edblia todos os dias. Um dos vers\u00edculos que me chamou aten\u00e7\u00e3o quando eu tava lendo hoje no jogo foi J\u00f3 31:31: \u2018Fiz alian\u00e7a com os meus olhos\u2019. E isso \u00e9 uma coisa muito importante que a gente tem que tomar cuidado com o nosso olhar. Jesus falou isso l\u00e1 em Mateus, que os olhos s\u00e3o a candeia do corpo. Ele diz: \u2018Se os teus olhos forem bons, todo seu corpo ser\u00e1 luz. Por\u00e9m, se teus olhos forem maus, todo seu corpo ser\u00e1 tenebroso\u2019. Eu falei, tenho que tomar cuidado com o meu olhar\u201d, afirmou.<\/span><\/p>\n<p><span>\u201cE um dos vers\u00edculos que eu tava meditando tamb\u00e9m \u00e9 Salmo 103: \u2018Bendize \u00f3 minha alma ao Senhor e tudo que h\u00e1 em mim bendiga o teu santo nome\u2019. Falei: \u2018Senhor, que na minha maneira de jogar, de falar, de reagir, de se expressar, tudo venha ser para glorificar o teu santo nome. Que as pessoas n\u00e3o venham enxergar eu, mas o Senhor atrav\u00e9s da minha vida em tudo aquilo que eu fa\u00e7o\u201d, refletiu.<\/span><\/p>\n<\/div>\n","protected":false},"excerpt":{"rendered":"<p>O jogador do Corinthians, Jo\u00e3o Vitor Jacar\u00e9, orou por uma menina torcedora em frente ao Centro de Treinamento Joaquim Grava, em S\u00e3o Paulo. A menina, conhecida nas redes sociais como \u201cNick da Fiel\u201d, foi at\u00e9 o Centro para ver os jogadores que admira, recentemente. Ela pediu uma foto e um aut\u00f3grafo para Jo\u00e3o Vitor. Em seguida, o jogador intercedeu para que Nick dedique sua juventude a Deus. \u201cLivra das m\u00e1s amizades, das m\u00e1s companhias, de todo mal, de tudo aquilo que vai tentar afastar ela dos caminhos do Senhor, fazendo com que ela se perca. Que o Senhor guarde a vida da Nicole, cubra ela com o teu sangue\u201d, orou.\u00a0 \u201cQue o desejo dela de conhecer o Senhor venha crescer cada vez mais. Em Eclesiastes diz: \u2018Lembre do Senhor nos dias da tua mocidade\u2019. Nicole, que voc\u00ea venha se lembrar nos dias da tua juventude. Que os prazeres deste mundo n\u00e3o te seduzam, que voc\u00ea venha se guardar na presen\u00e7a do Senhor. Que voc\u00ea venha crescer nos caminhos do Senhor, assim como Daniel que era jovem, os disc\u00edpulos de Jesus eram jovens, Tim\u00f3teo tamb\u00e9m era jovem\u201d. E concluiu: \u201cQue voc\u00ea venha buscar e crescer, que voc\u00ea venha ter o cora\u00e7\u00e3o limpo nos caminhos do Senhor. Am\u00e9m!\u201d. O momento de f\u00e9 foi compartilhado pelo pai da menina no Instagram, na \u00faltima sexta-feira (27). \u201cNunca \u00e9 sobre futebol\u2026 Esse momento foi incr\u00edvel entre uma foto, uma assinatura e uma brincadeira de crian\u00e7a que vai ver os personagens que ela admira. Um jovem atleta, um instrumento nas m\u00e3os de Deus, orando e ministrando ben\u00e7\u00e3os sobre a vida da minha filha\u201d, contou John. Ele agradeceu a Jacar\u00e9 por sua atitude com Nick. \u201cVoc\u00ea \u00e9 diferenciado. Toda sorte de b\u00ean\u00e7\u00e3os sobre sua vida. Garoto simples, de um sorriso e um cora\u00e7\u00e3o incr\u00edvel. Meu amigo, ela ganhou muito mais do que esperava!\u201d, escreveu. Falando sobre sua f\u00e9 Jacar\u00e9 iniciou nas categorias de base do Corinthians e ganhou a oportunidade de jogar profissionalmente pelo time neste ano como lateral. Em sua estreia em janeiro, o jogador chamou a aten\u00e7\u00e3o por levar uma B\u00edblia ao jogo. Em entrevista com a imprensa, Jo\u00e3o Vitor foi questionado pela atitude e ele testemunhou sobre sua f\u00e9 crist\u00e3. \u201cCara, eu ando com ela para cima e para baixo. Eu vou pro treino, eu levo, eu estou em casa, medito, eu vou pra igreja, medito nela\u201d. O atleta comentou sobre o seu dever como crist\u00e3o de pregar o Evangelho. \u201cA gente tem que pregar a Palavra. Acima de tudo, \u00e9 falar do Evangelho, \u00e9 falar do amor de Cristo. O mais importante \u00e9 ganhar almas pro Reino de Deus. Mostrar que Jesus \u00e9 a luz do mundo. Jesus disse em Jo\u00e3o 8:12: \u2018Eu sou a luz do mundo. Quem me segue n\u00e3o andar\u00e1 em trevas, mas ter\u00e1 a luz da vida\u2019&#8221;, disse. Falando sobre sua rotina devocional, Jacar\u00e9 ainda citou outros vers\u00edculos b\u00edblicos de cor, mostrando conhecimento das Escrituras. \u201cNa minha rotina, eu sempre procuro ler. A gente est\u00e1 num plano da igreja de ler a B\u00edblia todos os dias. Um dos vers\u00edculos que me chamou aten\u00e7\u00e3o quando eu tava lendo hoje no jogo foi J\u00f3 31:31: \u2018Fiz alian\u00e7a com os meus olhos\u2019. E isso \u00e9 uma coisa muito importante que a gente tem que tomar cuidado com o nosso olhar. Jesus falou isso l\u00e1 em Mateus, que os olhos s\u00e3o a candeia do corpo. Ele diz: \u2018Se os teus olhos forem bons, todo seu corpo ser\u00e1 luz. Por\u00e9m, se teus olhos forem maus, todo seu corpo ser\u00e1 tenebroso\u2019. Eu falei, tenho que tomar cuidado com o meu olhar\u201d, afirmou. \u201cE um dos vers\u00edculos que eu tava meditando tamb\u00e9m \u00e9 Salmo 103: \u2018Bendize \u00f3 minha alma ao Senhor e tudo que h\u00e1 em mim bendiga o teu santo nome\u2019. Falei: \u2018Senhor, que na minha maneira de jogar, de falar, de reagir, de se expressar, tudo venha ser para glorificar o teu santo nome. Que as pessoas n\u00e3o venham enxergar eu, mas o Senhor atrav\u00e9s da minha vida em tudo aquilo que eu fa\u00e7o\u201d, refletiu.<\/p>\n","protected":false},"author":1,"featured_media":11674,"comment_status":"closed","ping_status":"closed","sticky":false,"template":"","format":"standard","meta":{"footnotes":""},"categories":[12],"tags":[],"class_list":["post-11673","post","type-post","status-publish","format-standard","has-post-thumbnail","hentry","category-mundo-cristao"],"acf":[],"_links":{"self":[{"href":"https:\/\/fabricadescripts.com.br\/igrejas\/IGRE3535\/wp-json\/wp\/v2\/posts\/11673","targetHints":{"allow":["GET"]}}],"collection":[{"href":"https:\/\/fabricadescripts.com.br\/igrejas\/IGRE3535\/wp-json\/wp\/v2\/posts"}],"about":[{"href":"https:\/\/fabricadescripts.com.br\/igrejas\/IGRE3535\/wp-json\/wp\/v2\/types\/post"}],"author":[{"embeddable":true,"href":"https:\/\/fabricadescripts.com.br\/igrejas\/IGRE3535\/wp-json\/wp\/v2\/users\/1"}],"replies":[{"embeddable":true,"href":"https:\/\/fabricadescripts.com.br\/igrejas\/IGRE3535\/wp-json\/wp\/v2\/comments?post=11673"}],"version-history":[{"count":0,"href":"https:\/\/fabricadescripts.com.br\/igrejas\/IGRE3535\/wp-json\/wp\/v2\/posts\/11673\/revisions"}],"wp:featuredmedia":[{"embeddable":true,"href":"https:\/\/fabricadescripts.com.br\/igrejas\/IGRE3535\/wp-json\/wp\/v2\/media\/11674"}],"wp:attachment":[{"href":"https:\/\/fabricadescripts.com.br\/igrejas\/IGRE3535\/wp-json\/wp\/v2\/media?parent=11673"}],"wp:term":[{"taxonomy":"category","embeddable":true,"href":"https:\/\/fabricadescripts.com.br\/igrejas\/IGRE3535\/wp-json\/wp\/v2\/categories?post=11673"},{"taxonomy":"post_tag","embeddable":true,"href":"https:\/\/fabricadescripts.com.br\/igrejas\/IGRE3535\/wp-json\/wp\/v2\/tags?post=11673"}],"curies":[{"name":"wp","href":"https:\/\/api.w.org\/{rel}","templated":true}]}}