{"id":11642,"date":"2026-03-29T08:01:31","date_gmt":"2026-03-29T11:01:31","guid":{"rendered":"https:\/\/fabricadescripts.com.br\/igrejas\/IGRE3535\/o-maior-desejo-dos-cristaos-do-ira-e-viver-a-fe-sem-medo-diz-iraniana-que-fugiu-do-pais\/"},"modified":"2026-03-29T08:01:31","modified_gmt":"2026-03-29T11:01:31","slug":"o-maior-desejo-dos-cristaos-do-ira-e-viver-a-fe-sem-medo-diz-iraniana-que-fugiu-do-pais","status":"publish","type":"post","link":"https:\/\/fabricadescripts.com.br\/igrejas\/IGRE3535\/o-maior-desejo-dos-cristaos-do-ira-e-viver-a-fe-sem-medo-diz-iraniana-que-fugiu-do-pais\/","title":{"rendered":"\u201cO maior desejo dos crist\u00e3os do Ir\u00e3 \u00e9 viver a f\u00e9 sem medo\u201d, diz iraniana que fugiu do pa\u00eds"},"content":{"rendered":"<div>\n<p><span>Bahar Rad e sua fam\u00edlia experimentaram a <\/span><span><strong>persegui\u00e7\u00e3o do regime isl\u00e2mico<\/strong><\/span><span> ap\u00f3s se converterem a Cristo no <\/span><span><strong>Ir\u00e3<\/strong><\/span><span>.<\/span><\/p>\n<p><span>Em 2013, eles precisaram fugir do pa\u00eds por seguran\u00e7a e recome\u00e7ar suas vidas em outro pa\u00eds.\u00a0<\/span><\/p>\n<p><span>Hoje, Bahar atua como Porta-voz da Miss\u00e3o Portas Abertas sobre o Ir\u00e3 e contou ao <\/span><strong>Guiame<\/strong><span> como \u00e9 ser crist\u00e3o em uma na\u00e7\u00e3o que pro\u00edbe o cristianismo.<\/span><\/p>\n<p><span>Na adolesc\u00eancia, ela testemunhou Deus impactar sua fam\u00edlia ap\u00f3s seu pai aceitar Jesus.<\/span><\/p>\n<p><span>\u201cEle teve contato com o Evangelho atrav\u00e9s de um programa crist\u00e3o em l\u00edngua persa na televis\u00e3o por sat\u00e9lite e, a partir daquele momento, algo em sua vida mudou. Lentamente, essa mudan\u00e7a come\u00e7ou a impactar a todos n\u00f3s como fam\u00edlia\u201d, contou ela.<\/span><\/p>\n<p><span>\u201cEu ainda era jovem na \u00e9poca, mas pude ver a diferen\u00e7a nele, sua paz, sua esperan\u00e7a e a maneira como ele vivia\u201d.<\/span><\/p>\n<p><span>Nessa \u00e9poca, Bahar frequentou uma igreja dom\u00e9stica apenas algumas vezes por causa dos riscos.<\/span><\/p>\n<p><span>\u201cEmbora eu s\u00f3 tenha frequentado algumas vezes, esses momentos permaneceram profundamente em minha mem\u00f3ria\u201d, comentou.<\/span><\/p>\n<p><strong>Pai preso\u00a0<\/strong><\/p>\n<p><span>Mais tarde, seu pai <\/span><span><strong>foi preso pelas autoridades<\/strong><\/span><span> devido a sua convers\u00e3o \u00e0 f\u00e9 crist\u00e3. Bahar, seus irm\u00e3os e sua m\u00e3e enfrentaram momentos de luta espiritual e emocional diante da persegui\u00e7\u00e3o.<\/span><\/p>\n<p><span>\u201cFoi uma das fases mais dif\u00edceis de nossas vidas. Viv\u00edamos com medo e incerteza, sem saber se meu pai voltaria para casa. Meus irm\u00e3os mais novos perguntavam constantemente sobre ele, e t\u00ednhamos que esconder a verdade\u201d, lembrou ela.<\/span><\/p>\n<p><span>Segundo a iraniana, sua f\u00e9 cresceu mesmo em meio a dor de ter o pai preso. \u201cEu tinha muitas perguntas: Por que isso estava acontecendo se est\u00e1vamos seguindo a verdade? Mas, naquele momento de confus\u00e3o, experimentei a presen\u00e7a de Deus como um Pai amoroso de forma muito pessoal e real\u201d, afirmou.\u00a0<\/span><\/p>\n<p><span>\u201cEle me deu uma sensa\u00e7\u00e3o de paz e a certeza de que Ele ainda estava no controle. Foi ent\u00e3o que minha f\u00e9 se tornou pessoal, n\u00e3o apenas algo que eu tinha visto em meu pai\u201d, testemunhou.<\/span><\/p>\n<p><span>Bahar Rad disse que sua m\u00e3e foi a que mais sofreu durante a pris\u00e3o do esposo. \u201cMinha m\u00e3e carregava um fardo ainda mais pesado. Ela criava tr\u00eas filhos sozinha, trabalhava e enfrentava a press\u00e3o tanto das autoridades quanto de nossos familiares\u201d, observou.<\/span><\/p>\n<p><span>E ressaltou: \u201cComo fam\u00edlia, nos apegamos a Deus n\u00e3o porque fosse f\u00e1cil, mas porque Ele era nossa \u00fanica fonte de for\u00e7a. Foi isso que nos ajudou a permanecer firmes\u201d.<\/span><\/p>\n<p><span>Ap\u00f3s 13 meses na pris\u00e3o, o pai de Rad foi libertado. Ent\u00e3o, a fam\u00edlia fugiu do Ir\u00e3 e enfrentou dificuldades como refugiados at\u00e9 se estabelecerem em outro pa\u00eds. Hoje, Bahar mant\u00e9m contato com crist\u00e3os iranianos, os encorajando em sua caminhada com Jesus.<\/span><\/p>\n<p><strong>Despertar espiritual no Ir\u00e3<\/strong><\/p>\n<p><span>Sobre os relatos de um despertar espiritual no Ir\u00e3, Rad confirmou que s\u00e3o reais e que o avivamento est\u00e1 acontecendo de maneira discreta.<\/span><\/p>\n<p><span>\u201cApesar de toda a press\u00e3o e dos riscos, a Igreja est\u00e1 crescendo. As pessoas est\u00e3o em busca de verdade, esperan\u00e7a e significado, especialmente em meio a dificuldades, injusti\u00e7as e decep\u00e7\u00f5es\u201d, relatou.<\/span><\/p>\n<p><span>Os crist\u00e3os iranianos pregam o Evangelho n\u00e3o somente por meio de palavras, mas tamb\u00e9m por meio de suas vidas, ajudando e servindo as pessoas durante os momentos de dificuldade.<\/span><\/p>\n<p><span>\u201cEsse crescimento muitas vezes acontece silenciosamente. Muitos chegam \u00e0 f\u00e9 por meio de relacionamentos pessoais, atos de bondade ou at\u00e9 mesmo por meio de m\u00eddias como programas de sat\u00e9lite ou plataformas online\u201d, disse Bahar.<\/span><\/p>\n<p><span>\u201cMesmo na pris\u00e3o, vimos vidas transformadas. Meu pr\u00f3prio pai compartilhou o Evangelho durante sua pris\u00e3o e muitos se converteram. Ent\u00e3o, sim, h\u00e1 um verdadeiro despertar espiritual, mas est\u00e1 acontecendo de uma maneira discreta e muitas vezes custosa\u201d, avaliou.<\/span><\/p>\n<p><strong>\u201cOs crentes iranianos desejam ser lembrados\u201d<\/strong><\/p>\n<p><span>Bahar ainda relatou os principais anseios dos crist\u00e3os iranianos que precisam manter sua f\u00e9 em segredo.<\/span><\/p>\n<p><span>\u201cUm de seus maiores desejos \u00e9 simplesmente ter liberdade, a liberdade de crer, de adorar e de viver sua f\u00e9 abertamente, sem medo\u201d, declarou.<\/span><\/p>\n<p><span>Os crentes tamb\u00e9m sentem falta de congregar em uma igreja com outros seguidores de Jesus.\u00a0<\/span><\/p>\n<p><span>\u201cH\u00e1 tamb\u00e9m um profundo desejo de conex\u00e3o. Muitos crentes se sentem isolados, especialmente aqueles que n\u00e3o t\u00eam acesso a uma igreja dom\u00e9stica. Eles anseiam por comunh\u00e3o, por comunidade e por saber que n\u00e3o est\u00e3o sozinhos\u201d, contou Bahar.<\/span><\/p>\n<p><span>E acrescentou: \u201cOutro desejo \u00e9 permanecer fiel ao seu chamado. Apesar dos riscos, muitos querem continuar servindo aos outros, compartilhando o Evangelho e sendo uma luz em suas comunidades\u201d.<\/span><\/p>\n<p><span>Bahar Rad enfatizou que os irm\u00e3os iranianos anseiam por ser lembrados por outros crist\u00e3os ao redor do mundo.<\/span><\/p>\n<p><span>\u201cEles desejam profundamente ser lembrados. Saber que outros crist\u00e3os ao redor do mundo est\u00e3o orando por eles e os apoiando traz for\u00e7a e encorajamento. Isso os lembra de que fazem parte de um s\u00f3 corpo, uma s\u00f3 fam\u00edlia global em Cristo\u201d, finalizou ela.<\/span><\/p>\n<\/div>\n","protected":false},"excerpt":{"rendered":"<p>Bahar Rad e sua fam\u00edlia experimentaram a persegui\u00e7\u00e3o do regime isl\u00e2mico ap\u00f3s se converterem a Cristo no Ir\u00e3. Em 2013, eles precisaram fugir do pa\u00eds por seguran\u00e7a e recome\u00e7ar suas vidas em outro pa\u00eds.\u00a0 Hoje, Bahar atua como Porta-voz da Miss\u00e3o Portas Abertas sobre o Ir\u00e3 e contou ao Guiame como \u00e9 ser crist\u00e3o em uma na\u00e7\u00e3o que pro\u00edbe o cristianismo. Na adolesc\u00eancia, ela testemunhou Deus impactar sua fam\u00edlia ap\u00f3s seu pai aceitar Jesus. \u201cEle teve contato com o Evangelho atrav\u00e9s de um programa crist\u00e3o em l\u00edngua persa na televis\u00e3o por sat\u00e9lite e, a partir daquele momento, algo em sua vida mudou. Lentamente, essa mudan\u00e7a come\u00e7ou a impactar a todos n\u00f3s como fam\u00edlia\u201d, contou ela. \u201cEu ainda era jovem na \u00e9poca, mas pude ver a diferen\u00e7a nele, sua paz, sua esperan\u00e7a e a maneira como ele vivia\u201d. Nessa \u00e9poca, Bahar frequentou uma igreja dom\u00e9stica apenas algumas vezes por causa dos riscos. \u201cEmbora eu s\u00f3 tenha frequentado algumas vezes, esses momentos permaneceram profundamente em minha mem\u00f3ria\u201d, comentou. Pai preso\u00a0 Mais tarde, seu pai foi preso pelas autoridades devido a sua convers\u00e3o \u00e0 f\u00e9 crist\u00e3. Bahar, seus irm\u00e3os e sua m\u00e3e enfrentaram momentos de luta espiritual e emocional diante da persegui\u00e7\u00e3o. \u201cFoi uma das fases mais dif\u00edceis de nossas vidas. Viv\u00edamos com medo e incerteza, sem saber se meu pai voltaria para casa. Meus irm\u00e3os mais novos perguntavam constantemente sobre ele, e t\u00ednhamos que esconder a verdade\u201d, lembrou ela. Segundo a iraniana, sua f\u00e9 cresceu mesmo em meio a dor de ter o pai preso. \u201cEu tinha muitas perguntas: Por que isso estava acontecendo se est\u00e1vamos seguindo a verdade? Mas, naquele momento de confus\u00e3o, experimentei a presen\u00e7a de Deus como um Pai amoroso de forma muito pessoal e real\u201d, afirmou.\u00a0 \u201cEle me deu uma sensa\u00e7\u00e3o de paz e a certeza de que Ele ainda estava no controle. Foi ent\u00e3o que minha f\u00e9 se tornou pessoal, n\u00e3o apenas algo que eu tinha visto em meu pai\u201d, testemunhou. Bahar Rad disse que sua m\u00e3e foi a que mais sofreu durante a pris\u00e3o do esposo. \u201cMinha m\u00e3e carregava um fardo ainda mais pesado. Ela criava tr\u00eas filhos sozinha, trabalhava e enfrentava a press\u00e3o tanto das autoridades quanto de nossos familiares\u201d, observou. E ressaltou: \u201cComo fam\u00edlia, nos apegamos a Deus n\u00e3o porque fosse f\u00e1cil, mas porque Ele era nossa \u00fanica fonte de for\u00e7a. Foi isso que nos ajudou a permanecer firmes\u201d. Ap\u00f3s 13 meses na pris\u00e3o, o pai de Rad foi libertado. Ent\u00e3o, a fam\u00edlia fugiu do Ir\u00e3 e enfrentou dificuldades como refugiados at\u00e9 se estabelecerem em outro pa\u00eds. Hoje, Bahar mant\u00e9m contato com crist\u00e3os iranianos, os encorajando em sua caminhada com Jesus. Despertar espiritual no Ir\u00e3 Sobre os relatos de um despertar espiritual no Ir\u00e3, Rad confirmou que s\u00e3o reais e que o avivamento est\u00e1 acontecendo de maneira discreta. \u201cApesar de toda a press\u00e3o e dos riscos, a Igreja est\u00e1 crescendo. As pessoas est\u00e3o em busca de verdade, esperan\u00e7a e significado, especialmente em meio a dificuldades, injusti\u00e7as e decep\u00e7\u00f5es\u201d, relatou. Os crist\u00e3os iranianos pregam o Evangelho n\u00e3o somente por meio de palavras, mas tamb\u00e9m por meio de suas vidas, ajudando e servindo as pessoas durante os momentos de dificuldade. \u201cEsse crescimento muitas vezes acontece silenciosamente. Muitos chegam \u00e0 f\u00e9 por meio de relacionamentos pessoais, atos de bondade ou at\u00e9 mesmo por meio de m\u00eddias como programas de sat\u00e9lite ou plataformas online\u201d, disse Bahar. \u201cMesmo na pris\u00e3o, vimos vidas transformadas. Meu pr\u00f3prio pai compartilhou o Evangelho durante sua pris\u00e3o e muitos se converteram. Ent\u00e3o, sim, h\u00e1 um verdadeiro despertar espiritual, mas est\u00e1 acontecendo de uma maneira discreta e muitas vezes custosa\u201d, avaliou. \u201cOs crentes iranianos desejam ser lembrados\u201d Bahar ainda relatou os principais anseios dos crist\u00e3os iranianos que precisam manter sua f\u00e9 em segredo. \u201cUm de seus maiores desejos \u00e9 simplesmente ter liberdade, a liberdade de crer, de adorar e de viver sua f\u00e9 abertamente, sem medo\u201d, declarou. Os crentes tamb\u00e9m sentem falta de congregar em uma igreja com outros seguidores de Jesus.\u00a0 \u201cH\u00e1 tamb\u00e9m um profundo desejo de conex\u00e3o. Muitos crentes se sentem isolados, especialmente aqueles que n\u00e3o t\u00eam acesso a uma igreja dom\u00e9stica. Eles anseiam por comunh\u00e3o, por comunidade e por saber que n\u00e3o est\u00e3o sozinhos\u201d, contou Bahar. E acrescentou: \u201cOutro desejo \u00e9 permanecer fiel ao seu chamado. Apesar dos riscos, muitos querem continuar servindo aos outros, compartilhando o Evangelho e sendo uma luz em suas comunidades\u201d. Bahar Rad enfatizou que os irm\u00e3os iranianos anseiam por ser lembrados por outros crist\u00e3os ao redor do mundo. \u201cEles desejam profundamente ser lembrados. Saber que outros crist\u00e3os ao redor do mundo est\u00e3o orando por eles e os apoiando traz for\u00e7a e encorajamento. Isso os lembra de que fazem parte de um s\u00f3 corpo, uma s\u00f3 fam\u00edlia global em Cristo\u201d, finalizou ela.<\/p>\n","protected":false},"author":1,"featured_media":11643,"comment_status":"closed","ping_status":"closed","sticky":false,"template":"","format":"standard","meta":{"footnotes":""},"categories":[14],"tags":[],"class_list":["post-11642","post","type-post","status-publish","format-standard","has-post-thumbnail","hentry","category-missoes"],"acf":[],"_links":{"self":[{"href":"https:\/\/fabricadescripts.com.br\/igrejas\/IGRE3535\/wp-json\/wp\/v2\/posts\/11642","targetHints":{"allow":["GET"]}}],"collection":[{"href":"https:\/\/fabricadescripts.com.br\/igrejas\/IGRE3535\/wp-json\/wp\/v2\/posts"}],"about":[{"href":"https:\/\/fabricadescripts.com.br\/igrejas\/IGRE3535\/wp-json\/wp\/v2\/types\/post"}],"author":[{"embeddable":true,"href":"https:\/\/fabricadescripts.com.br\/igrejas\/IGRE3535\/wp-json\/wp\/v2\/users\/1"}],"replies":[{"embeddable":true,"href":"https:\/\/fabricadescripts.com.br\/igrejas\/IGRE3535\/wp-json\/wp\/v2\/comments?post=11642"}],"version-history":[{"count":0,"href":"https:\/\/fabricadescripts.com.br\/igrejas\/IGRE3535\/wp-json\/wp\/v2\/posts\/11642\/revisions"}],"wp:featuredmedia":[{"embeddable":true,"href":"https:\/\/fabricadescripts.com.br\/igrejas\/IGRE3535\/wp-json\/wp\/v2\/media\/11643"}],"wp:attachment":[{"href":"https:\/\/fabricadescripts.com.br\/igrejas\/IGRE3535\/wp-json\/wp\/v2\/media?parent=11642"}],"wp:term":[{"taxonomy":"category","embeddable":true,"href":"https:\/\/fabricadescripts.com.br\/igrejas\/IGRE3535\/wp-json\/wp\/v2\/categories?post=11642"},{"taxonomy":"post_tag","embeddable":true,"href":"https:\/\/fabricadescripts.com.br\/igrejas\/IGRE3535\/wp-json\/wp\/v2\/tags?post=11642"}],"curies":[{"name":"wp","href":"https:\/\/api.w.org\/{rel}","templated":true}]}}