{"id":11638,"date":"2026-03-29T08:01:28","date_gmt":"2026-03-29T11:01:28","guid":{"rendered":"https:\/\/fabricadescripts.com.br\/igrejas\/IGRE3535\/ator-de-casa-de-davi-fala-sobre-relacionamento-com-deus-ele-transforma-vidas\/"},"modified":"2026-03-29T08:01:28","modified_gmt":"2026-03-29T11:01:28","slug":"ator-de-casa-de-davi-fala-sobre-relacionamento-com-deus-ele-transforma-vidas","status":"publish","type":"post","link":"https:\/\/fabricadescripts.com.br\/igrejas\/IGRE3535\/ator-de-casa-de-davi-fala-sobre-relacionamento-com-deus-ele-transforma-vidas\/","title":{"rendered":"Ator de \u201cCasa de Davi\u201d fala sobre relacionamento com Deus: \u201cEle transforma vidas\u201d"},"content":{"rendered":"<div>\n<p><span>O ator <\/span><span><strong>Michael Iskander<\/strong><\/span><span>, protagonista da s\u00e9rie \u201cCasa de Davi\u201d, destacou a import\u00e2ncia de um relacionamento verdadeiro com Deus ao refletir sobre a segunda temporada da produ\u00e7\u00e3o, que estreou nesta sexta-feira (27) no Prime Video.<\/span><\/p>\n<p><span>A s\u00e9rie, que atraiu mais de 40 milh\u00f5es de espectadores em todo o mundo, retorna para sua segunda temporada com uma abordagem mais profunda sobre lideran\u00e7a, sacrif\u00edcio e transforma\u00e7\u00e3o espiritual.\u00a0<\/span><\/p>\n<p><span>Criada por Jon Erwin e Jon Gunn, por meio da Wonder Project, em parceria com a Amazon MGM Studios, a produ\u00e7\u00e3o passa a explorar as consequ\u00eancias da vit\u00f3ria de Davi sobre Golias, acompanhando sua ascens\u00e3o ao poder em meio a tens\u00f5es pol\u00edticas, prova\u00e7\u00f5es pessoais e um crescente senso de chamado divino.<\/span><\/p>\n<p><span>Para Michael, que interpreta Davi, a hist\u00f3ria vai al\u00e9m de batalhas e conquistas. Ele destacou a transforma\u00e7\u00e3o espiritual de seu personagem, que tamb\u00e9m impactou sua vida.<\/span><\/p>\n<p><span>\u201cA segunda temporada \u00e9 realmente sobre crescimento e desenvolvimento. \u00c0 medida que Davi cresce, eu cres\u00e7o com ele. Eu amo Davi. Tudo nele, especialmente seu relacionamento com Deus, \u00e9 da\u00ed que tudo se origina\u201d, disse ele ao The Christian Post.<\/span><\/p>\n<p><strong>\u2018Deus pode transformar vidas\u2019<\/strong><\/p>\n<p><span>Enquanto a primeira temporada mostrou as origens de Davi como um jovem pastor, a nova fase da s\u00e9rie aprofunda sua trajet\u00f3ria, destacando n\u00e3o apenas suas conquistas, mas tamb\u00e9m os dilemas morais que marcam sua hist\u00f3ria, como pecado, arrependimento e reden\u00e7\u00e3o.<\/span><\/p>\n<p><span>\u201cA verdade \u00e9 que essa \u00e9 a condi\u00e7\u00e3o humana. Todos n\u00f3s somos pecadores e todos n\u00f3s vamos errar \u00e0s vezes. A diferen\u00e7a \u00e9 que Davi se arrependeu. Ele se afastou do pecado e voltou para Deus\u201d, afirmou o ator e cantor, de 24 anos.<\/span><\/p>\n<p><span>E continuou: \u201cSaul cometeu erros, mas era orgulhoso demais para admitir suas transgress\u00f5es. Davi assumiu a responsabilidade. \u00c9 como Judas e Pedro; um voltou atr\u00e1s, e o outro n\u00e3o\u201d.<\/span><\/p>\n<p><span>Michael tamb\u00e9m deixou uma mensagem ao p\u00fablico, refor\u00e7ando a import\u00e2ncia de confiar em Deus independentemente das circunst\u00e2ncias. Segundo ele, a nova temporada deve trazer encorajamento e uma nova perspectiva, especialmente para quem se identifica com as imperfei\u00e7\u00f5es de Davi.<\/span><\/p>\n<p><span>\u201cEspero que eles vejam a transforma\u00e7\u00e3o em Davi. Que Deus n\u00e3o chama os qualificados, Ele qualifica os chamados. Espero que eles confiem no poder de Deus para transformar suas vidas\u201d, declarou o ator.<\/span><\/p>\n<p><em><span>Assista ao trailer:<\/span><\/em><\/p>\n<p><iframe title=\"YouTube video player\" src=\"https:\/\/www.youtube.com\/embed\/uav8nXiWkGg?si=PIyGM71vQOXcSzYX\" width=\"560\" height=\"315\" frameborder=\"0\" allowfullscreen=\"allowfullscreen\"><\/iframe><\/p>\n<p><span>O papel tamb\u00e9m marcou um per\u00edodo de crescimento espiritual para o ator, que afirmou ter aprofundado sua f\u00e9 durante as grava\u00e7\u00f5es. Nascido no Egito e criado nos Estados Unidos, Michael falou sobre sua caminhada com Cristo:<\/span><\/p>\n<p><span>\u201cDavi \u00e9 tudo para mim. Ele mudou a minha vida e \u00e9 apenas mais uma parte do meu crescimento com Cristo. Minha vida mudou em muitos n\u00edveis, especialmente no espiritual. Estou aprendendo a am\u00e1-Lo, a ouvi-Lo, a compreend\u00ea-Lo. N\u00e3o acho que terminamos de crescer nesse relacionamento\u201d.<\/span><\/p>\n<p><span>Por fim, Michael demonstrou otimismo ao falar sobre o crescimento de produ\u00e7\u00f5es crist\u00e3os:\u00a0<\/span><span>\u201cAs pessoas reconhecem a virtude quando a veem. Quando as pessoas veem Deus refletido em uma hist\u00f3ria, elas n\u00e3o conseguem evitar assistir. Espero que vejamos mais disso em nossas telas\u201d.<\/span><\/p>\n<p><span>A segunda temporada de \u201c<\/span><span><strong>Casa de Davi<\/strong><\/span><span>\u201d estreou no Prime Video nesta sexta-feira (27).<\/span><\/p>\n<\/div>\n","protected":false},"excerpt":{"rendered":"<p>O ator Michael Iskander, protagonista da s\u00e9rie \u201cCasa de Davi\u201d, destacou a import\u00e2ncia de um relacionamento verdadeiro com Deus ao refletir sobre a segunda temporada da produ\u00e7\u00e3o, que estreou nesta sexta-feira (27) no Prime Video. A s\u00e9rie, que atraiu mais de 40 milh\u00f5es de espectadores em todo o mundo, retorna para sua segunda temporada com uma abordagem mais profunda sobre lideran\u00e7a, sacrif\u00edcio e transforma\u00e7\u00e3o espiritual.\u00a0 Criada por Jon Erwin e Jon Gunn, por meio da Wonder Project, em parceria com a Amazon MGM Studios, a produ\u00e7\u00e3o passa a explorar as consequ\u00eancias da vit\u00f3ria de Davi sobre Golias, acompanhando sua ascens\u00e3o ao poder em meio a tens\u00f5es pol\u00edticas, prova\u00e7\u00f5es pessoais e um crescente senso de chamado divino. Para Michael, que interpreta Davi, a hist\u00f3ria vai al\u00e9m de batalhas e conquistas. Ele destacou a transforma\u00e7\u00e3o espiritual de seu personagem, que tamb\u00e9m impactou sua vida. \u201cA segunda temporada \u00e9 realmente sobre crescimento e desenvolvimento. \u00c0 medida que Davi cresce, eu cres\u00e7o com ele. Eu amo Davi. Tudo nele, especialmente seu relacionamento com Deus, \u00e9 da\u00ed que tudo se origina\u201d, disse ele ao The Christian Post. \u2018Deus pode transformar vidas\u2019 Enquanto a primeira temporada mostrou as origens de Davi como um jovem pastor, a nova fase da s\u00e9rie aprofunda sua trajet\u00f3ria, destacando n\u00e3o apenas suas conquistas, mas tamb\u00e9m os dilemas morais que marcam sua hist\u00f3ria, como pecado, arrependimento e reden\u00e7\u00e3o. \u201cA verdade \u00e9 que essa \u00e9 a condi\u00e7\u00e3o humana. Todos n\u00f3s somos pecadores e todos n\u00f3s vamos errar \u00e0s vezes. A diferen\u00e7a \u00e9 que Davi se arrependeu. Ele se afastou do pecado e voltou para Deus\u201d, afirmou o ator e cantor, de 24 anos. E continuou: \u201cSaul cometeu erros, mas era orgulhoso demais para admitir suas transgress\u00f5es. Davi assumiu a responsabilidade. \u00c9 como Judas e Pedro; um voltou atr\u00e1s, e o outro n\u00e3o\u201d. Michael tamb\u00e9m deixou uma mensagem ao p\u00fablico, refor\u00e7ando a import\u00e2ncia de confiar em Deus independentemente das circunst\u00e2ncias. Segundo ele, a nova temporada deve trazer encorajamento e uma nova perspectiva, especialmente para quem se identifica com as imperfei\u00e7\u00f5es de Davi. \u201cEspero que eles vejam a transforma\u00e7\u00e3o em Davi. Que Deus n\u00e3o chama os qualificados, Ele qualifica os chamados. Espero que eles confiem no poder de Deus para transformar suas vidas\u201d, declarou o ator. Assista ao trailer: O papel tamb\u00e9m marcou um per\u00edodo de crescimento espiritual para o ator, que afirmou ter aprofundado sua f\u00e9 durante as grava\u00e7\u00f5es. Nascido no Egito e criado nos Estados Unidos, Michael falou sobre sua caminhada com Cristo: \u201cDavi \u00e9 tudo para mim. Ele mudou a minha vida e \u00e9 apenas mais uma parte do meu crescimento com Cristo. Minha vida mudou em muitos n\u00edveis, especialmente no espiritual. Estou aprendendo a am\u00e1-Lo, a ouvi-Lo, a compreend\u00ea-Lo. N\u00e3o acho que terminamos de crescer nesse relacionamento\u201d. Por fim, Michael demonstrou otimismo ao falar sobre o crescimento de produ\u00e7\u00f5es crist\u00e3os:\u00a0\u201cAs pessoas reconhecem a virtude quando a veem. Quando as pessoas veem Deus refletido em uma hist\u00f3ria, elas n\u00e3o conseguem evitar assistir. Espero que vejamos mais disso em nossas telas\u201d. A segunda temporada de \u201cCasa de Davi\u201d estreou no Prime Video nesta sexta-feira (27).<\/p>\n","protected":false},"author":1,"featured_media":11639,"comment_status":"closed","ping_status":"closed","sticky":false,"template":"","format":"standard","meta":{"footnotes":""},"categories":[12],"tags":[],"class_list":["post-11638","post","type-post","status-publish","format-standard","has-post-thumbnail","hentry","category-mundo-cristao"],"acf":[],"_links":{"self":[{"href":"https:\/\/fabricadescripts.com.br\/igrejas\/IGRE3535\/wp-json\/wp\/v2\/posts\/11638","targetHints":{"allow":["GET"]}}],"collection":[{"href":"https:\/\/fabricadescripts.com.br\/igrejas\/IGRE3535\/wp-json\/wp\/v2\/posts"}],"about":[{"href":"https:\/\/fabricadescripts.com.br\/igrejas\/IGRE3535\/wp-json\/wp\/v2\/types\/post"}],"author":[{"embeddable":true,"href":"https:\/\/fabricadescripts.com.br\/igrejas\/IGRE3535\/wp-json\/wp\/v2\/users\/1"}],"replies":[{"embeddable":true,"href":"https:\/\/fabricadescripts.com.br\/igrejas\/IGRE3535\/wp-json\/wp\/v2\/comments?post=11638"}],"version-history":[{"count":0,"href":"https:\/\/fabricadescripts.com.br\/igrejas\/IGRE3535\/wp-json\/wp\/v2\/posts\/11638\/revisions"}],"wp:featuredmedia":[{"embeddable":true,"href":"https:\/\/fabricadescripts.com.br\/igrejas\/IGRE3535\/wp-json\/wp\/v2\/media\/11639"}],"wp:attachment":[{"href":"https:\/\/fabricadescripts.com.br\/igrejas\/IGRE3535\/wp-json\/wp\/v2\/media?parent=11638"}],"wp:term":[{"taxonomy":"category","embeddable":true,"href":"https:\/\/fabricadescripts.com.br\/igrejas\/IGRE3535\/wp-json\/wp\/v2\/categories?post=11638"},{"taxonomy":"post_tag","embeddable":true,"href":"https:\/\/fabricadescripts.com.br\/igrejas\/IGRE3535\/wp-json\/wp\/v2\/tags?post=11638"}],"curies":[{"name":"wp","href":"https:\/\/api.w.org\/{rel}","templated":true}]}}