{"id":11634,"date":"2026-03-29T08:01:30","date_gmt":"2026-03-29T11:01:30","guid":{"rendered":"https:\/\/fabricadescripts.com.br\/igrejas\/IGRE3535\/mae-que-perdeu-filha-em-protestos-no-ira-encontra-paz-em-jesus-confiei-minha-vida-a-ele\/"},"modified":"2026-03-29T08:01:30","modified_gmt":"2026-03-29T11:01:30","slug":"mae-que-perdeu-filha-em-protestos-no-ira-encontra-paz-em-jesus-confiei-minha-vida-a-ele","status":"publish","type":"post","link":"https:\/\/fabricadescripts.com.br\/igrejas\/IGRE3535\/mae-que-perdeu-filha-em-protestos-no-ira-encontra-paz-em-jesus-confiei-minha-vida-a-ele\/","title":{"rendered":"M\u00e3e que perdeu filha em protestos no Ir\u00e3 encontra paz em Jesus: \u201cConfiei minha vida a Ele\u201d"},"content":{"rendered":"<div>\n<p><span>Uma m\u00e3e iraniana que perdeu a filha durante protestos contra o regime no <\/span><strong><span>Ir\u00e3<\/span> <\/strong><span>afirmou ter encontrado paz ap\u00f3s entregar sua vida a Jesus. Em entrevista recente, ela contou como a f\u00e9 tem sustentado sua vida ap\u00f3s a trag\u00e9dia.<\/span><\/p>\n<p><span>Em janeiro, Sameera e sua filha de 16 anos participaram das manifesta\u00e7\u00f5es contra o regime em Karaj. Na ocasi\u00e3o, for\u00e7as de seguran\u00e7a abriram fogo contra os manifestantes, e a jovem Sevda foi atingida e morreu no local.<\/span><\/p>\n<p><span>&#8220;O dia 19 de janeiro foi verdadeiramente terr\u00edvel, quando o governo da Rep\u00fablica Isl\u00e2mica deu ordens para atirar nos manifestantes. Mesmo assim, muita gente foi \u00e0s ruas&#8221;, disse ela \u00e0 CBN News.<\/span><\/p>\n<p><span>Sameera contou que, mesmo cientes dos riscos, decidiu participar do protesto com a filha: &#8220;Sa\u00edmos naquela noite, deixando nossos celulares em casa, sabendo que poder\u00edamos enfrentar a morte ou ser presas&#8221;.<\/span><\/p>\n<p><span>Segundo ela, a adolescente demonstrou coragem at\u00e9 os \u00faltimos momentos: &#8220;Ela foi incrivelmente corajosa. Falou com total bravura at\u00e9 seu \u00faltimo suspiro. Lutou. Cantou. Gritou\u201d.<\/span><\/p>\n<p><span>Pouco depois, Sevda foi baleada no peito: \u201cAtiraram nela no cora\u00e7\u00e3o. A bala a atingiu e ela morreu instantaneamente&#8221;.<\/span><\/p>\n<p><strong>\u2018Sinto paz por causa de Cristo\u2019<\/strong><\/p>\n<p><span>Por anos, a fam\u00edlia esteve envolvida em protestos contra o regime iraniano. Semanas ap\u00f3s a trag\u00e9dia, Sameera deixou o pa\u00eds e passou a viver no norte do Iraque. Em meio \u00e0 dor, ela testemunhou que teve um encontro com Jesus.<\/span><\/p>\n<p><span>&#8220;Eu n\u00e3o era uma mu\u00e7ulmana muito religiosa quando crian\u00e7a. Na verdade, eu n\u00e3o aceitava o islamismo xiita. No entanto, eu sempre tive curiosidade sobre Jesus. Eu sabia algo sobre Cristo por assistir a v\u00eddeos no Instagram, mas nunca imaginei que teria um encontro como este&#8221;, afirmou ela.<\/span><\/p>\n<p><span>Depois dessa experi\u00eancia, ela foi batizada em uma pequena igreja dom\u00e9stica no norte do Iraque:\u00a0<\/span><span>&#8220;Desde que encontrei Cristo, muitas coisas boas aconteceram na minha vida. Sinto uma paz especial e confiei a minha vida e meu destino a Ele&#8221;.<\/span><\/p>\n<p><span>&#8220;Hoje, embora esteja passando por muita coisa, sinto uma paz profunda por causa de Cristo&#8221;, acrescentou.<\/span><\/p>\n<p><span>Sameera destacou que a morte da filha n\u00e3o deve ser esquecida: &#8220;Houve muitas vezes em que ela me incentivou a ir \u00e0s ruas. Ela implorou para que eu fosse com ela. Ela insistiu. Ela disse que t\u00ednhamos que protestar em nome daqueles que perderam a vida&#8221;.<\/span><\/p>\n<p><span>E continuou: &#8220;Ela costumava dizer: &#8216;Eu adoraria que as pessoas fossem livres um dia&#8217;. Ela tamb\u00e9m dizia: &#8216;Se algo me acontecer, lembrem-se de mim no dia da liberdade'&#8221;.<\/span><\/p>\n<p><span>A morte da jovem ocorreu em meio a uma onda de protestos no Ir\u00e3. Ao comentar o cen\u00e1rio no pa\u00eds, Sameera afirmou: &#8220;A Rep\u00fablica Isl\u00e2mica \u00e9 um c\u00e2ncer, \u00e9 realmente um c\u00e2ncer, e algu\u00e9m precisa destru\u00ed-la. Se isso n\u00e3o acontecer, ficarei profundamente triste, porque perdemos muitos jovens, e eles ainda est\u00e3o sendo executados hoje em dia&#8221;.<\/span><\/p>\n<p><strong>Milhares de manifestantes mortos<\/strong><\/p>\n<p><span>Segundo o portal iraniano Iran International, <\/span><span><strong>mais de 36 mil pessoas foram mortas<\/strong><\/span><span> pelo regime aiatol\u00e1 durante o auge dos protestos no in\u00edcio de janeiro, n\u00fameros semelhantes aos divulgados pela revista Time.<\/span><\/p>\n<p><span>Segundo o ve\u00edculo, a estimativa de mortos na violenta repress\u00e3o ocorrida em 8 e 9 de janeiro foi baseada em dados extensos obtidos a partir de \u201cdocumentos confidenciais, relat\u00f3rios de campo e relatos de profissionais de sa\u00fade, testemunhas e familiares das v\u00edtimas\u201d.<\/span><\/p>\n<p><span>A publica\u00e7\u00e3o afirmou que os n\u00fameros tornam esses assassinatos \u201co massacre mais sangrento de civis durante protestos de rua, em um intervalo de dois dias, na hist\u00f3ria\u201d.<\/span><\/p>\n<p><span>De acordo com o relat\u00f3rio, a maioria dos assassinatos foi cometida pelo Corpo da Guarda Revolucion\u00e1ria Isl\u00e2mica (IRGC) e pela mil\u00edcia aliada Basij, embora tamb\u00e9m tenham sido utilizados combatentes proxies vindos do Iraque e da S\u00edria.<\/span><\/p>\n<\/div>\n","protected":false},"excerpt":{"rendered":"<p>Uma m\u00e3e iraniana que perdeu a filha durante protestos contra o regime no Ir\u00e3 afirmou ter encontrado paz ap\u00f3s entregar sua vida a Jesus. Em entrevista recente, ela contou como a f\u00e9 tem sustentado sua vida ap\u00f3s a trag\u00e9dia. Em janeiro, Sameera e sua filha de 16 anos participaram das manifesta\u00e7\u00f5es contra o regime em Karaj. Na ocasi\u00e3o, for\u00e7as de seguran\u00e7a abriram fogo contra os manifestantes, e a jovem Sevda foi atingida e morreu no local. &#8220;O dia 19 de janeiro foi verdadeiramente terr\u00edvel, quando o governo da Rep\u00fablica Isl\u00e2mica deu ordens para atirar nos manifestantes. Mesmo assim, muita gente foi \u00e0s ruas&#8221;, disse ela \u00e0 CBN News. Sameera contou que, mesmo cientes dos riscos, decidiu participar do protesto com a filha: &#8220;Sa\u00edmos naquela noite, deixando nossos celulares em casa, sabendo que poder\u00edamos enfrentar a morte ou ser presas&#8221;. Segundo ela, a adolescente demonstrou coragem at\u00e9 os \u00faltimos momentos: &#8220;Ela foi incrivelmente corajosa. Falou com total bravura at\u00e9 seu \u00faltimo suspiro. Lutou. Cantou. Gritou\u201d. Pouco depois, Sevda foi baleada no peito: \u201cAtiraram nela no cora\u00e7\u00e3o. A bala a atingiu e ela morreu instantaneamente&#8221;. \u2018Sinto paz por causa de Cristo\u2019 Por anos, a fam\u00edlia esteve envolvida em protestos contra o regime iraniano. Semanas ap\u00f3s a trag\u00e9dia, Sameera deixou o pa\u00eds e passou a viver no norte do Iraque. Em meio \u00e0 dor, ela testemunhou que teve um encontro com Jesus. &#8220;Eu n\u00e3o era uma mu\u00e7ulmana muito religiosa quando crian\u00e7a. Na verdade, eu n\u00e3o aceitava o islamismo xiita. No entanto, eu sempre tive curiosidade sobre Jesus. Eu sabia algo sobre Cristo por assistir a v\u00eddeos no Instagram, mas nunca imaginei que teria um encontro como este&#8221;, afirmou ela. Depois dessa experi\u00eancia, ela foi batizada em uma pequena igreja dom\u00e9stica no norte do Iraque:\u00a0&#8220;Desde que encontrei Cristo, muitas coisas boas aconteceram na minha vida. Sinto uma paz especial e confiei a minha vida e meu destino a Ele&#8221;. &#8220;Hoje, embora esteja passando por muita coisa, sinto uma paz profunda por causa de Cristo&#8221;, acrescentou. Sameera destacou que a morte da filha n\u00e3o deve ser esquecida: &#8220;Houve muitas vezes em que ela me incentivou a ir \u00e0s ruas. Ela implorou para que eu fosse com ela. Ela insistiu. Ela disse que t\u00ednhamos que protestar em nome daqueles que perderam a vida&#8221;. E continuou: &#8220;Ela costumava dizer: &#8216;Eu adoraria que as pessoas fossem livres um dia&#8217;. Ela tamb\u00e9m dizia: &#8216;Se algo me acontecer, lembrem-se de mim no dia da liberdade&#8217;&#8221;. A morte da jovem ocorreu em meio a uma onda de protestos no Ir\u00e3. Ao comentar o cen\u00e1rio no pa\u00eds, Sameera afirmou: &#8220;A Rep\u00fablica Isl\u00e2mica \u00e9 um c\u00e2ncer, \u00e9 realmente um c\u00e2ncer, e algu\u00e9m precisa destru\u00ed-la. Se isso n\u00e3o acontecer, ficarei profundamente triste, porque perdemos muitos jovens, e eles ainda est\u00e3o sendo executados hoje em dia&#8221;. Milhares de manifestantes mortos Segundo o portal iraniano Iran International, mais de 36 mil pessoas foram mortas pelo regime aiatol\u00e1 durante o auge dos protestos no in\u00edcio de janeiro, n\u00fameros semelhantes aos divulgados pela revista Time. Segundo o ve\u00edculo, a estimativa de mortos na violenta repress\u00e3o ocorrida em 8 e 9 de janeiro foi baseada em dados extensos obtidos a partir de \u201cdocumentos confidenciais, relat\u00f3rios de campo e relatos de profissionais de sa\u00fade, testemunhas e familiares das v\u00edtimas\u201d. A publica\u00e7\u00e3o afirmou que os n\u00fameros tornam esses assassinatos \u201co massacre mais sangrento de civis durante protestos de rua, em um intervalo de dois dias, na hist\u00f3ria\u201d. De acordo com o relat\u00f3rio, a maioria dos assassinatos foi cometida pelo Corpo da Guarda Revolucion\u00e1ria Isl\u00e2mica (IRGC) e pela mil\u00edcia aliada Basij, embora tamb\u00e9m tenham sido utilizados combatentes proxies vindos do Iraque e da S\u00edria.<\/p>\n","protected":false},"author":1,"featured_media":11635,"comment_status":"closed","ping_status":"closed","sticky":false,"template":"","format":"standard","meta":{"footnotes":""},"categories":[12],"tags":[],"class_list":["post-11634","post","type-post","status-publish","format-standard","has-post-thumbnail","hentry","category-mundo-cristao"],"acf":[],"_links":{"self":[{"href":"https:\/\/fabricadescripts.com.br\/igrejas\/IGRE3535\/wp-json\/wp\/v2\/posts\/11634","targetHints":{"allow":["GET"]}}],"collection":[{"href":"https:\/\/fabricadescripts.com.br\/igrejas\/IGRE3535\/wp-json\/wp\/v2\/posts"}],"about":[{"href":"https:\/\/fabricadescripts.com.br\/igrejas\/IGRE3535\/wp-json\/wp\/v2\/types\/post"}],"author":[{"embeddable":true,"href":"https:\/\/fabricadescripts.com.br\/igrejas\/IGRE3535\/wp-json\/wp\/v2\/users\/1"}],"replies":[{"embeddable":true,"href":"https:\/\/fabricadescripts.com.br\/igrejas\/IGRE3535\/wp-json\/wp\/v2\/comments?post=11634"}],"version-history":[{"count":0,"href":"https:\/\/fabricadescripts.com.br\/igrejas\/IGRE3535\/wp-json\/wp\/v2\/posts\/11634\/revisions"}],"wp:featuredmedia":[{"embeddable":true,"href":"https:\/\/fabricadescripts.com.br\/igrejas\/IGRE3535\/wp-json\/wp\/v2\/media\/11635"}],"wp:attachment":[{"href":"https:\/\/fabricadescripts.com.br\/igrejas\/IGRE3535\/wp-json\/wp\/v2\/media?parent=11634"}],"wp:term":[{"taxonomy":"category","embeddable":true,"href":"https:\/\/fabricadescripts.com.br\/igrejas\/IGRE3535\/wp-json\/wp\/v2\/categories?post=11634"},{"taxonomy":"post_tag","embeddable":true,"href":"https:\/\/fabricadescripts.com.br\/igrejas\/IGRE3535\/wp-json\/wp\/v2\/tags?post=11634"}],"curies":[{"name":"wp","href":"https:\/\/api.w.org\/{rel}","templated":true}]}}