{"id":11616,"date":"2026-03-28T07:24:08","date_gmt":"2026-03-28T10:24:08","guid":{"rendered":"https:\/\/fabricadescripts.com.br\/igrejas\/IGRE3535\/diagnosticado-como-autista-nao-verbal-menino-louva-na-igreja-ele-e-um-milagre\/"},"modified":"2026-03-28T07:24:08","modified_gmt":"2026-03-28T10:24:08","slug":"diagnosticado-como-autista-nao-verbal-menino-louva-na-igreja-ele-e-um-milagre","status":"publish","type":"post","link":"https:\/\/fabricadescripts.com.br\/igrejas\/IGRE3535\/diagnosticado-como-autista-nao-verbal-menino-louva-na-igreja-ele-e-um-milagre\/","title":{"rendered":"Diagnosticado como autista n\u00e3o verbal, menino louva na igreja: \u2018Ele \u00e9 um milagre\u2019"},"content":{"rendered":"<div>\n<p>Um v\u00eddeo registrado durante um culto em uma <span><strong>igreja evang\u00e9lica<\/strong> <\/span>viralizou nas redes sociais ao mostrar um menino autista participando de um momento de louvor.<\/p>\n<p>Nas imagens compartilhadas inicialmente por Kelley Freire, m\u00e3e de Davy, de 11 anos, ela fala sobre o diagn\u00f3stico: \u00a0<\/p>\n<p>\u201cMeu filho foi diagnosticado com <span><strong>autismo<\/strong><\/span> e, por muito tempo, ele foi considerado autista n\u00e3o verbal. Eu me lembro de cada tentativa, cada esfor\u00e7o, cada ora\u00e7\u00e3o\u2026 palavras que n\u00e3o vinham, olhares que pareciam distantes, e um cora\u00e7\u00e3o de m\u00e3e que nunca deixou de crer\u201d.<\/p>\n<p>Al\u00e9m das dificuldades, ela tamb\u00e9m fala de f\u00e9:<\/p>\n<p>\u201cHouve dias dif\u00edceis, dias de incerteza, de medo do futuro. Mas tamb\u00e9m houve f\u00e9. Houve esperan\u00e7a. Houve entrega. E, acima de tudo, houve Deus.\u201d<\/p>\n<p>As imagens de Davy louvando rapidamente ganharam repercuss\u00e3o, sendo repostadas em diversos perfis no Instagram e TikTok.<\/p>\n<blockquote data-instgrm-captioned data-instgrm-permalink=\"https:\/\/www.instagram.com\/reel\/DPty4ygEVaE\/?utm_source=ig_embed&#038;utm_campaign=loading\" data-instgrm-version=\"14\"><\/blockquote>\n<p>No v\u00eddeo, o menino aparece cantando com intensidade e concentra\u00e7\u00e3o, em um momento que muitos descreveram como profundamente espiritual.<\/p>\n<p><strong>&#8216;Milagre&#8217;<\/strong><\/p>\n<p>Ao publicar o registro, Kelley tamb\u00e9m abriu o cora\u00e7\u00e3o sobre a trajet\u00f3ria do filho, revelando o caminho de f\u00e9 percorrido pela fam\u00edlia.<\/p>\n<p>\u201cO Davy \u00e9 um milagre\u201d, afirma.<\/p>\n<p>\u201cE hoje, aquele menino que n\u00e3o falava\u2026 canta. Louva. Eleva sua voz na igreja como quem sempre teve algo lindo para dizer, s\u00f3 estava esperando o tempo certo para florescer\u201d, declara.<\/p>\n<p>A mudan\u00e7a, segundo Kelley, \u00e9 motivo de profunda emo\u00e7\u00e3o:<\/p>\n<p>\u201c\u00c9 imposs\u00edvel explicar o que sinto ao v\u00ea-lo adorando, erguendo as m\u00e3os, pronunciando palavras que um dia pareciam t\u00e3o distantes. Cada som \u00e9 um testemunho. Cada louvor, um milagre em andamento\u201d.<\/p>\n<p>Nos coment\u00e1rios e republica\u00e7\u00f5es, internautas tamb\u00e9m expressaram impacto com a cena.<\/p>\n<p><strong>\u2018Un\u00e7\u00e3o que arrepia\u2019<\/strong><\/p>\n<p>Um dos perfis que compartilhou o conte\u00fado escreveu:<\/p>\n<p>\u201cEle \u00e9 autista\u2026 e canta com uma entrega, uma pureza, uma un\u00e7\u00e3o que arrepiam! E a\u00ed eu s\u00f3 consegui pensar numa coisa: qual \u00e9 a sua desculpa?\u201d.<\/p>\n<p>A reflex\u00e3o continua: \u201c\u00c0s vezes a gente inventa mil motivos pra n\u00e3o servir, n\u00e3o cantar, n\u00e3o se posicionar\u2026 Mas Deus usa quem se disp\u00f5e, n\u00e3o quem se acha pronto.\u201d<\/p>\n<p>E sua mensagem, a m\u00e3e de Davy ainda deixou uma mensagem de encorajamento a outras fam\u00edlias que enfrentam desafios semelhantes:<\/p>\n<p>\u201cSe voc\u00ea tamb\u00e9m vive um processo parecido, n\u00e3o desista. O sil\u00eancio n\u00e3o \u00e9 o fim. \u00c0s vezes, \u00e9 s\u00f3 o intervalo antes de uma can\u00e7\u00e3o. Meu filho \u00e9 prova viva de que Deus continua escrevendo hist\u00f3rias surpreendentes.\u201d<\/p>\n<p>Na legenda do v\u00eddeo ela escreveu: &#8220;O autismo pode mudar a forma de se expressar, mas n\u00e3o o poder de adorar.&#8221;<\/p>\n<\/div>\n","protected":false},"excerpt":{"rendered":"<p>Um v\u00eddeo registrado durante um culto em uma igreja evang\u00e9lica viralizou nas redes sociais ao mostrar um menino autista participando de um momento de louvor. Nas imagens compartilhadas inicialmente por Kelley Freire, m\u00e3e de Davy, de 11 anos, ela fala sobre o diagn\u00f3stico: \u00a0 \u201cMeu filho foi diagnosticado com autismo e, por muito tempo, ele foi considerado autista n\u00e3o verbal. Eu me lembro de cada tentativa, cada esfor\u00e7o, cada ora\u00e7\u00e3o\u2026 palavras que n\u00e3o vinham, olhares que pareciam distantes, e um cora\u00e7\u00e3o de m\u00e3e que nunca deixou de crer\u201d. Al\u00e9m das dificuldades, ela tamb\u00e9m fala de f\u00e9: \u201cHouve dias dif\u00edceis, dias de incerteza, de medo do futuro. Mas tamb\u00e9m houve f\u00e9. Houve esperan\u00e7a. Houve entrega. E, acima de tudo, houve Deus.\u201d As imagens de Davy louvando rapidamente ganharam repercuss\u00e3o, sendo repostadas em diversos perfis no Instagram e TikTok. No v\u00eddeo, o menino aparece cantando com intensidade e concentra\u00e7\u00e3o, em um momento que muitos descreveram como profundamente espiritual. &#8216;Milagre&#8217; Ao publicar o registro, Kelley tamb\u00e9m abriu o cora\u00e7\u00e3o sobre a trajet\u00f3ria do filho, revelando o caminho de f\u00e9 percorrido pela fam\u00edlia. \u201cO Davy \u00e9 um milagre\u201d, afirma. \u201cE hoje, aquele menino que n\u00e3o falava\u2026 canta. Louva. Eleva sua voz na igreja como quem sempre teve algo lindo para dizer, s\u00f3 estava esperando o tempo certo para florescer\u201d, declara. A mudan\u00e7a, segundo Kelley, \u00e9 motivo de profunda emo\u00e7\u00e3o: \u201c\u00c9 imposs\u00edvel explicar o que sinto ao v\u00ea-lo adorando, erguendo as m\u00e3os, pronunciando palavras que um dia pareciam t\u00e3o distantes. Cada som \u00e9 um testemunho. Cada louvor, um milagre em andamento\u201d. Nos coment\u00e1rios e republica\u00e7\u00f5es, internautas tamb\u00e9m expressaram impacto com a cena. \u2018Un\u00e7\u00e3o que arrepia\u2019 Um dos perfis que compartilhou o conte\u00fado escreveu: \u201cEle \u00e9 autista\u2026 e canta com uma entrega, uma pureza, uma un\u00e7\u00e3o que arrepiam! E a\u00ed eu s\u00f3 consegui pensar numa coisa: qual \u00e9 a sua desculpa?\u201d. A reflex\u00e3o continua: \u201c\u00c0s vezes a gente inventa mil motivos pra n\u00e3o servir, n\u00e3o cantar, n\u00e3o se posicionar\u2026 Mas Deus usa quem se disp\u00f5e, n\u00e3o quem se acha pronto.\u201d E sua mensagem, a m\u00e3e de Davy ainda deixou uma mensagem de encorajamento a outras fam\u00edlias que enfrentam desafios semelhantes: \u201cSe voc\u00ea tamb\u00e9m vive um processo parecido, n\u00e3o desista. O sil\u00eancio n\u00e3o \u00e9 o fim. \u00c0s vezes, \u00e9 s\u00f3 o intervalo antes de uma can\u00e7\u00e3o. Meu filho \u00e9 prova viva de que Deus continua escrevendo hist\u00f3rias surpreendentes.\u201d Na legenda do v\u00eddeo ela escreveu: &#8220;O autismo pode mudar a forma de se expressar, mas n\u00e3o o poder de adorar.&#8221;<\/p>\n","protected":false},"author":1,"featured_media":11617,"comment_status":"closed","ping_status":"closed","sticky":false,"template":"","format":"standard","meta":{"footnotes":""},"categories":[12],"tags":[],"class_list":["post-11616","post","type-post","status-publish","format-standard","has-post-thumbnail","hentry","category-mundo-cristao"],"acf":[],"_links":{"self":[{"href":"https:\/\/fabricadescripts.com.br\/igrejas\/IGRE3535\/wp-json\/wp\/v2\/posts\/11616","targetHints":{"allow":["GET"]}}],"collection":[{"href":"https:\/\/fabricadescripts.com.br\/igrejas\/IGRE3535\/wp-json\/wp\/v2\/posts"}],"about":[{"href":"https:\/\/fabricadescripts.com.br\/igrejas\/IGRE3535\/wp-json\/wp\/v2\/types\/post"}],"author":[{"embeddable":true,"href":"https:\/\/fabricadescripts.com.br\/igrejas\/IGRE3535\/wp-json\/wp\/v2\/users\/1"}],"replies":[{"embeddable":true,"href":"https:\/\/fabricadescripts.com.br\/igrejas\/IGRE3535\/wp-json\/wp\/v2\/comments?post=11616"}],"version-history":[{"count":0,"href":"https:\/\/fabricadescripts.com.br\/igrejas\/IGRE3535\/wp-json\/wp\/v2\/posts\/11616\/revisions"}],"wp:featuredmedia":[{"embeddable":true,"href":"https:\/\/fabricadescripts.com.br\/igrejas\/IGRE3535\/wp-json\/wp\/v2\/media\/11617"}],"wp:attachment":[{"href":"https:\/\/fabricadescripts.com.br\/igrejas\/IGRE3535\/wp-json\/wp\/v2\/media?parent=11616"}],"wp:term":[{"taxonomy":"category","embeddable":true,"href":"https:\/\/fabricadescripts.com.br\/igrejas\/IGRE3535\/wp-json\/wp\/v2\/categories?post=11616"},{"taxonomy":"post_tag","embeddable":true,"href":"https:\/\/fabricadescripts.com.br\/igrejas\/IGRE3535\/wp-json\/wp\/v2\/tags?post=11616"}],"curies":[{"name":"wp","href":"https:\/\/api.w.org\/{rel}","templated":true}]}}