{"id":11605,"date":"2026-03-27T03:21:55","date_gmt":"2026-03-27T06:21:55","guid":{"rendered":"https:\/\/fabricadescripts.com.br\/igrejas\/IGRE3535\/igreja-inaugura-academia-de-graca-para-comunidade-cuidar-do-corpo-e-do-espirito\/"},"modified":"2026-03-27T03:21:55","modified_gmt":"2026-03-27T06:21:55","slug":"igreja-inaugura-academia-de-graca-para-comunidade-cuidar-do-corpo-e-do-espirito","status":"publish","type":"post","link":"https:\/\/fabricadescripts.com.br\/igrejas\/IGRE3535\/igreja-inaugura-academia-de-graca-para-comunidade-cuidar-do-corpo-e-do-espirito\/","title":{"rendered":"Igreja inaugura academia de gra\u00e7a para comunidade: \u2018Cuidar do corpo e do esp\u00edrito\u2019"},"content":{"rendered":"<div>\n<p><span>Uma igreja em Curitiba, no Paran\u00e1, inaugurou uma <\/span><span><strong>academia<\/strong><\/span><span> para incentivar a comunidade local a <\/span><span><strong>cuidar da sa\u00fade<\/strong><\/span><span>.<\/span><\/p>\n<p><span>A cerim\u00f4nia de inaugura\u00e7\u00e3o aconteceu no s\u00e1bado (21) pela Igreja Adventista, na presen\u00e7a de pastores e crist\u00e3os.<\/span><\/p>\n<p><span>A academia fica localizada na igreja, no centro de Curitiba, e faz parte do centro de a\u00e7\u00f5es sociais da congrega\u00e7\u00e3o.\u00a0<\/span><\/p>\n<p><span>\u201cHoje inauguramos o nosso espa\u00e7o sa\u00fade, um projeto que se iniciou em 2022. Vamos somar for\u00e7as e consolidar um grande centro de a\u00e7\u00f5es sociais sendo uma escola de treinamento para volunt\u00e1rios e mission\u00e1rios\u201d, declarou o diretor da ADRA (Ag\u00eancia Adventista de Desenvolvimento e Recursos Assistenciais) do Paran\u00e1, David Chaxim, na inaugura\u00e7\u00e3o.<\/span><\/p>\n<p><span>O prop\u00f3sito do projeto \u00e9 oferecer cuidado f\u00edsico, mental e espiritual aos moradores. \u201cAqui vai al\u00e9m de treinar o corpo, \u00e9 sobre cuidar da mente, do esp\u00edrito e fazer o bem\u201d, afirmou Ellen Cristine, membro da denomina\u00e7\u00e3o, em publica\u00e7\u00e3o no Instagram.<\/span><\/p>\n<p><span>Para usar a academia gratuitamente, \u00e9 preciso se inscrever como volunt\u00e1rio em pelo menos duas atividades do centro social da igreja, como cursos, ajuda humanit\u00e1ria, coral e orquestra.<\/span><\/p>\n<p><span>\u201cE se voc\u00ea ainda n\u00e3o participa, est\u00e1 tudo bem: voc\u00ea pode treinar com a gente e, no caminho, conhecer nossas a\u00e7\u00f5es e fazer parte quando quiser\u201d, explicou Ellen.<\/span><\/p>\n<p><span>As pr\u00e9-inscri\u00e7\u00f5es para a academia podem ser feitas atrav\u00e9s do WhatsApp: (41) 3085-7737.<\/span><\/p>\n<p><span>O v\u00eddeo da inaugura\u00e7\u00e3o da academia viralizou no Instagram, alcan\u00e7ando mais de 1 milh\u00e3o de visualiza\u00e7\u00f5es.<\/span><\/p>\n<p><span>Muitos usu\u00e1rios elogiaram a iniciativa da igreja. \u201cQue legal! Servir a comunidade, divulgar a mensagem de sa\u00fade, trazer pessoas para Cristo. Parab\u00e9ns pela iniciativa!\u201d, escreveu um homem nos coment\u00e1rios.<\/span><\/p>\n<p><span>E outro internauta afirmou: \u201cAcho a iniciativa muito da hora, muitos crist\u00e3os n\u00e3o v\u00e3o \u00e0 academia por achar que \u00e9 pecado, quando tudo isso \u00e9 sa\u00fade! Imagina as irm\u00e3s mais velhas indo em grupos treinar e se exercitando na academia da igreja? Massa demais, que sejam super incentivadas!\u201d.<\/span><\/p>\n<blockquote data-instgrm-captioned data-instgrm-permalink=\"https:\/\/www.instagram.com\/reel\/DWKXgRJkfD9\/?utm_source=ig_embed&#038;utm_campaign=loading\" data-instgrm-version=\"14\"><\/blockquote>\n<\/div>\n","protected":false},"excerpt":{"rendered":"<p>Uma igreja em Curitiba, no Paran\u00e1, inaugurou uma academia para incentivar a comunidade local a cuidar da sa\u00fade. A cerim\u00f4nia de inaugura\u00e7\u00e3o aconteceu no s\u00e1bado (21) pela Igreja Adventista, na presen\u00e7a de pastores e crist\u00e3os. A academia fica localizada na igreja, no centro de Curitiba, e faz parte do centro de a\u00e7\u00f5es sociais da congrega\u00e7\u00e3o.\u00a0 \u201cHoje inauguramos o nosso espa\u00e7o sa\u00fade, um projeto que se iniciou em 2022. Vamos somar for\u00e7as e consolidar um grande centro de a\u00e7\u00f5es sociais sendo uma escola de treinamento para volunt\u00e1rios e mission\u00e1rios\u201d, declarou o diretor da ADRA (Ag\u00eancia Adventista de Desenvolvimento e Recursos Assistenciais) do Paran\u00e1, David Chaxim, na inaugura\u00e7\u00e3o. O prop\u00f3sito do projeto \u00e9 oferecer cuidado f\u00edsico, mental e espiritual aos moradores. \u201cAqui vai al\u00e9m de treinar o corpo, \u00e9 sobre cuidar da mente, do esp\u00edrito e fazer o bem\u201d, afirmou Ellen Cristine, membro da denomina\u00e7\u00e3o, em publica\u00e7\u00e3o no Instagram. Para usar a academia gratuitamente, \u00e9 preciso se inscrever como volunt\u00e1rio em pelo menos duas atividades do centro social da igreja, como cursos, ajuda humanit\u00e1ria, coral e orquestra. \u201cE se voc\u00ea ainda n\u00e3o participa, est\u00e1 tudo bem: voc\u00ea pode treinar com a gente e, no caminho, conhecer nossas a\u00e7\u00f5es e fazer parte quando quiser\u201d, explicou Ellen. As pr\u00e9-inscri\u00e7\u00f5es para a academia podem ser feitas atrav\u00e9s do WhatsApp: (41) 3085-7737. O v\u00eddeo da inaugura\u00e7\u00e3o da academia viralizou no Instagram, alcan\u00e7ando mais de 1 milh\u00e3o de visualiza\u00e7\u00f5es. Muitos usu\u00e1rios elogiaram a iniciativa da igreja. \u201cQue legal! Servir a comunidade, divulgar a mensagem de sa\u00fade, trazer pessoas para Cristo. Parab\u00e9ns pela iniciativa!\u201d, escreveu um homem nos coment\u00e1rios. E outro internauta afirmou: \u201cAcho a iniciativa muito da hora, muitos crist\u00e3os n\u00e3o v\u00e3o \u00e0 academia por achar que \u00e9 pecado, quando tudo isso \u00e9 sa\u00fade! Imagina as irm\u00e3s mais velhas indo em grupos treinar e se exercitando na academia da igreja? Massa demais, que sejam super incentivadas!\u201d.<\/p>\n","protected":false},"author":1,"featured_media":11606,"comment_status":"closed","ping_status":"closed","sticky":false,"template":"","format":"standard","meta":{"footnotes":""},"categories":[14],"tags":[],"class_list":["post-11605","post","type-post","status-publish","format-standard","has-post-thumbnail","hentry","category-missoes"],"acf":[],"_links":{"self":[{"href":"https:\/\/fabricadescripts.com.br\/igrejas\/IGRE3535\/wp-json\/wp\/v2\/posts\/11605","targetHints":{"allow":["GET"]}}],"collection":[{"href":"https:\/\/fabricadescripts.com.br\/igrejas\/IGRE3535\/wp-json\/wp\/v2\/posts"}],"about":[{"href":"https:\/\/fabricadescripts.com.br\/igrejas\/IGRE3535\/wp-json\/wp\/v2\/types\/post"}],"author":[{"embeddable":true,"href":"https:\/\/fabricadescripts.com.br\/igrejas\/IGRE3535\/wp-json\/wp\/v2\/users\/1"}],"replies":[{"embeddable":true,"href":"https:\/\/fabricadescripts.com.br\/igrejas\/IGRE3535\/wp-json\/wp\/v2\/comments?post=11605"}],"version-history":[{"count":0,"href":"https:\/\/fabricadescripts.com.br\/igrejas\/IGRE3535\/wp-json\/wp\/v2\/posts\/11605\/revisions"}],"wp:featuredmedia":[{"embeddable":true,"href":"https:\/\/fabricadescripts.com.br\/igrejas\/IGRE3535\/wp-json\/wp\/v2\/media\/11606"}],"wp:attachment":[{"href":"https:\/\/fabricadescripts.com.br\/igrejas\/IGRE3535\/wp-json\/wp\/v2\/media?parent=11605"}],"wp:term":[{"taxonomy":"category","embeddable":true,"href":"https:\/\/fabricadescripts.com.br\/igrejas\/IGRE3535\/wp-json\/wp\/v2\/categories?post=11605"},{"taxonomy":"post_tag","embeddable":true,"href":"https:\/\/fabricadescripts.com.br\/igrejas\/IGRE3535\/wp-json\/wp\/v2\/tags?post=11605"}],"curies":[{"name":"wp","href":"https:\/\/api.w.org\/{rel}","templated":true}]}}