{"id":11602,"date":"2026-03-27T03:21:57","date_gmt":"2026-03-27T06:21:57","guid":{"rendered":"https:\/\/fabricadescripts.com.br\/igrejas\/IGRE3535\/detentos-na-nigeria-se-rendem-a-jesus-de-joelhos-durante-culto-em-prisao\/"},"modified":"2026-03-27T03:21:57","modified_gmt":"2026-03-27T06:21:57","slug":"detentos-na-nigeria-se-rendem-a-jesus-de-joelhos-durante-culto-em-prisao","status":"publish","type":"post","link":"https:\/\/fabricadescripts.com.br\/igrejas\/IGRE3535\/detentos-na-nigeria-se-rendem-a-jesus-de-joelhos-durante-culto-em-prisao\/","title":{"rendered":"Detentos na Nig\u00e9ria se rendem a Jesus de joelhos durante culto em pris\u00e3o"},"content":{"rendered":"<div>\n<p>Um v\u00eddeo publicado na rede social X tem chamado a aten\u00e7\u00e3o de milhares de usu\u00e1rios ao mostrar um momento de intensa express\u00e3o de f\u00e9 dentro de uma pris\u00e3o na <span><strong>Nig\u00e9ria<\/strong><\/span>.<\/p>\n<p>As imagens registram detentos reunidos em um culto de louvor e adora\u00e7\u00e3o durante a visita de mission\u00e1rios da Abouding Grace Foundation (Funda\u00e7\u00e3o Gra\u00e7a Abundante, em portugu\u00eas).<\/p>\n<p>Na grava\u00e7\u00e3o, dezenas de <span><strong>presos<\/strong><\/span> aparecem de joelhos, muitos com as m\u00e3os levantadas, cantando e orando com vis\u00edvel emo\u00e7\u00e3o.<\/p>\n<blockquote>\n<div dir=\"ltr\" lang=\"en\">\n<p>A video making rounds online shows inmates in a Nigerian prison joining Christian missionaries in a moment of praise and worship.<\/p>\n<p>The atmosphere in the facility shifted as the prisoners sang along, with many appearing deeply remorseful and reflective during the session. \ud83e\udd79 pic.twitter.com\/631oUkmyCt<\/p>\n<\/div>\n<p>  \u2014 \ud835\udc00\ud835\udc2c\ud835\udc1a\ud835\udc24\ud835\udc32\ud835\udc06\ud835\udc11\ud835\udc0d (@AsakyGRN) March 25, 2026<\/p><\/blockquote>\n<p>A legenda dizia:<\/p>\n<p>\u201cA atmosfera nas instala\u00e7\u00f5es mudou quando os prisioneiros cantaram juntos, com muitos parecendo profundamente arrependidos e reflexivos durante o momento.\u201d<\/p>\n<p>Alguns choram enquanto, em um ambiente simples e lotado, o <span><strong>mission\u00e1rio<\/strong><\/span> caminha entre os detentos, que entoam louvores enquanto ele ora por eles.<\/p>\n<p>De acordo com a publica\u00e7\u00e3o, o grupo participou ativamente do culto, demonstrando entrega e rever\u00eancia durante o per\u00edodo de adora\u00e7\u00e3o. A cena evidencia o impacto que a\u00e7\u00f5es mission\u00e1rias podem ter mesmo em contextos de priva\u00e7\u00e3o de liberdade, onde a esperan\u00e7a muitas vezes parece escassa.<\/p>\n<p><strong>\u2018Reden\u00e7\u00e3o\u2019<\/strong><\/p>\n<p>At\u00e9 o momento, o v\u00eddeo j\u00e1 ultrapassou 90 mil visualiza\u00e7\u00f5es e acumulou dezenas de coment\u00e1rios.<\/p>\n<p>Muitos internautas destacaram a for\u00e7a da f\u00e9 demonstrada pelos detentos, enquanto outros ressaltaram a import\u00e2ncia de iniciativas que levem apoio espiritual a ambientes como o sistema prisional.<\/p>\n<p>Uma pessoa escreveu: \u201cIsso \u00e9 poderoso. Ningu\u00e9m est\u00e1 al\u00e9m da reden\u00e7\u00e3o. A presen\u00e7a de Deus chegando a esses detentos demonstra uma esperan\u00e7a real de mudan\u00e7a e reflex\u00e3o. Mais parcerias com igrejas como esta poderiam transformar vidas e o nosso sistema prisional. Que eles encontrem o arrependimento genu\u00edno e um novo come\u00e7o.\u201d<\/p>\n<p>Outra compartilhou a mesma experi\u00eancia mission\u00e1ria em uma deten\u00e7\u00e3o: \u201cVisitei uma pris\u00e3o com a minha igreja anos atr\u00e1s e n\u00e3o consegui conter as l\u00e1grimas quando aqueles homens estavam orando. Alguns estavam l\u00e1 por crimes dos quais n\u00e3o sabiam absolutamente nada.\u201d<\/p>\n<p>Um homem fez um v\u00eddeo onde descreve as condi\u00e7\u00f5es dos detentos: \u201cTenho ouvido sobre a experi\u00eancia desse cara na pris\u00e3o. A fome, a depress\u00e3o, o mau cheiro corporal, a humilha\u00e7\u00e3o, as doen\u00e7as e at\u00e9 mesmo a morte\u201d, e aconselha: \u201cEvite problemas a qualquer custo.\u201d<\/p>\n<p>Algu\u00e9m desejou: \u201cQue eles se arrependam sinceramente e reconstruam suas vidas.\u201d<\/p>\n<\/div>\n","protected":false},"excerpt":{"rendered":"<p>Um v\u00eddeo publicado na rede social X tem chamado a aten\u00e7\u00e3o de milhares de usu\u00e1rios ao mostrar um momento de intensa express\u00e3o de f\u00e9 dentro de uma pris\u00e3o na Nig\u00e9ria. As imagens registram detentos reunidos em um culto de louvor e adora\u00e7\u00e3o durante a visita de mission\u00e1rios da Abouding Grace Foundation (Funda\u00e7\u00e3o Gra\u00e7a Abundante, em portugu\u00eas). Na grava\u00e7\u00e3o, dezenas de presos aparecem de joelhos, muitos com as m\u00e3os levantadas, cantando e orando com vis\u00edvel emo\u00e7\u00e3o. A video making rounds online shows inmates in a Nigerian prison joining Christian missionaries in a moment of praise and worship. The atmosphere in the facility shifted as the prisoners sang along, with many appearing deeply remorseful and reflective during the session. \ud83e\udd79 pic.twitter.com\/631oUkmyCt \u2014 \ud835\udc00\ud835\udc2c\ud835\udc1a\ud835\udc24\ud835\udc32\ud835\udc06\ud835\udc11\ud835\udc0d (@AsakyGRN) March 25, 2026 A legenda dizia: \u201cA atmosfera nas instala\u00e7\u00f5es mudou quando os prisioneiros cantaram juntos, com muitos parecendo profundamente arrependidos e reflexivos durante o momento.\u201d Alguns choram enquanto, em um ambiente simples e lotado, o mission\u00e1rio caminha entre os detentos, que entoam louvores enquanto ele ora por eles. De acordo com a publica\u00e7\u00e3o, o grupo participou ativamente do culto, demonstrando entrega e rever\u00eancia durante o per\u00edodo de adora\u00e7\u00e3o. A cena evidencia o impacto que a\u00e7\u00f5es mission\u00e1rias podem ter mesmo em contextos de priva\u00e7\u00e3o de liberdade, onde a esperan\u00e7a muitas vezes parece escassa. \u2018Reden\u00e7\u00e3o\u2019 At\u00e9 o momento, o v\u00eddeo j\u00e1 ultrapassou 90 mil visualiza\u00e7\u00f5es e acumulou dezenas de coment\u00e1rios. Muitos internautas destacaram a for\u00e7a da f\u00e9 demonstrada pelos detentos, enquanto outros ressaltaram a import\u00e2ncia de iniciativas que levem apoio espiritual a ambientes como o sistema prisional. Uma pessoa escreveu: \u201cIsso \u00e9 poderoso. Ningu\u00e9m est\u00e1 al\u00e9m da reden\u00e7\u00e3o. A presen\u00e7a de Deus chegando a esses detentos demonstra uma esperan\u00e7a real de mudan\u00e7a e reflex\u00e3o. Mais parcerias com igrejas como esta poderiam transformar vidas e o nosso sistema prisional. Que eles encontrem o arrependimento genu\u00edno e um novo come\u00e7o.\u201d Outra compartilhou a mesma experi\u00eancia mission\u00e1ria em uma deten\u00e7\u00e3o: \u201cVisitei uma pris\u00e3o com a minha igreja anos atr\u00e1s e n\u00e3o consegui conter as l\u00e1grimas quando aqueles homens estavam orando. Alguns estavam l\u00e1 por crimes dos quais n\u00e3o sabiam absolutamente nada.\u201d Um homem fez um v\u00eddeo onde descreve as condi\u00e7\u00f5es dos detentos: \u201cTenho ouvido sobre a experi\u00eancia desse cara na pris\u00e3o. A fome, a depress\u00e3o, o mau cheiro corporal, a humilha\u00e7\u00e3o, as doen\u00e7as e at\u00e9 mesmo a morte\u201d, e aconselha: \u201cEvite problemas a qualquer custo.\u201d Algu\u00e9m desejou: \u201cQue eles se arrependam sinceramente e reconstruam suas vidas.\u201d<\/p>\n","protected":false},"author":1,"featured_media":11603,"comment_status":"closed","ping_status":"closed","sticky":false,"template":"","format":"standard","meta":{"footnotes":""},"categories":[14],"tags":[],"class_list":["post-11602","post","type-post","status-publish","format-standard","has-post-thumbnail","hentry","category-missoes"],"acf":[],"_links":{"self":[{"href":"https:\/\/fabricadescripts.com.br\/igrejas\/IGRE3535\/wp-json\/wp\/v2\/posts\/11602","targetHints":{"allow":["GET"]}}],"collection":[{"href":"https:\/\/fabricadescripts.com.br\/igrejas\/IGRE3535\/wp-json\/wp\/v2\/posts"}],"about":[{"href":"https:\/\/fabricadescripts.com.br\/igrejas\/IGRE3535\/wp-json\/wp\/v2\/types\/post"}],"author":[{"embeddable":true,"href":"https:\/\/fabricadescripts.com.br\/igrejas\/IGRE3535\/wp-json\/wp\/v2\/users\/1"}],"replies":[{"embeddable":true,"href":"https:\/\/fabricadescripts.com.br\/igrejas\/IGRE3535\/wp-json\/wp\/v2\/comments?post=11602"}],"version-history":[{"count":0,"href":"https:\/\/fabricadescripts.com.br\/igrejas\/IGRE3535\/wp-json\/wp\/v2\/posts\/11602\/revisions"}],"wp:featuredmedia":[{"embeddable":true,"href":"https:\/\/fabricadescripts.com.br\/igrejas\/IGRE3535\/wp-json\/wp\/v2\/media\/11603"}],"wp:attachment":[{"href":"https:\/\/fabricadescripts.com.br\/igrejas\/IGRE3535\/wp-json\/wp\/v2\/media?parent=11602"}],"wp:term":[{"taxonomy":"category","embeddable":true,"href":"https:\/\/fabricadescripts.com.br\/igrejas\/IGRE3535\/wp-json\/wp\/v2\/categories?post=11602"},{"taxonomy":"post_tag","embeddable":true,"href":"https:\/\/fabricadescripts.com.br\/igrejas\/IGRE3535\/wp-json\/wp\/v2\/tags?post=11602"}],"curies":[{"name":"wp","href":"https:\/\/api.w.org\/{rel}","templated":true}]}}