{"id":11572,"date":"2026-03-26T02:10:59","date_gmt":"2026-03-26T05:10:59","guid":{"rendered":"https:\/\/fabricadescripts.com.br\/igrejas\/IGRE3535\/menino-de-6-anos-inspira-ao-levar-pastor-a-abrir-igreja-fora-de-horario-para-adorar-a-deus\/"},"modified":"2026-03-26T02:10:59","modified_gmt":"2026-03-26T05:10:59","slug":"menino-de-6-anos-inspira-ao-levar-pastor-a-abrir-igreja-fora-de-horario-para-adorar-a-deus","status":"publish","type":"post","link":"https:\/\/fabricadescripts.com.br\/igrejas\/IGRE3535\/menino-de-6-anos-inspira-ao-levar-pastor-a-abrir-igreja-fora-de-horario-para-adorar-a-deus\/","title":{"rendered":"Menino de 6 anos inspira ao levar pastor a abrir igreja fora de hor\u00e1rio para adorar a Deus"},"content":{"rendered":"<div>\n<p><span>Um menino de 6 anos com <\/span><span><strong>s\u00edndrome de Down<\/strong><\/span><span> emocionou milhares ao insistir para ir \u00e0 igreja durante a noite. Mesmo com o templo fechado, o pastor decidiu abrir as portas para que ele pudesse adorar a Deus.<\/span><\/p>\n<p><span>O caso aconteceu em Nova Guataporanga, munic\u00edpio de S\u00e3o Paulo, e foi compartilhado pelo pai de Lucas, o empres\u00e1rio e escritor Juarez Amorim. Segundo ele, o filho come\u00e7ou a chorar e se recusou a vestir o pijama, pedindo para ir \u00e0 igreja.<\/span><\/p>\n<p><span>\u201cEstou aqui com o Lucas. Fomos ao culto ontem, mas agora ele quer ir para a igreja, e eu tenho que lev\u00e1-lo l\u00e1 para ver que a igreja est\u00e1 fechada. Eu costumo dizer que, l\u00e1 em casa, o mais crente \u00e9 o Lucas, o \u00fanico que chora para ir para a igreja. Estou indo l\u00e1 agora mostrar para ele que a igreja est\u00e1 fechada\u201d, disse Juarez enquanto dirigia a caminho do templo.<\/span><\/p>\n<p><span>Ao chegar no local, eles entraram em contato com o pastor Jos\u00e9 Cilvaney da Silva, que se sensibilizou com a situa\u00e7\u00e3o e abriu a igreja especialmente para o menino: \u201cPedimos para o pastor abrir a igreja para a gente cantar um louvor\u201d.<\/span><\/p>\n<blockquote data-instgrm-permalink=\"https:\/\/www.instagram.com\/reel\/DWNTlOdDAQd\/?utm_source=ig_embed&#038;utm_campaign=loading\" data-instgrm-version=\"14\"><\/blockquote>\n<p><strong>Adora\u00e7\u00e3o espont\u00e2nea<\/strong><\/p>\n<p><span>Ansioso, Lucas aguardou a abertura do templo e continuou insistindo em ir \u00e0 igreja. Ap\u00f3s o pastor abrir a congrega\u00e7\u00e3o, pai e filho participaram de um momento de louvor e ora\u00e7\u00e3o.\u00a0<\/span><\/p>\n<p><span>O pastor tamb\u00e9m compartilhou uma breve palavra, transformando a visita inesperada em um <\/span><span><strong>culto espont\u00e2neo<\/strong><\/span><span>.<\/span><\/p>\n<p><span>No v\u00eddeo, Lucas aparece louvando a Deus e adorando. Sem hesitar, ele se levanta da cadeira, estende as m\u00e3os e adora ao Senhor no meio da igreja.<\/span><\/p>\n<p><span>Mesmo ap\u00f3s participar do culto e ter a igreja aberta s\u00f3 para ele, Lucas foi para casa chorando, pois n\u00e3o queria sair.<\/span><\/p>\n<blockquote data-instgrm-permalink=\"https:\/\/www.instagram.com\/reel\/DWP77jFjGv4\/?utm_source=ig_embed&#038;utm_campaign=loading\" data-instgrm-version=\"14\"><\/blockquote>\n<p><span>No Instagram, Juarez compartilha momentos em que Lucas costuma inspirar muitas pessoas: \u201cLucas \u00e9 muito sens\u00edvel \u00e0 presen\u00e7a do Esp\u00edrito Santo\u201d, afirmou o pai.<\/span><\/p>\n<p><span>Nas igrejas, ele pede para participar do momento de louvor, ora pelas pessoas e, do seu jeito, deixa uma mensagem. Al\u00e9m disso, acompanha o pai em visitas e intercede pelos enfermos.<\/span><\/p>\n<blockquote data-instgrm-permalink=\"https:\/\/www.instagram.com\/reel\/DWMkJOAEaaD\/?utm_source=ig_embed&#038;utm_campaign=loading\" data-instgrm-version=\"14\"><\/blockquote>\n<p><strong>Testemunho da paternidade<\/strong><\/p>\n<p><span>Para Juarez, pai de Lucas e Samuel, de 8 anos, ser pai \u00e9 um milagre de Deus. Em 2025, durante a celebra\u00e7\u00e3o do Dia dos Pais, ele testemunhou que o poder de Jesus superou o progn\u00f3stico m\u00e9dico de infertilidade.<\/span><\/p>\n<p><span>\u201cEu amanheci determinado a conversar com Deus e explicar a minha situa\u00e7\u00e3o. E, nesse dia, eu coloquei louvores enquanto trabalhava e fiquei orando o dia todo, chorando na presen\u00e7a de Deus, e eu falava duas coisas: \u2018Senhor, como que eu n\u00e3o vou escutar: \u2018Papai, eu te amo?\u2019. E como eu vou chegar em casa sem ouvir: \u2018Papai\u2019\u201d, disse Juarez \u00e0 TV Fronteira, afiliada da rede Globo.<\/span><\/p>\n<p><span>Naquela noite, ao final de um culto, o pastor fez uma ora\u00e7\u00e3o e Juarez relatou: \u201cEle olhou nos meus olhos e disse: \u2018A ora\u00e7\u00e3o que voc\u00ea fez hoje, Deus ouviu e aquilo que voc\u00ea pediu em ora\u00e7\u00e3o, Deus est\u00e1 enviando\u2019\u201d.<\/span><\/p>\n<blockquote data-instgrm-permalink=\"https:\/\/www.instagram.com\/reel\/DNJS-6XxBWA\/?utm_source=ig_embed&#038;utm_campaign=loading\" data-instgrm-version=\"14\"><\/blockquote>\n<p><span>Hoje, Juarez vive a resposta de suas ora\u00e7\u00f5es e \u00e9 grato a Deus pela forma como os filhos demonstram seu amor por ele.<\/span><\/p>\n<p><span>\u201cFoi a minha ora\u00e7\u00e3o. Todos os dias dentro da minha casa, eu tenho Deus e eu ou\u00e7o o Senhor atrav\u00e9s dos meus filhos\u201d, concluiu.<\/span><\/p>\n<\/div>\n","protected":false},"excerpt":{"rendered":"<p>Um menino de 6 anos com s\u00edndrome de Down emocionou milhares ao insistir para ir \u00e0 igreja durante a noite. Mesmo com o templo fechado, o pastor decidiu abrir as portas para que ele pudesse adorar a Deus. O caso aconteceu em Nova Guataporanga, munic\u00edpio de S\u00e3o Paulo, e foi compartilhado pelo pai de Lucas, o empres\u00e1rio e escritor Juarez Amorim. Segundo ele, o filho come\u00e7ou a chorar e se recusou a vestir o pijama, pedindo para ir \u00e0 igreja. \u201cEstou aqui com o Lucas. Fomos ao culto ontem, mas agora ele quer ir para a igreja, e eu tenho que lev\u00e1-lo l\u00e1 para ver que a igreja est\u00e1 fechada. Eu costumo dizer que, l\u00e1 em casa, o mais crente \u00e9 o Lucas, o \u00fanico que chora para ir para a igreja. Estou indo l\u00e1 agora mostrar para ele que a igreja est\u00e1 fechada\u201d, disse Juarez enquanto dirigia a caminho do templo. Ao chegar no local, eles entraram em contato com o pastor Jos\u00e9 Cilvaney da Silva, que se sensibilizou com a situa\u00e7\u00e3o e abriu a igreja especialmente para o menino: \u201cPedimos para o pastor abrir a igreja para a gente cantar um louvor\u201d. Adora\u00e7\u00e3o espont\u00e2nea Ansioso, Lucas aguardou a abertura do templo e continuou insistindo em ir \u00e0 igreja. Ap\u00f3s o pastor abrir a congrega\u00e7\u00e3o, pai e filho participaram de um momento de louvor e ora\u00e7\u00e3o.\u00a0 O pastor tamb\u00e9m compartilhou uma breve palavra, transformando a visita inesperada em um culto espont\u00e2neo. No v\u00eddeo, Lucas aparece louvando a Deus e adorando. Sem hesitar, ele se levanta da cadeira, estende as m\u00e3os e adora ao Senhor no meio da igreja. Mesmo ap\u00f3s participar do culto e ter a igreja aberta s\u00f3 para ele, Lucas foi para casa chorando, pois n\u00e3o queria sair. No Instagram, Juarez compartilha momentos em que Lucas costuma inspirar muitas pessoas: \u201cLucas \u00e9 muito sens\u00edvel \u00e0 presen\u00e7a do Esp\u00edrito Santo\u201d, afirmou o pai. Nas igrejas, ele pede para participar do momento de louvor, ora pelas pessoas e, do seu jeito, deixa uma mensagem. Al\u00e9m disso, acompanha o pai em visitas e intercede pelos enfermos. Testemunho da paternidade Para Juarez, pai de Lucas e Samuel, de 8 anos, ser pai \u00e9 um milagre de Deus. Em 2025, durante a celebra\u00e7\u00e3o do Dia dos Pais, ele testemunhou que o poder de Jesus superou o progn\u00f3stico m\u00e9dico de infertilidade. \u201cEu amanheci determinado a conversar com Deus e explicar a minha situa\u00e7\u00e3o. E, nesse dia, eu coloquei louvores enquanto trabalhava e fiquei orando o dia todo, chorando na presen\u00e7a de Deus, e eu falava duas coisas: \u2018Senhor, como que eu n\u00e3o vou escutar: \u2018Papai, eu te amo?\u2019. E como eu vou chegar em casa sem ouvir: \u2018Papai\u2019\u201d, disse Juarez \u00e0 TV Fronteira, afiliada da rede Globo. Naquela noite, ao final de um culto, o pastor fez uma ora\u00e7\u00e3o e Juarez relatou: \u201cEle olhou nos meus olhos e disse: \u2018A ora\u00e7\u00e3o que voc\u00ea fez hoje, Deus ouviu e aquilo que voc\u00ea pediu em ora\u00e7\u00e3o, Deus est\u00e1 enviando\u2019\u201d. Hoje, Juarez vive a resposta de suas ora\u00e7\u00f5es e \u00e9 grato a Deus pela forma como os filhos demonstram seu amor por ele. \u201cFoi a minha ora\u00e7\u00e3o. Todos os dias dentro da minha casa, eu tenho Deus e eu ou\u00e7o o Senhor atrav\u00e9s dos meus filhos\u201d, concluiu.<\/p>\n","protected":false},"author":1,"featured_media":11573,"comment_status":"closed","ping_status":"closed","sticky":false,"template":"","format":"standard","meta":{"footnotes":""},"categories":[12],"tags":[],"class_list":["post-11572","post","type-post","status-publish","format-standard","has-post-thumbnail","hentry","category-mundo-cristao"],"acf":[],"_links":{"self":[{"href":"https:\/\/fabricadescripts.com.br\/igrejas\/IGRE3535\/wp-json\/wp\/v2\/posts\/11572","targetHints":{"allow":["GET"]}}],"collection":[{"href":"https:\/\/fabricadescripts.com.br\/igrejas\/IGRE3535\/wp-json\/wp\/v2\/posts"}],"about":[{"href":"https:\/\/fabricadescripts.com.br\/igrejas\/IGRE3535\/wp-json\/wp\/v2\/types\/post"}],"author":[{"embeddable":true,"href":"https:\/\/fabricadescripts.com.br\/igrejas\/IGRE3535\/wp-json\/wp\/v2\/users\/1"}],"replies":[{"embeddable":true,"href":"https:\/\/fabricadescripts.com.br\/igrejas\/IGRE3535\/wp-json\/wp\/v2\/comments?post=11572"}],"version-history":[{"count":0,"href":"https:\/\/fabricadescripts.com.br\/igrejas\/IGRE3535\/wp-json\/wp\/v2\/posts\/11572\/revisions"}],"wp:featuredmedia":[{"embeddable":true,"href":"https:\/\/fabricadescripts.com.br\/igrejas\/IGRE3535\/wp-json\/wp\/v2\/media\/11573"}],"wp:attachment":[{"href":"https:\/\/fabricadescripts.com.br\/igrejas\/IGRE3535\/wp-json\/wp\/v2\/media?parent=11572"}],"wp:term":[{"taxonomy":"category","embeddable":true,"href":"https:\/\/fabricadescripts.com.br\/igrejas\/IGRE3535\/wp-json\/wp\/v2\/categories?post=11572"},{"taxonomy":"post_tag","embeddable":true,"href":"https:\/\/fabricadescripts.com.br\/igrejas\/IGRE3535\/wp-json\/wp\/v2\/tags?post=11572"}],"curies":[{"name":"wp","href":"https:\/\/api.w.org\/{rel}","templated":true}]}}