{"id":11564,"date":"2026-03-26T02:10:55","date_gmt":"2026-03-26T05:10:55","guid":{"rendered":"https:\/\/fabricadescripts.com.br\/igrejas\/IGRE3535\/primeiro-pastor-preso-em-78-anos-na-coreia-do-sul-por-opiniao-biblica-e-libertado\/"},"modified":"2026-03-26T02:10:55","modified_gmt":"2026-03-26T05:10:55","slug":"primeiro-pastor-preso-em-78-anos-na-coreia-do-sul-por-opiniao-biblica-e-libertado","status":"publish","type":"post","link":"https:\/\/fabricadescripts.com.br\/igrejas\/IGRE3535\/primeiro-pastor-preso-em-78-anos-na-coreia-do-sul-por-opiniao-biblica-e-libertado\/","title":{"rendered":"Primeiro pastor preso em 78 anos na Coreia do Sul por opini\u00e3o b\u00edblica \u00e9 libertado"},"content":{"rendered":"<div>\n<p>A pris\u00e3o do pastor sul-coreano Hyun-bo Son provocou forte repercuss\u00e3o desde setembro. Foi a primeira vez, em 78 anos, que a <span><strong>Coreia do Sul<\/strong><\/span> deteve um l\u00edder religioso por se posicionar contra o governo.<\/p>\n<p>Embora tenha sido libertado sob fian\u00e7a, o epis\u00f3dio levantou preocupa\u00e7\u00f5es sobre uma poss\u00edvel eros\u00e3o da <span><strong>liberdade religiosa<\/strong><\/span> no pa\u00eds.<\/p>\n<p>A CBN News visitou o pastor em sua igreja, a Igreja Segero, no terceiro domingo ap\u00f3s sua liberta\u00e7\u00e3o, depois de quase cinco meses de deten\u00e7\u00e3o.<\/p>\n<p>J\u00e1 de volta \u00e0 rotina, ele cumprimentou os rec\u00e9m-chegados e orou pelos membros antes do culto.<\/p>\n<p>O culto teve in\u00edcio com m\u00fasica vibrante e, em seguida, algo pouco comum aconteceu: uma sess\u00e3o de perguntas e respostas com o pastor.<\/p>\n<p><strong>&#8216;Estado laico n\u00e3o interefere&#8217;<\/strong><\/p>\n<p>Son interagiu com as crian\u00e7as, relembrando o tema do domingo anterior \u2013 a separa\u00e7\u00e3o entre Igreja e Estado.<\/p>\n<p>Um menino respondeu: \u201cSepara\u00e7\u00e3o entre Igreja e Estado significa que o Estado n\u00e3o deve interferir na Igreja.\u201d<\/p>\n<p>Ent\u00e3o um adolescente explicou: \u201cSe n\u00e3o tivesse sido estabelecida, o governo poderia interferir na igreja, e n\u00e3o ser\u00edamos livres para adorar a Deus de acordo com a nossa consci\u00eancia.\u201d<\/p>\n<p>O pastor Son afirma que foi pensando nessa gera\u00e7\u00e3o que tomou a posi\u00e7\u00e3o que acabou levando \u00e0 sua pris\u00e3o.<\/p>\n<p>A atitude resultou em sua condena\u00e7\u00e3o por violar a lei eleitoral, ap\u00f3s entrevistar um candidato a superintendente escolar alinhado a <span><strong>princ\u00edpios b\u00edblicos<\/strong><\/span>, em vez do nome apoiado pelo governo, que defendia pol\u00edticas LGBT no curr\u00edculo escolar.<\/p>\n<\/p>\n<p>O pastor explicou ainda: \u201cQuando o governo de esquerda chegou ao poder, a liberdade religiosa est\u00e1 sendo suprimida. H\u00e1 uma emenda ao c\u00f3digo civil proposta em janeiro que estabelece que, se houver discursos ou cren\u00e7as religiosas relacionados \u00e0 pol\u00edtica, o governo ter\u00e1 o poder de desmantelar, dissolver a igreja e revogar sua autoriza\u00e7\u00e3o. Investiga\u00e7\u00f5es e inspe\u00e7\u00f5es poder\u00e3o ser realizadas sem mandado, e os bens e propriedades da igreja poder\u00e3o ser transferidos para o governo.\u201d<\/p>\n<p><strong>Persegui\u00e7\u00e3o religiosa<\/strong><\/p>\n<p>Lee Jong-Wook, congressista de Busan, disse: \u201cIsso pode ser considerado persegui\u00e7\u00e3o religiosa. Acredito que a igreja \u00e9 um lugar de consci\u00eancia e de nossa f\u00e9, e, portanto, n\u00e3o h\u00e1 raz\u00e3o para o governo interferir no que a igreja pode ou n\u00e3o dizer, e esses direitos precisam ser protegidos.\u201d<\/p>\n<p>A pris\u00e3o do pastor Son levou muitos l\u00edderes religiosos a afirmarem que despertaram para crescentes preocupa\u00e7\u00f5es com a liberdade religiosa.<\/p>\n<p>Em uma assembleia recente, eles se posicionaram contra o que classificam como supress\u00e3o da <span><strong>liberdade de express\u00e3o<\/strong><\/span> e da f\u00e9 por parte do governo.<\/p>\n<p>Segundo os participantes, o encontro teve como objetivo defender o direito de viver e proclamar a verdade b\u00edblica sem temor de puni\u00e7\u00f5es estatais.<\/p>\n<p><strong>Defesa do Reino de Deus<\/strong><\/p>\n<p>Nesse contexto, o pastor Son encorajou l\u00edderes da igreja a n\u00e3o temerem a pris\u00e3o por defenderem o Reino de Deus e afirmou estar disposto a pagar o pre\u00e7o necess\u00e1rio \u2013 at\u00e9 mesmo retornar ao c\u00e1rcere.<\/p>\n<p>O pastor Son tamb\u00e9m relatou como a gra\u00e7a de Deus o sustentou durante o per\u00edodo na pris\u00e3o, quando evangelizou 85 detentos e chegou a escrever um livro em apenas tr\u00eas dias.<\/p>\n<p>\u201cConsegui evangelizar dentro da pris\u00e3o de modo que, todos os domingos, aquilo n\u00e3o parecia um pres\u00eddio, mas um santu\u00e1rio, porque todas as outras celas estavam adorando a Deus. Recebi recentemente uma carta de um detento. Na carta, ele dizia que sente um grande vazio e est\u00e1 triste porque o pastor Son n\u00e3o est\u00e1 mais na pris\u00e3o\u201d, disse \u00e0 CBN News.<\/p>\n<p>Milagres tamb\u00e9m se manifestaram fora da pris\u00e3o \u2013 como o convite recebido por seus filhos para viajarem a Washington poucos dias antes da senten\u00e7a do pastor.<\/p>\n<p>Chance Son afirmou: \u201cUma semana antes do julgamento, fui convidado \u00e0 Casa Branca e pude apresentar o caso e a situa\u00e7\u00e3o do meu pai a v\u00e1rias equipes do Departamento de Estado \u2013 explicando por que ele tem sido alvo. Dois dias depois, o primeiro-ministro da Rep\u00fablica da Coreia visitou o vice-presidente Vance. Foi a primeira vez, em 41 anos, que um primeiro-ministro coreano visitou os Estados Unidos, e o caso do meu pai foi mencionado nesse encontro.\u201d<\/p>\n<p>Como consequ\u00eancia, dois representantes do Consulado dos EUA na Coreia do Sul estiveram presentes na audi\u00eancia, o que pode ter contribu\u00eddo para aumentar a press\u00e3o sobre a decis\u00e3o do juiz.<\/p>\n<p><strong>Na\u00e7\u00e3o livre<\/strong><\/p>\n<p>Ao ser questionado sobre por que n\u00e3o olhou para sua fam\u00edlia durante as audi\u00eancias, o pastor Son respondeu:<\/p>\n<p>\u201c\u00c9 claro que sinto falta da minha fam\u00edlia, especialmente dos meus netos, mas, se eu olhasse para tr\u00e1s e os visse, isso poderia me desanimar. O mais importante agora \u00e9 sacrificar-se e lutar.\u201d<\/p>\n<p>\u201cA Rep\u00fablica da Coreia \u00e9 uma na\u00e7\u00e3o livre. Isso se deve aos sacrif\u00edcios de nossos antepassados, dos americanos que lutaram na Guerra da Coreia e dos mission\u00e1rios. No entanto, com um novo governo de inclina\u00e7\u00e3o \u00e0 esquerda, h\u00e1 preocupa\u00e7\u00f5es de que nossos filhos possam ser influenciados por ideologias que contradizem os valores b\u00edblicos e que podem se espalhar pelo mundo. Por isso, oro para que os crist\u00e3os na Coreia, nos Estados Unidos e em todo o mundo permane\u00e7am unidos e lutem pela liberdade\u2026 e continuem lan\u00e7ando luz sobre essas quest\u00f5es por meio de ve\u00edculos como a CBN. Agrade\u00e7o por ajudarem a compartilhar essa mensagem. \u00c9 por isso que estamos lutando.\u201d<\/p>\n<\/div>\n","protected":false},"excerpt":{"rendered":"<p>A pris\u00e3o do pastor sul-coreano Hyun-bo Son provocou forte repercuss\u00e3o desde setembro. Foi a primeira vez, em 78 anos, que a Coreia do Sul deteve um l\u00edder religioso por se posicionar contra o governo. Embora tenha sido libertado sob fian\u00e7a, o epis\u00f3dio levantou preocupa\u00e7\u00f5es sobre uma poss\u00edvel eros\u00e3o da liberdade religiosa no pa\u00eds. A CBN News visitou o pastor em sua igreja, a Igreja Segero, no terceiro domingo ap\u00f3s sua liberta\u00e7\u00e3o, depois de quase cinco meses de deten\u00e7\u00e3o. J\u00e1 de volta \u00e0 rotina, ele cumprimentou os rec\u00e9m-chegados e orou pelos membros antes do culto. O culto teve in\u00edcio com m\u00fasica vibrante e, em seguida, algo pouco comum aconteceu: uma sess\u00e3o de perguntas e respostas com o pastor. &#8216;Estado laico n\u00e3o interefere&#8217; Son interagiu com as crian\u00e7as, relembrando o tema do domingo anterior \u2013 a separa\u00e7\u00e3o entre Igreja e Estado. Um menino respondeu: \u201cSepara\u00e7\u00e3o entre Igreja e Estado significa que o Estado n\u00e3o deve interferir na Igreja.\u201d Ent\u00e3o um adolescente explicou: \u201cSe n\u00e3o tivesse sido estabelecida, o governo poderia interferir na igreja, e n\u00e3o ser\u00edamos livres para adorar a Deus de acordo com a nossa consci\u00eancia.\u201d O pastor Son afirma que foi pensando nessa gera\u00e7\u00e3o que tomou a posi\u00e7\u00e3o que acabou levando \u00e0 sua pris\u00e3o. A atitude resultou em sua condena\u00e7\u00e3o por violar a lei eleitoral, ap\u00f3s entrevistar um candidato a superintendente escolar alinhado a princ\u00edpios b\u00edblicos, em vez do nome apoiado pelo governo, que defendia pol\u00edticas LGBT no curr\u00edculo escolar. O pastor explicou ainda: \u201cQuando o governo de esquerda chegou ao poder, a liberdade religiosa est\u00e1 sendo suprimida. H\u00e1 uma emenda ao c\u00f3digo civil proposta em janeiro que estabelece que, se houver discursos ou cren\u00e7as religiosas relacionados \u00e0 pol\u00edtica, o governo ter\u00e1 o poder de desmantelar, dissolver a igreja e revogar sua autoriza\u00e7\u00e3o. Investiga\u00e7\u00f5es e inspe\u00e7\u00f5es poder\u00e3o ser realizadas sem mandado, e os bens e propriedades da igreja poder\u00e3o ser transferidos para o governo.\u201d Persegui\u00e7\u00e3o religiosa Lee Jong-Wook, congressista de Busan, disse: \u201cIsso pode ser considerado persegui\u00e7\u00e3o religiosa. Acredito que a igreja \u00e9 um lugar de consci\u00eancia e de nossa f\u00e9, e, portanto, n\u00e3o h\u00e1 raz\u00e3o para o governo interferir no que a igreja pode ou n\u00e3o dizer, e esses direitos precisam ser protegidos.\u201d A pris\u00e3o do pastor Son levou muitos l\u00edderes religiosos a afirmarem que despertaram para crescentes preocupa\u00e7\u00f5es com a liberdade religiosa. Em uma assembleia recente, eles se posicionaram contra o que classificam como supress\u00e3o da liberdade de express\u00e3o e da f\u00e9 por parte do governo. Segundo os participantes, o encontro teve como objetivo defender o direito de viver e proclamar a verdade b\u00edblica sem temor de puni\u00e7\u00f5es estatais. Defesa do Reino de Deus Nesse contexto, o pastor Son encorajou l\u00edderes da igreja a n\u00e3o temerem a pris\u00e3o por defenderem o Reino de Deus e afirmou estar disposto a pagar o pre\u00e7o necess\u00e1rio \u2013 at\u00e9 mesmo retornar ao c\u00e1rcere. O pastor Son tamb\u00e9m relatou como a gra\u00e7a de Deus o sustentou durante o per\u00edodo na pris\u00e3o, quando evangelizou 85 detentos e chegou a escrever um livro em apenas tr\u00eas dias. \u201cConsegui evangelizar dentro da pris\u00e3o de modo que, todos os domingos, aquilo n\u00e3o parecia um pres\u00eddio, mas um santu\u00e1rio, porque todas as outras celas estavam adorando a Deus. Recebi recentemente uma carta de um detento. Na carta, ele dizia que sente um grande vazio e est\u00e1 triste porque o pastor Son n\u00e3o est\u00e1 mais na pris\u00e3o\u201d, disse \u00e0 CBN News. Milagres tamb\u00e9m se manifestaram fora da pris\u00e3o \u2013 como o convite recebido por seus filhos para viajarem a Washington poucos dias antes da senten\u00e7a do pastor. Chance Son afirmou: \u201cUma semana antes do julgamento, fui convidado \u00e0 Casa Branca e pude apresentar o caso e a situa\u00e7\u00e3o do meu pai a v\u00e1rias equipes do Departamento de Estado \u2013 explicando por que ele tem sido alvo. Dois dias depois, o primeiro-ministro da Rep\u00fablica da Coreia visitou o vice-presidente Vance. Foi a primeira vez, em 41 anos, que um primeiro-ministro coreano visitou os Estados Unidos, e o caso do meu pai foi mencionado nesse encontro.\u201d Como consequ\u00eancia, dois representantes do Consulado dos EUA na Coreia do Sul estiveram presentes na audi\u00eancia, o que pode ter contribu\u00eddo para aumentar a press\u00e3o sobre a decis\u00e3o do juiz. Na\u00e7\u00e3o livre Ao ser questionado sobre por que n\u00e3o olhou para sua fam\u00edlia durante as audi\u00eancias, o pastor Son respondeu: \u201c\u00c9 claro que sinto falta da minha fam\u00edlia, especialmente dos meus netos, mas, se eu olhasse para tr\u00e1s e os visse, isso poderia me desanimar. O mais importante agora \u00e9 sacrificar-se e lutar.\u201d \u201cA Rep\u00fablica da Coreia \u00e9 uma na\u00e7\u00e3o livre. Isso se deve aos sacrif\u00edcios de nossos antepassados, dos americanos que lutaram na Guerra da Coreia e dos mission\u00e1rios. No entanto, com um novo governo de inclina\u00e7\u00e3o \u00e0 esquerda, h\u00e1 preocupa\u00e7\u00f5es de que nossos filhos possam ser influenciados por ideologias que contradizem os valores b\u00edblicos e que podem se espalhar pelo mundo. Por isso, oro para que os crist\u00e3os na Coreia, nos Estados Unidos e em todo o mundo permane\u00e7am unidos e lutem pela liberdade\u2026 e continuem lan\u00e7ando luz sobre essas quest\u00f5es por meio de ve\u00edculos como a CBN. Agrade\u00e7o por ajudarem a compartilhar essa mensagem. \u00c9 por isso que estamos lutando.\u201d<\/p>\n","protected":false},"author":1,"featured_media":11565,"comment_status":"closed","ping_status":"closed","sticky":false,"template":"","format":"standard","meta":{"footnotes":""},"categories":[11],"tags":[],"class_list":["post-11564","post","type-post","status-publish","format-standard","has-post-thumbnail","hentry","category-brasil"],"acf":[],"_links":{"self":[{"href":"https:\/\/fabricadescripts.com.br\/igrejas\/IGRE3535\/wp-json\/wp\/v2\/posts\/11564","targetHints":{"allow":["GET"]}}],"collection":[{"href":"https:\/\/fabricadescripts.com.br\/igrejas\/IGRE3535\/wp-json\/wp\/v2\/posts"}],"about":[{"href":"https:\/\/fabricadescripts.com.br\/igrejas\/IGRE3535\/wp-json\/wp\/v2\/types\/post"}],"author":[{"embeddable":true,"href":"https:\/\/fabricadescripts.com.br\/igrejas\/IGRE3535\/wp-json\/wp\/v2\/users\/1"}],"replies":[{"embeddable":true,"href":"https:\/\/fabricadescripts.com.br\/igrejas\/IGRE3535\/wp-json\/wp\/v2\/comments?post=11564"}],"version-history":[{"count":0,"href":"https:\/\/fabricadescripts.com.br\/igrejas\/IGRE3535\/wp-json\/wp\/v2\/posts\/11564\/revisions"}],"wp:featuredmedia":[{"embeddable":true,"href":"https:\/\/fabricadescripts.com.br\/igrejas\/IGRE3535\/wp-json\/wp\/v2\/media\/11565"}],"wp:attachment":[{"href":"https:\/\/fabricadescripts.com.br\/igrejas\/IGRE3535\/wp-json\/wp\/v2\/media?parent=11564"}],"wp:term":[{"taxonomy":"category","embeddable":true,"href":"https:\/\/fabricadescripts.com.br\/igrejas\/IGRE3535\/wp-json\/wp\/v2\/categories?post=11564"},{"taxonomy":"post_tag","embeddable":true,"href":"https:\/\/fabricadescripts.com.br\/igrejas\/IGRE3535\/wp-json\/wp\/v2\/tags?post=11564"}],"curies":[{"name":"wp","href":"https:\/\/api.w.org\/{rel}","templated":true}]}}