{"id":11554,"date":"2026-03-25T02:00:18","date_gmt":"2026-03-25T05:00:18","guid":{"rendered":"https:\/\/fabricadescripts.com.br\/igrejas\/IGRE3535\/ambulancias-judaicas-sao-incendiadas-em-londres-grupo-terrorista-reivindica-autoria\/"},"modified":"2026-03-25T02:00:18","modified_gmt":"2026-03-25T05:00:18","slug":"ambulancias-judaicas-sao-incendiadas-em-londres-grupo-terrorista-reivindica-autoria","status":"publish","type":"post","link":"https:\/\/fabricadescripts.com.br\/igrejas\/IGRE3535\/ambulancias-judaicas-sao-incendiadas-em-londres-grupo-terrorista-reivindica-autoria\/","title":{"rendered":"Ambul\u00e2ncias judaicas s\u00e3o incendiadas em Londres; grupo terrorista reivindica autoria"},"content":{"rendered":"<div>\n<p>Quatro ambul\u00e2ncias do grupo Hatzola foram destru\u00eddas durante um inc\u00eandio criminoso na madrugada desta segunda-feira (23) no bairro de Golders Green, no norte de<span> <strong>Londres<\/strong><\/span>.<\/p>\n<p>A Hatzola \u00e9 uma organiza\u00e7\u00e3o volunt\u00e1ria sem fins lucrativos que responde a emerg\u00eancias m\u00e9dicas.<\/p>\n<blockquote data-instgrm-captioned data-instgrm-permalink=\"https:\/\/www.instagram.com\/reel\/DWOw949kWNF\/?utm_source=ig_embed&#038;utm_campaign=loading\" data-instgrm-version=\"14\"><\/blockquote>\n<p>De acordo com a pol\u00edcia metropolitana, imagens de vigil\u00e2ncia mostram homens encapuzados despejando gasolina sobre os ve\u00edculos antes de atearem fogo e fugirem do local.<\/p>\n<blockquote data-instgrm-captioned data-instgrm-permalink=\"https:\/\/www.instagram.com\/reel\/DWOii1mjncR\/?utm_source=ig_embed&#038;utm_campaign=loading\" data-instgrm-version=\"14\"><\/blockquote>\n<p>Apesar da gravidade do ataque, n\u00e3o houve feridos, embora explos\u00f5es nos cilindros das ambul\u00e2ncias tenham causado danos a pr\u00e9dios pr\u00f3ximos.<\/p>\n<p>Em declara\u00e7\u00e3o p\u00fablica, o primeiro-ministro brit\u00e2nico Keir Starmer condenou o ocorrido e acrescentou: \u201cMeus pensamentos est\u00e3o com a comunidade judaica [&#8230;] Antissemitismo n\u00e3o tem lugar em nossa sociedade.\u201d<\/p>\n<p>A Pol\u00edcia Metropolitana de Londres confirmou que o ataque est\u00e1 sendo tratado como um <span><strong>crime de \u00f3dio<\/strong><\/span> antissemita.<\/p>\n<p>A superintendente da Pol\u00edcia Metropolitana, Sarah Jackson, afirmou que as imagens das c\u00e2meras de seguran\u00e7a est\u00e3o sendo analisadas e que as grava\u00e7\u00f5es que circulam online s\u00e3o de conhecimento das autoridades, acrescentando que, apesar de ainda n\u00e3o haver pris\u00f5es, acredita\u2011se no envolvimento de tr\u00eas suspeitos.<\/p>\n<p>A a\u00e7\u00e3o, que ocorreu em frente \u00e0 Sinagoga Machzike Hadathfoi, foi reivindicada por um grupo xiita rec\u00e9m-formado, identificado como Ashab al-Yamin, que teria liga\u00e7\u00f5es com fac\u00e7\u00f5es apoiadas pelo Ir\u00e3.<\/p>\n<p>Em material divulgado online, o grupo indicou que o alvo principal seria uma sinagoga pr\u00f3xima:<\/p>\n<p>&#8220;A Sinagoga Machzike Hadath \u00e9 um dos centros mais importantes do juda\u00edsmo ortodoxo [&#8230;] e um dos principais basti\u00f5es de apoio a Israel na Gr\u00e3-Bretanha&#8221;.<\/p>\n<p><strong>Rea\u00e7\u00f5es<\/strong><\/p>\n<p>Autoridades e representantes da <span><strong>comunidade judaica<\/strong><\/span> reagiram com preocupa\u00e7\u00e3o.<\/p>\n<p>A embaixada de Israel no Reino Unido afirmou que o epis\u00f3dio \u00e9 resultado de \u201canos de \u00f3dio tolerado \u00e0 vista de todos\u201d e advertiu que \u201csil\u00eancio e ina\u00e7\u00e3o n\u00e3o s\u00e3o mais uma op\u00e7\u00e3o\u201d.<\/p>\n<p>Mark Gardner, diretor executivo do Community Security Trust, que assessora os cerca de 290.000 judeus da Gr\u00e3-Bretanha em quest\u00f5es de seguran\u00e7a, disse que os inc\u00eandios tinham um \u201cparalelo \u00f3bvio com ataques incendi\u00e1rios antissemitas semelhantes ocorridos recentemente em Li\u00e8ge, Roterd\u00e3 e Amsterd\u00e3\u201d.<\/p>\n<p>J\u00e1 o prefeito de Londres, Sadiq Khan, anunciou o refor\u00e7o do policiamento na regi\u00e3o enquanto as investiga\u00e7\u00f5es seguem em andamento.<\/p>\n<p>O ataque ocorre em um contexto de aumento global de incidentes antissemitas, fen\u00f4meno que tem sido monitorado por organiza\u00e7\u00f5es internacionais.<\/p>\n<\/p><\/div>\n","protected":false},"excerpt":{"rendered":"<p>Quatro ambul\u00e2ncias do grupo Hatzola foram destru\u00eddas durante um inc\u00eandio criminoso na madrugada desta segunda-feira (23) no bairro de Golders Green, no norte de Londres. A Hatzola \u00e9 uma organiza\u00e7\u00e3o volunt\u00e1ria sem fins lucrativos que responde a emerg\u00eancias m\u00e9dicas. De acordo com a pol\u00edcia metropolitana, imagens de vigil\u00e2ncia mostram homens encapuzados despejando gasolina sobre os ve\u00edculos antes de atearem fogo e fugirem do local. Apesar da gravidade do ataque, n\u00e3o houve feridos, embora explos\u00f5es nos cilindros das ambul\u00e2ncias tenham causado danos a pr\u00e9dios pr\u00f3ximos. Em declara\u00e7\u00e3o p\u00fablica, o primeiro-ministro brit\u00e2nico Keir Starmer condenou o ocorrido e acrescentou: \u201cMeus pensamentos est\u00e3o com a comunidade judaica [&#8230;] Antissemitismo n\u00e3o tem lugar em nossa sociedade.\u201d A Pol\u00edcia Metropolitana de Londres confirmou que o ataque est\u00e1 sendo tratado como um crime de \u00f3dio antissemita. A superintendente da Pol\u00edcia Metropolitana, Sarah Jackson, afirmou que as imagens das c\u00e2meras de seguran\u00e7a est\u00e3o sendo analisadas e que as grava\u00e7\u00f5es que circulam online s\u00e3o de conhecimento das autoridades, acrescentando que, apesar de ainda n\u00e3o haver pris\u00f5es, acredita\u2011se no envolvimento de tr\u00eas suspeitos. A a\u00e7\u00e3o, que ocorreu em frente \u00e0 Sinagoga Machzike Hadathfoi, foi reivindicada por um grupo xiita rec\u00e9m-formado, identificado como Ashab al-Yamin, que teria liga\u00e7\u00f5es com fac\u00e7\u00f5es apoiadas pelo Ir\u00e3. Em material divulgado online, o grupo indicou que o alvo principal seria uma sinagoga pr\u00f3xima: &#8220;A Sinagoga Machzike Hadath \u00e9 um dos centros mais importantes do juda\u00edsmo ortodoxo [&#8230;] e um dos principais basti\u00f5es de apoio a Israel na Gr\u00e3-Bretanha&#8221;. Rea\u00e7\u00f5es Autoridades e representantes da comunidade judaica reagiram com preocupa\u00e7\u00e3o. A embaixada de Israel no Reino Unido afirmou que o epis\u00f3dio \u00e9 resultado de \u201canos de \u00f3dio tolerado \u00e0 vista de todos\u201d e advertiu que \u201csil\u00eancio e ina\u00e7\u00e3o n\u00e3o s\u00e3o mais uma op\u00e7\u00e3o\u201d. Mark Gardner, diretor executivo do Community Security Trust, que assessora os cerca de 290.000 judeus da Gr\u00e3-Bretanha em quest\u00f5es de seguran\u00e7a, disse que os inc\u00eandios tinham um \u201cparalelo \u00f3bvio com ataques incendi\u00e1rios antissemitas semelhantes ocorridos recentemente em Li\u00e8ge, Roterd\u00e3 e Amsterd\u00e3\u201d. J\u00e1 o prefeito de Londres, Sadiq Khan, anunciou o refor\u00e7o do policiamento na regi\u00e3o enquanto as investiga\u00e7\u00f5es seguem em andamento. O ataque ocorre em um contexto de aumento global de incidentes antissemitas, fen\u00f4meno que tem sido monitorado por organiza\u00e7\u00f5es internacionais.<\/p>\n","protected":false},"author":1,"featured_media":11555,"comment_status":"closed","ping_status":"closed","sticky":false,"template":"","format":"standard","meta":{"footnotes":""},"categories":[13],"tags":[],"class_list":["post-11554","post","type-post","status-publish","format-standard","has-post-thumbnail","hentry","category-israel"],"acf":[],"_links":{"self":[{"href":"https:\/\/fabricadescripts.com.br\/igrejas\/IGRE3535\/wp-json\/wp\/v2\/posts\/11554","targetHints":{"allow":["GET"]}}],"collection":[{"href":"https:\/\/fabricadescripts.com.br\/igrejas\/IGRE3535\/wp-json\/wp\/v2\/posts"}],"about":[{"href":"https:\/\/fabricadescripts.com.br\/igrejas\/IGRE3535\/wp-json\/wp\/v2\/types\/post"}],"author":[{"embeddable":true,"href":"https:\/\/fabricadescripts.com.br\/igrejas\/IGRE3535\/wp-json\/wp\/v2\/users\/1"}],"replies":[{"embeddable":true,"href":"https:\/\/fabricadescripts.com.br\/igrejas\/IGRE3535\/wp-json\/wp\/v2\/comments?post=11554"}],"version-history":[{"count":0,"href":"https:\/\/fabricadescripts.com.br\/igrejas\/IGRE3535\/wp-json\/wp\/v2\/posts\/11554\/revisions"}],"wp:featuredmedia":[{"embeddable":true,"href":"https:\/\/fabricadescripts.com.br\/igrejas\/IGRE3535\/wp-json\/wp\/v2\/media\/11555"}],"wp:attachment":[{"href":"https:\/\/fabricadescripts.com.br\/igrejas\/IGRE3535\/wp-json\/wp\/v2\/media?parent=11554"}],"wp:term":[{"taxonomy":"category","embeddable":true,"href":"https:\/\/fabricadescripts.com.br\/igrejas\/IGRE3535\/wp-json\/wp\/v2\/categories?post=11554"},{"taxonomy":"post_tag","embeddable":true,"href":"https:\/\/fabricadescripts.com.br\/igrejas\/IGRE3535\/wp-json\/wp\/v2\/tags?post=11554"}],"curies":[{"name":"wp","href":"https:\/\/api.w.org\/{rel}","templated":true}]}}