{"id":11514,"date":"2026-03-21T22:08:24","date_gmt":"2026-03-22T01:08:24","guid":{"rendered":"https:\/\/fabricadescripts.com.br\/igrejas\/IGRE3535\/ira-volta-a-atacar-jerusalem-e-destrocos-de-missil-caem-perto-do-monte-do-templo\/"},"modified":"2026-03-21T22:08:24","modified_gmt":"2026-03-22T01:08:24","slug":"ira-volta-a-atacar-jerusalem-e-destrocos-de-missil-caem-perto-do-monte-do-templo","status":"publish","type":"post","link":"https:\/\/fabricadescripts.com.br\/igrejas\/IGRE3535\/ira-volta-a-atacar-jerusalem-e-destrocos-de-missil-caem-perto-do-monte-do-templo\/","title":{"rendered":"Ir\u00e3 volta a atacar Jerusal\u00e9m e destro\u00e7os de m\u00edssil caem perto do Monte do Templo"},"content":{"rendered":"<div>\n<p><span>Nesta sexta-feira (20), o Ir\u00e3 lan\u00e7ou oito ataques com m\u00edsseis contra <\/span><span><strong>Israel<\/strong><\/span><span>. Destro\u00e7os de um dos proj\u00e9teis atingiram a Cidade Velha de Jerusal\u00e9m, regi\u00e3o que abriga alguns dos locais mais sagrados para judeus, mu\u00e7ulmanos e crist\u00e3os.<\/span><\/p>\n<p><span>Partes de um m\u00edssil interceptado ca\u00edram em um estacionamento no Bairro Judeu, a cerca de 400 metros do Muro das Lamenta\u00e7\u00f5es e do complexo da Mesquita de Al-Aqsa, conhecido como Monte do Templo.\u00a0<\/span><\/p>\n<p><span>Segundo o The Times of Israel, apesar dos danos, ningu\u00e9m ficou ferido nessa \u00e1rea. Logo depois, policiais israelenses foram at\u00e9 um parque infantil p\u00fablico, que fica logo abaixo do ponto onde os destro\u00e7os do m\u00edssil iraniano interceptado ca\u00edram, para procurar mais peda\u00e7os.<\/span><\/p>\n<blockquote data-instgrm-permalink=\"https:\/\/www.instagram.com\/reel\/DWHO7lHCAXa\/?utm_source=ig_embed&#038;utm_campaign=loading\" data-instgrm-version=\"14\"><\/blockquote>\n<p><span>O impacto aconteceu acima do Port\u00e3o do Esterco, uma das entradas da Cidade Velha de Jerusal\u00e9m, pouco antes do in\u00edcio do Shabat \u2014 dia sagrado semanal do juda\u00edsmo, celebrado do p\u00f4r do sol de sexta-feira at\u00e9 o p\u00f4r do sol de s\u00e1bado \u2014 e assustou os moradores com um barulho muito forte, interrompendo os preparativos.<\/span><\/p>\n<p><strong>\u2018O regime iraniano representa uma amea\u00e7a\u2019<\/strong><\/p>\n<p><span>O professor Andre\u0301 Lajst, presidente-executivo da organiza\u00e7\u00e3o sem fins lucrativos StandWithUs Brasil, comentou sobre o ocorrido em suas redes sociais e afirmou:<\/span><\/p>\n<p><span>\u201cNovamente, o regime dos aiatol\u00e1s ataca a cidade que tem os locais mais sagrados para judeus, mu\u00e7ulmanos e crist\u00e3os. Para a seguran\u00e7a dos civis, o governo israelense restringiu temporariamente o acesso a pontos centrais de Jerusal\u00e9m, tais como a Igreja do Santo Sepulcro, um dos espa\u00e7os mais importantes do cristianismo, a Mesquita Al-Aqsa, terceiro local mais sagrado do Isl\u00e3, e o Muro das Lamenta\u00e7\u00f5es\u201d.<\/span><\/p>\n<p><span>E acrescentou: \u201cO fato de isso acontecer na \u00faltima sexta-feira do Ramad\u00e3, m\u00eas sagrado do calend\u00e1rio isl\u00e2mico, mostra bem como o <\/span><span><strong>regime iraniano<\/strong><\/span><span> representa uma amea\u00e7a para todos, inclusive para os pr\u00f3prios mu\u00e7ulmanos\u201d.<\/span><\/p>\n<blockquote data-instgrm-permalink=\"https:\/\/www.instagram.com\/p\/DWHSnyVjfcB\/?utm_source=ig_embed&#038;utm_campaign=loading\" data-instgrm-version=\"14\"><\/blockquote>\n<p><span>J\u00e1 o jornalista e influenciador israelense Hananya Naftali destacou: \u201cDe um lado, vemos um regime isl\u00e2mico que ataca Jerusal\u00e9m, incluindo locais sagrados, e, do outro, Israel, que defende judeus, crist\u00e3os e mu\u00e7ulmanos\u201d.<\/span><\/p>\n<\/div>\n","protected":false},"excerpt":{"rendered":"<p>Nesta sexta-feira (20), o Ir\u00e3 lan\u00e7ou oito ataques com m\u00edsseis contra Israel. Destro\u00e7os de um dos proj\u00e9teis atingiram a Cidade Velha de Jerusal\u00e9m, regi\u00e3o que abriga alguns dos locais mais sagrados para judeus, mu\u00e7ulmanos e crist\u00e3os. Partes de um m\u00edssil interceptado ca\u00edram em um estacionamento no Bairro Judeu, a cerca de 400 metros do Muro das Lamenta\u00e7\u00f5es e do complexo da Mesquita de Al-Aqsa, conhecido como Monte do Templo.\u00a0 Segundo o The Times of Israel, apesar dos danos, ningu\u00e9m ficou ferido nessa \u00e1rea. Logo depois, policiais israelenses foram at\u00e9 um parque infantil p\u00fablico, que fica logo abaixo do ponto onde os destro\u00e7os do m\u00edssil iraniano interceptado ca\u00edram, para procurar mais peda\u00e7os. O impacto aconteceu acima do Port\u00e3o do Esterco, uma das entradas da Cidade Velha de Jerusal\u00e9m, pouco antes do in\u00edcio do Shabat \u2014 dia sagrado semanal do juda\u00edsmo, celebrado do p\u00f4r do sol de sexta-feira at\u00e9 o p\u00f4r do sol de s\u00e1bado \u2014 e assustou os moradores com um barulho muito forte, interrompendo os preparativos. \u2018O regime iraniano representa uma amea\u00e7a\u2019 O professor Andre\u0301 Lajst, presidente-executivo da organiza\u00e7\u00e3o sem fins lucrativos StandWithUs Brasil, comentou sobre o ocorrido em suas redes sociais e afirmou: \u201cNovamente, o regime dos aiatol\u00e1s ataca a cidade que tem os locais mais sagrados para judeus, mu\u00e7ulmanos e crist\u00e3os. Para a seguran\u00e7a dos civis, o governo israelense restringiu temporariamente o acesso a pontos centrais de Jerusal\u00e9m, tais como a Igreja do Santo Sepulcro, um dos espa\u00e7os mais importantes do cristianismo, a Mesquita Al-Aqsa, terceiro local mais sagrado do Isl\u00e3, e o Muro das Lamenta\u00e7\u00f5es\u201d. E acrescentou: \u201cO fato de isso acontecer na \u00faltima sexta-feira do Ramad\u00e3, m\u00eas sagrado do calend\u00e1rio isl\u00e2mico, mostra bem como o regime iraniano representa uma amea\u00e7a para todos, inclusive para os pr\u00f3prios mu\u00e7ulmanos\u201d. J\u00e1 o jornalista e influenciador israelense Hananya Naftali destacou: \u201cDe um lado, vemos um regime isl\u00e2mico que ataca Jerusal\u00e9m, incluindo locais sagrados, e, do outro, Israel, que defende judeus, crist\u00e3os e mu\u00e7ulmanos\u201d.<\/p>\n","protected":false},"author":1,"featured_media":11515,"comment_status":"closed","ping_status":"closed","sticky":false,"template":"","format":"standard","meta":{"footnotes":""},"categories":[13],"tags":[],"class_list":["post-11514","post","type-post","status-publish","format-standard","has-post-thumbnail","hentry","category-israel"],"acf":[],"_links":{"self":[{"href":"https:\/\/fabricadescripts.com.br\/igrejas\/IGRE3535\/wp-json\/wp\/v2\/posts\/11514","targetHints":{"allow":["GET"]}}],"collection":[{"href":"https:\/\/fabricadescripts.com.br\/igrejas\/IGRE3535\/wp-json\/wp\/v2\/posts"}],"about":[{"href":"https:\/\/fabricadescripts.com.br\/igrejas\/IGRE3535\/wp-json\/wp\/v2\/types\/post"}],"author":[{"embeddable":true,"href":"https:\/\/fabricadescripts.com.br\/igrejas\/IGRE3535\/wp-json\/wp\/v2\/users\/1"}],"replies":[{"embeddable":true,"href":"https:\/\/fabricadescripts.com.br\/igrejas\/IGRE3535\/wp-json\/wp\/v2\/comments?post=11514"}],"version-history":[{"count":0,"href":"https:\/\/fabricadescripts.com.br\/igrejas\/IGRE3535\/wp-json\/wp\/v2\/posts\/11514\/revisions"}],"wp:featuredmedia":[{"embeddable":true,"href":"https:\/\/fabricadescripts.com.br\/igrejas\/IGRE3535\/wp-json\/wp\/v2\/media\/11515"}],"wp:attachment":[{"href":"https:\/\/fabricadescripts.com.br\/igrejas\/IGRE3535\/wp-json\/wp\/v2\/media?parent=11514"}],"wp:term":[{"taxonomy":"category","embeddable":true,"href":"https:\/\/fabricadescripts.com.br\/igrejas\/IGRE3535\/wp-json\/wp\/v2\/categories?post=11514"},{"taxonomy":"post_tag","embeddable":true,"href":"https:\/\/fabricadescripts.com.br\/igrejas\/IGRE3535\/wp-json\/wp\/v2\/tags?post=11514"}],"curies":[{"name":"wp","href":"https:\/\/api.w.org\/{rel}","templated":true}]}}