{"id":11502,"date":"2026-03-21T22:08:14","date_gmt":"2026-03-22T01:08:14","guid":{"rendered":"https:\/\/fabricadescripts.com.br\/igrejas\/IGRE3535\/missao-e-denunciada-no-mp-por-fazer-culto-na-ufmg-nos-chamaram-de-organizacao-criminosa\/"},"modified":"2026-03-21T22:08:14","modified_gmt":"2026-03-22T01:08:14","slug":"missao-e-denunciada-no-mp-por-fazer-culto-na-ufmg-nos-chamaram-de-organizacao-criminosa","status":"publish","type":"post","link":"https:\/\/fabricadescripts.com.br\/igrejas\/IGRE3535\/missao-e-denunciada-no-mp-por-fazer-culto-na-ufmg-nos-chamaram-de-organizacao-criminosa\/","title":{"rendered":"Miss\u00e3o \u00e9 denunciada no MP por fazer culto na UFMG: \u201cNos chamaram de organiza\u00e7\u00e3o criminosa\u201d"},"content":{"rendered":"<div>\n<p><span>A miss\u00e3o \u201cAviva Universit\u00e1rio\u201d foi denunciada ao Minist\u00e9rio P\u00fablico Federal (MPF) por realizar<\/span> <span>cultos com estudantes na <\/span><span><strong>Universidade Federal de Minas Gerais<\/strong><\/span><span> (UFMG).<\/span><\/p>\n<p><span>O evangelista Lucas Teodoro, l\u00edder da miss\u00e3o que tem realizado encontros em diversas universidades pelo Brasil, informou que recebeu uma intima\u00e7\u00e3o do MP para explicar sobre os cultos dentro da universidade.<\/span><\/p>\n<p><span>\u201cN\u00f3s fomos denunciados e o MPF bateu aqui em casa simplesmente porque fizemos um culto volunt\u00e1rio dentro de uma universidade p\u00fablica. Nos denunciaram justamente por causa disso aqui: v\u00e1rios jovens de joelhos dentro da universidade clamando por um avivamento e se arrependendo\u201d, afirmou Lucas, em v\u00eddeo no Instagram compartilhado no s\u00e1bado (14).<\/span><\/p>\n<p><span>O l\u00edder ainda relatou que o denunciante chamou o \u201cAviva\u201d de \u201corganiza\u00e7\u00e3o criminosa\u201d. Teodoro destacou que os universit\u00e1rios participaram dos cultos de forma volunt\u00e1ria e que o evento n\u00e3o foi formal.<\/span><\/p>\n<p><span>\u201cEra simplesmente uma reuni\u00e3o volunt\u00e1ria dentro da universidade e nem mesmo o som n\u00f3s t\u00ednhamos l\u00e1, simplesmente est\u00e1vamos reunidos adorando a Deus, orando e se arrependendo no ambiente acad\u00eamico\u201d, explicou Lucas.<\/span><\/p>\n<p><strong>\u201cZombam da nossa f\u00e9\u201d<\/strong><\/p>\n<p><span>Ele questionou porque outras manifesta\u00e7\u00f5es na universidade n\u00e3o s\u00e3o questionadas ou denunciadas como encontros crist\u00e3os s\u00e3o.<\/span><\/p>\n<p><span>\u201cTodo mundo sabe o que est\u00e1 acontecendo dentro das universidades federais, eles zombam da nossa f\u00e9 e nos chamam de intolerantes. Mas agora eu quero apresentar para voc\u00eas o que realmente \u00e9 a intoler\u00e2ncia. Quando a gente anda pela universidade e n\u00f3s vemos tudo isso pichado nas paredes: \u2018Satan\u00e1s tamb\u00e9m \u00e9 amor. Deus \u00e9 um macho escroto\u2019\u201d, observou.<\/span><\/p>\n<p><span>Lucas tamb\u00e9m mostrou um cartaz de uma festa de calouros da Faculdade de Filosofia e Ci\u00eancias Humanas da UFMG onde rostos de pol\u00edticos como Charlie Kirk, Donald Trump e Nikolas Ferreira est\u00e3o sob o alvo de uma arma.<\/span><\/p>\n<p><span>\u201cQuando realizamos um culto volunt\u00e1rio na universidade somos chamados de organiza\u00e7\u00e3o criminosa. Agora rir e desejar a morte de algu\u00e9m parece que j\u00e1 n\u00e3o \u00e9 mais crime aqui no Brasil\u201d, criticou o evangelista.<\/span><\/p>\n<p><strong>\u201cContinuaremos falando de Jesus\u201d<\/strong><\/p>\n<p><span>Teodoro lembrou que as primeiras universidades do mundo foram fundadas atrav\u00e9s do cristianismo e defendeu a <\/span><span><strong>liberdade religiosa<\/strong><\/span><span> no ambiente acad\u00eamico.<\/span><\/p>\n<p><span>\u201cAgora se reunir na universidade para orar e adorar a Deus e se tornou motivo de den\u00fancia ao MPF. O mais estranho \u00e9 que o MPF aceitou essa den\u00fancia e agora a gente est\u00e1 tendo que entrar com advogado para resolver toda essa quest\u00e3o, simplesmente porque exercemos a nossa f\u00e9 dentro da universidade\u201d, declarou.<\/span><\/p>\n<p><span>Lucas ainda pregou o amor de Cristo ao denunciante \u2013 que n\u00e3o foi identificado. \u201cPara voc\u00eas que nos chamaram de organiza\u00e7\u00e3o criminosa, quero que saibam de uma coisa: N\u00f3s amamos voc\u00eas porque Cristo amou voc\u00eas. Voc\u00eas desejam o nosso mal, mas n\u00f3s queremos ver voc\u00eas no C\u00e9u tamb\u00e9m. Aquela cruz foi por amor a cada um de voc\u00eas e esse amor n\u00e3o vai encontrar em lugar nenhum\u201d, disse.<\/span><\/p>\n<p><span>O l\u00edder garantiu que o \u201cAviva Universit\u00e1rio\u201d vai continuar levando o Evangelho \u00e0s universidades.\u00a0<\/span><\/p>\n<p><span>\u201cContinuaremos falando de Jesus nas universidades porque Ele \u00e9 a nossa esperan\u00e7a. N\u00e3o confunda o Evangelho com o movimento pol\u00edtico. N\u00f3s n\u00e3o estamos falando de nenhum pol\u00edtico, n\u00f3s estamos falando do Autor da vida. N\u00f3s continuaremos pregando essa mensagem at\u00e9 que Ele venha\u201d, finalizou.<\/span><\/p>\n<blockquote data-instgrm-captioned data-instgrm-permalink=\"https:\/\/www.instagram.com\/reel\/DV3tm9GCfOv\/?utm_source=ig_embed&#038;utm_campaign=loading\" data-instgrm-version=\"14\"><\/blockquote>\n<p><strong>Den\u00fancia por intoler\u00e2ncia religiosa<\/strong><\/p>\n<p><span>A vereadora de Porto Alegre, Mariana Lescano, criticou a den\u00fancia ao MPF contra o \u201cAviva Universit\u00e1rio\u201d, em postagem no Instagram.<\/span><\/p>\n<p><span>\u201cOrar nas universidades, agora \u00e9 crime?\u201d, questionou ela, no domingo (15). \u201cUm dos organizadores, o Lucas, foi intimado para explicar esse movimento dentro das universidades. E o seu grupo foi equiparado a uma organiza\u00e7\u00e3o criminosa. Jovens orando \u00e9 organiza\u00e7\u00e3o criminosa, num pa\u00eds onde PCC e Comando Vermelho n\u00e3o s\u00e3o considerados grupos terroristas\u201d.<\/span><\/p>\n<p><span>Mariana lembrou que um <\/span><span><strong>culto do \u201cAviva\u201d foi impedido<\/strong><\/span><span> de acontecer na Universidade Federal do Rio Grande do Sul (UFRGS) no ano passado.<\/span><\/p>\n<p><span>Ela e outro vereador entraram com <\/span><span><strong>a\u00e7\u00f5es no Minist\u00e9rio P\u00fablico contra a Reitoria<\/strong><\/span><span> da universidade por proibir os alunos crist\u00e3os de se reunirem.<\/span><\/p>\n<p><span>\u201cN\u00f3s entramos com uma den\u00fancia no Minist\u00e9rio P\u00fablico Federal por intoler\u00e2ncia religiosa. E at\u00e9 agora nada aconteceu\u201d, afirmou.<\/span><\/p>\n<p><span>\u201cO Minist\u00e9rio P\u00fablico Federal n\u00e3o quis investigar quando um grupo de estudantes invadiu um pr\u00e9dio da universidade para colocar um dos seus movimentos de luta. Tu tamb\u00e9m n\u00e3o viu o Minist\u00e9rio P\u00fablico querer investigar quando tem as festinhas dentro da UFRGS chamadas Inferninhos, que tem \u00e1lcool adoidado e todos os tipos de subst\u00e2ncias duvidosas. Agora quando um grupo resolve ir na contram\u00e3o de tudo isso e levar a Palavra de Deus, a\u00ed sim \u00e9 motivo pra eles serem perseguidos e investigados\u201d, condenou a vereadora.<\/span><\/p>\n<blockquote data-instgrm-captioned data-instgrm-permalink=\"https:\/\/www.instagram.com\/reel\/DV7AvSwEZ67\/?utm_source=ig_embed&#038;utm_campaign=loading\" data-instgrm-version=\"14\"><\/blockquote>\n<\/div>\n","protected":false},"excerpt":{"rendered":"<p>A miss\u00e3o \u201cAviva Universit\u00e1rio\u201d foi denunciada ao Minist\u00e9rio P\u00fablico Federal (MPF) por realizar cultos com estudantes na Universidade Federal de Minas Gerais (UFMG). O evangelista Lucas Teodoro, l\u00edder da miss\u00e3o que tem realizado encontros em diversas universidades pelo Brasil, informou que recebeu uma intima\u00e7\u00e3o do MP para explicar sobre os cultos dentro da universidade. \u201cN\u00f3s fomos denunciados e o MPF bateu aqui em casa simplesmente porque fizemos um culto volunt\u00e1rio dentro de uma universidade p\u00fablica. Nos denunciaram justamente por causa disso aqui: v\u00e1rios jovens de joelhos dentro da universidade clamando por um avivamento e se arrependendo\u201d, afirmou Lucas, em v\u00eddeo no Instagram compartilhado no s\u00e1bado (14). O l\u00edder ainda relatou que o denunciante chamou o \u201cAviva\u201d de \u201corganiza\u00e7\u00e3o criminosa\u201d. Teodoro destacou que os universit\u00e1rios participaram dos cultos de forma volunt\u00e1ria e que o evento n\u00e3o foi formal. \u201cEra simplesmente uma reuni\u00e3o volunt\u00e1ria dentro da universidade e nem mesmo o som n\u00f3s t\u00ednhamos l\u00e1, simplesmente est\u00e1vamos reunidos adorando a Deus, orando e se arrependendo no ambiente acad\u00eamico\u201d, explicou Lucas. \u201cZombam da nossa f\u00e9\u201d Ele questionou porque outras manifesta\u00e7\u00f5es na universidade n\u00e3o s\u00e3o questionadas ou denunciadas como encontros crist\u00e3os s\u00e3o. \u201cTodo mundo sabe o que est\u00e1 acontecendo dentro das universidades federais, eles zombam da nossa f\u00e9 e nos chamam de intolerantes. Mas agora eu quero apresentar para voc\u00eas o que realmente \u00e9 a intoler\u00e2ncia. Quando a gente anda pela universidade e n\u00f3s vemos tudo isso pichado nas paredes: \u2018Satan\u00e1s tamb\u00e9m \u00e9 amor. Deus \u00e9 um macho escroto\u2019\u201d, observou. Lucas tamb\u00e9m mostrou um cartaz de uma festa de calouros da Faculdade de Filosofia e Ci\u00eancias Humanas da UFMG onde rostos de pol\u00edticos como Charlie Kirk, Donald Trump e Nikolas Ferreira est\u00e3o sob o alvo de uma arma. \u201cQuando realizamos um culto volunt\u00e1rio na universidade somos chamados de organiza\u00e7\u00e3o criminosa. Agora rir e desejar a morte de algu\u00e9m parece que j\u00e1 n\u00e3o \u00e9 mais crime aqui no Brasil\u201d, criticou o evangelista. \u201cContinuaremos falando de Jesus\u201d Teodoro lembrou que as primeiras universidades do mundo foram fundadas atrav\u00e9s do cristianismo e defendeu a liberdade religiosa no ambiente acad\u00eamico. \u201cAgora se reunir na universidade para orar e adorar a Deus e se tornou motivo de den\u00fancia ao MPF. O mais estranho \u00e9 que o MPF aceitou essa den\u00fancia e agora a gente est\u00e1 tendo que entrar com advogado para resolver toda essa quest\u00e3o, simplesmente porque exercemos a nossa f\u00e9 dentro da universidade\u201d, declarou. Lucas ainda pregou o amor de Cristo ao denunciante \u2013 que n\u00e3o foi identificado. \u201cPara voc\u00eas que nos chamaram de organiza\u00e7\u00e3o criminosa, quero que saibam de uma coisa: N\u00f3s amamos voc\u00eas porque Cristo amou voc\u00eas. Voc\u00eas desejam o nosso mal, mas n\u00f3s queremos ver voc\u00eas no C\u00e9u tamb\u00e9m. Aquela cruz foi por amor a cada um de voc\u00eas e esse amor n\u00e3o vai encontrar em lugar nenhum\u201d, disse. O l\u00edder garantiu que o \u201cAviva Universit\u00e1rio\u201d vai continuar levando o Evangelho \u00e0s universidades.\u00a0 \u201cContinuaremos falando de Jesus nas universidades porque Ele \u00e9 a nossa esperan\u00e7a. N\u00e3o confunda o Evangelho com o movimento pol\u00edtico. N\u00f3s n\u00e3o estamos falando de nenhum pol\u00edtico, n\u00f3s estamos falando do Autor da vida. N\u00f3s continuaremos pregando essa mensagem at\u00e9 que Ele venha\u201d, finalizou. Den\u00fancia por intoler\u00e2ncia religiosa A vereadora de Porto Alegre, Mariana Lescano, criticou a den\u00fancia ao MPF contra o \u201cAviva Universit\u00e1rio\u201d, em postagem no Instagram. \u201cOrar nas universidades, agora \u00e9 crime?\u201d, questionou ela, no domingo (15). \u201cUm dos organizadores, o Lucas, foi intimado para explicar esse movimento dentro das universidades. E o seu grupo foi equiparado a uma organiza\u00e7\u00e3o criminosa. Jovens orando \u00e9 organiza\u00e7\u00e3o criminosa, num pa\u00eds onde PCC e Comando Vermelho n\u00e3o s\u00e3o considerados grupos terroristas\u201d. Mariana lembrou que um culto do \u201cAviva\u201d foi impedido de acontecer na Universidade Federal do Rio Grande do Sul (UFRGS) no ano passado. Ela e outro vereador entraram com a\u00e7\u00f5es no Minist\u00e9rio P\u00fablico contra a Reitoria da universidade por proibir os alunos crist\u00e3os de se reunirem. \u201cN\u00f3s entramos com uma den\u00fancia no Minist\u00e9rio P\u00fablico Federal por intoler\u00e2ncia religiosa. E at\u00e9 agora nada aconteceu\u201d, afirmou. \u201cO Minist\u00e9rio P\u00fablico Federal n\u00e3o quis investigar quando um grupo de estudantes invadiu um pr\u00e9dio da universidade para colocar um dos seus movimentos de luta. Tu tamb\u00e9m n\u00e3o viu o Minist\u00e9rio P\u00fablico querer investigar quando tem as festinhas dentro da UFRGS chamadas Inferninhos, que tem \u00e1lcool adoidado e todos os tipos de subst\u00e2ncias duvidosas. Agora quando um grupo resolve ir na contram\u00e3o de tudo isso e levar a Palavra de Deus, a\u00ed sim \u00e9 motivo pra eles serem perseguidos e investigados\u201d, condenou a vereadora.<\/p>\n","protected":false},"author":1,"featured_media":11503,"comment_status":"closed","ping_status":"closed","sticky":false,"template":"","format":"standard","meta":{"footnotes":""},"categories":[11],"tags":[],"class_list":["post-11502","post","type-post","status-publish","format-standard","has-post-thumbnail","hentry","category-brasil"],"acf":[],"_links":{"self":[{"href":"https:\/\/fabricadescripts.com.br\/igrejas\/IGRE3535\/wp-json\/wp\/v2\/posts\/11502","targetHints":{"allow":["GET"]}}],"collection":[{"href":"https:\/\/fabricadescripts.com.br\/igrejas\/IGRE3535\/wp-json\/wp\/v2\/posts"}],"about":[{"href":"https:\/\/fabricadescripts.com.br\/igrejas\/IGRE3535\/wp-json\/wp\/v2\/types\/post"}],"author":[{"embeddable":true,"href":"https:\/\/fabricadescripts.com.br\/igrejas\/IGRE3535\/wp-json\/wp\/v2\/users\/1"}],"replies":[{"embeddable":true,"href":"https:\/\/fabricadescripts.com.br\/igrejas\/IGRE3535\/wp-json\/wp\/v2\/comments?post=11502"}],"version-history":[{"count":0,"href":"https:\/\/fabricadescripts.com.br\/igrejas\/IGRE3535\/wp-json\/wp\/v2\/posts\/11502\/revisions"}],"wp:featuredmedia":[{"embeddable":true,"href":"https:\/\/fabricadescripts.com.br\/igrejas\/IGRE3535\/wp-json\/wp\/v2\/media\/11503"}],"wp:attachment":[{"href":"https:\/\/fabricadescripts.com.br\/igrejas\/IGRE3535\/wp-json\/wp\/v2\/media?parent=11502"}],"wp:term":[{"taxonomy":"category","embeddable":true,"href":"https:\/\/fabricadescripts.com.br\/igrejas\/IGRE3535\/wp-json\/wp\/v2\/categories?post=11502"},{"taxonomy":"post_tag","embeddable":true,"href":"https:\/\/fabricadescripts.com.br\/igrejas\/IGRE3535\/wp-json\/wp\/v2\/tags?post=11502"}],"curies":[{"name":"wp","href":"https:\/\/api.w.org\/{rel}","templated":true}]}}