{"id":11491,"date":"2026-03-20T18:29:13","date_gmt":"2026-03-20T21:29:13","guid":{"rendered":"https:\/\/fabricadescripts.com.br\/igrejas\/IGRE3535\/menino-de-7-anos-emociona-ao-dedicar-primeiro-pedaco-de-bolo-a-jesus-em-seu-aniversario\/"},"modified":"2026-03-20T18:29:13","modified_gmt":"2026-03-20T21:29:13","slug":"menino-de-7-anos-emociona-ao-dedicar-primeiro-pedaco-de-bolo-a-jesus-em-seu-aniversario","status":"publish","type":"post","link":"https:\/\/fabricadescripts.com.br\/igrejas\/IGRE3535\/menino-de-7-anos-emociona-ao-dedicar-primeiro-pedaco-de-bolo-a-jesus-em-seu-aniversario\/","title":{"rendered":"Menino de 7 anos emociona ao dedicar primeiro peda\u00e7o de bolo a Jesus em seu anivers\u00e1rio"},"content":{"rendered":"<div>\n<p><span>Um <\/span><span><strong>menino<\/strong><\/span><span> emocionou as redes sociais ao dedicar o primeiro peda\u00e7o de bolo a Jesus em seu <\/span><span><strong>anivers\u00e1rio<\/strong><\/span><span>, em Terra Roxa, no Paran\u00e1.<\/span><\/p>\n<p><span>O momento inusitado foi compartilhado em v\u00eddeo no Instagram pela m\u00e3e, Rosane Rocha, no final de janeiro.<\/span><\/p>\n<p><span>Durante a festa de anivers\u00e1rio de 7 anos, a m\u00e3e cortou o bolo e entregou o primeiro peda\u00e7o a Gabriel para ele entregar a uma pessoa especial em sua vida.<\/span><\/p>\n<p><span>O menino fez um suspense para quem iria entregar, enquanto a fam\u00edlia e os convidados pediam para Gabriel dar o peda\u00e7o a eles.<\/span><\/p>\n<p><span>\u201cO primeiro peda\u00e7o vai ser para uma pessoa que come\u00e7a com \u2018J\u2019\u201d, disse o menino. Ent\u00e3o, as pessoas citaram nomes de convidados que come\u00e7avam com a letra: \u201cJos\u00e9, Josiane\u201d.<\/span><\/p>\n<p><span>\u201cJesus\u201d, anunciou o menino, apontando o dedo para o c\u00e9u com um sorriso no rosto. A escolha surpreendeu e todos bateram palmas para Gabriel.<\/span><\/p>\n<p><span>A m\u00e3e e o pai ficaram emocionados com a f\u00e9 do filho e abra\u00e7aram o menino. \u201cQue Jesus seja o centro da sua vida hoje e sempre, meu menino bondoso e temente a Deus\u201d, declarou Rosane, na postagem.<\/span><\/p>\n<p><span>E refletiu: \u201cE voc\u00ea tem colocado Ele em primeiro lugar em sua vida? Que tenhamos o cora\u00e7\u00e3o e a bondade de uma crian\u00e7a, que Jesus seja o dono n\u00e3o s\u00f3 do nosso primeiro peda\u00e7o do bolo, mas do nosso cora\u00e7\u00e3o por inteiro\u201d.<\/span><\/p>\n<p><span>O v\u00eddeo do momento j\u00e1 alcan\u00e7ou mais de 360 mil visualiza\u00e7\u00f5es no Instagram e emocionou muitos usu\u00e1rios.<\/span><\/p>\n<p><span>\u201cPode ter certeza que Jesus abriu um sorriso lindo e amou o primeiro peda\u00e7o de bolo\u201d, comentou uma mulher.<\/span><\/p>\n<p><span>\u201cO choro de quem foi tocado pelo Esp\u00edrito Santo! \u00c9 Jesus, \u00e9 lindo! Felicidades Gabriel!\u201d, escreveu outra mulher.<\/span><\/p>\n<blockquote data-instgrm-captioned data-instgrm-permalink=\"https:\/\/www.instagram.com\/reel\/DT8oy49CRlg\/?utm_source=ig_embed&#038;utm_campaign=loading\" data-instgrm-version=\"14\"><\/blockquote>\n<\/div>\n","protected":false},"excerpt":{"rendered":"<p>Um menino emocionou as redes sociais ao dedicar o primeiro peda\u00e7o de bolo a Jesus em seu anivers\u00e1rio, em Terra Roxa, no Paran\u00e1. O momento inusitado foi compartilhado em v\u00eddeo no Instagram pela m\u00e3e, Rosane Rocha, no final de janeiro. Durante a festa de anivers\u00e1rio de 7 anos, a m\u00e3e cortou o bolo e entregou o primeiro peda\u00e7o a Gabriel para ele entregar a uma pessoa especial em sua vida. O menino fez um suspense para quem iria entregar, enquanto a fam\u00edlia e os convidados pediam para Gabriel dar o peda\u00e7o a eles. \u201cO primeiro peda\u00e7o vai ser para uma pessoa que come\u00e7a com \u2018J\u2019\u201d, disse o menino. Ent\u00e3o, as pessoas citaram nomes de convidados que come\u00e7avam com a letra: \u201cJos\u00e9, Josiane\u201d. \u201cJesus\u201d, anunciou o menino, apontando o dedo para o c\u00e9u com um sorriso no rosto. A escolha surpreendeu e todos bateram palmas para Gabriel. A m\u00e3e e o pai ficaram emocionados com a f\u00e9 do filho e abra\u00e7aram o menino. \u201cQue Jesus seja o centro da sua vida hoje e sempre, meu menino bondoso e temente a Deus\u201d, declarou Rosane, na postagem. E refletiu: \u201cE voc\u00ea tem colocado Ele em primeiro lugar em sua vida? Que tenhamos o cora\u00e7\u00e3o e a bondade de uma crian\u00e7a, que Jesus seja o dono n\u00e3o s\u00f3 do nosso primeiro peda\u00e7o do bolo, mas do nosso cora\u00e7\u00e3o por inteiro\u201d. O v\u00eddeo do momento j\u00e1 alcan\u00e7ou mais de 360 mil visualiza\u00e7\u00f5es no Instagram e emocionou muitos usu\u00e1rios. \u201cPode ter certeza que Jesus abriu um sorriso lindo e amou o primeiro peda\u00e7o de bolo\u201d, comentou uma mulher. \u201cO choro de quem foi tocado pelo Esp\u00edrito Santo! \u00c9 Jesus, \u00e9 lindo! Felicidades Gabriel!\u201d, escreveu outra mulher.<\/p>\n","protected":false},"author":1,"featured_media":11492,"comment_status":"closed","ping_status":"closed","sticky":false,"template":"","format":"standard","meta":{"footnotes":""},"categories":[12],"tags":[],"class_list":["post-11491","post","type-post","status-publish","format-standard","has-post-thumbnail","hentry","category-mundo-cristao"],"acf":[],"_links":{"self":[{"href":"https:\/\/fabricadescripts.com.br\/igrejas\/IGRE3535\/wp-json\/wp\/v2\/posts\/11491","targetHints":{"allow":["GET"]}}],"collection":[{"href":"https:\/\/fabricadescripts.com.br\/igrejas\/IGRE3535\/wp-json\/wp\/v2\/posts"}],"about":[{"href":"https:\/\/fabricadescripts.com.br\/igrejas\/IGRE3535\/wp-json\/wp\/v2\/types\/post"}],"author":[{"embeddable":true,"href":"https:\/\/fabricadescripts.com.br\/igrejas\/IGRE3535\/wp-json\/wp\/v2\/users\/1"}],"replies":[{"embeddable":true,"href":"https:\/\/fabricadescripts.com.br\/igrejas\/IGRE3535\/wp-json\/wp\/v2\/comments?post=11491"}],"version-history":[{"count":0,"href":"https:\/\/fabricadescripts.com.br\/igrejas\/IGRE3535\/wp-json\/wp\/v2\/posts\/11491\/revisions"}],"wp:featuredmedia":[{"embeddable":true,"href":"https:\/\/fabricadescripts.com.br\/igrejas\/IGRE3535\/wp-json\/wp\/v2\/media\/11492"}],"wp:attachment":[{"href":"https:\/\/fabricadescripts.com.br\/igrejas\/IGRE3535\/wp-json\/wp\/v2\/media?parent=11491"}],"wp:term":[{"taxonomy":"category","embeddable":true,"href":"https:\/\/fabricadescripts.com.br\/igrejas\/IGRE3535\/wp-json\/wp\/v2\/categories?post=11491"},{"taxonomy":"post_tag","embeddable":true,"href":"https:\/\/fabricadescripts.com.br\/igrejas\/IGRE3535\/wp-json\/wp\/v2\/tags?post=11491"}],"curies":[{"name":"wp","href":"https:\/\/api.w.org\/{rel}","templated":true}]}}