{"id":11486,"date":"2026-03-20T18:29:16","date_gmt":"2026-03-20T21:29:16","guid":{"rendered":"https:\/\/fabricadescripts.com.br\/igrejas\/IGRE3535\/lutador-prega-o-evangelho-apos-vencer-campeonato-de-jiu-jitsu-jesus-e-a-salvacao\/"},"modified":"2026-03-20T18:29:16","modified_gmt":"2026-03-20T21:29:16","slug":"lutador-prega-o-evangelho-apos-vencer-campeonato-de-jiu-jitsu-jesus-e-a-salvacao","status":"publish","type":"post","link":"https:\/\/fabricadescripts.com.br\/igrejas\/IGRE3535\/lutador-prega-o-evangelho-apos-vencer-campeonato-de-jiu-jitsu-jesus-e-a-salvacao\/","title":{"rendered":"Lutador prega o Evangelho ap\u00f3s vencer campeonato de jiu-jitsu: \u201cJesus \u00e9 a salva\u00e7\u00e3o\u201d"},"content":{"rendered":"<div>\n<p><span>Um <\/span><span><strong>lutador<\/strong> <strong>pregou o Evangelho<\/strong><\/span><span> ap\u00f3s vencer um campeonato de Jiu-jitsu em Salvador, na Bahia.<\/span><\/p>\n<p><span>O faixa preta Gabriel Grij\u00f3 se tornou campe\u00e3o na categoria peso leve do Salvador Fall International Open 2026, uma importante competi\u00e7\u00e3o organizada pela International Brazilian Jiu-Jitsu Federation (IBJJF) em parceria com a Confedera\u00e7\u00e3o Brasileira de Jiu-Jits (CBJJ), no in\u00edcio de mar\u00e7o.<\/span><\/p>\n<p><span>Gabriel venceu o lutador Neto Cardoso no tatame. Logo ap\u00f3s a luta, ainda recuperando o f\u00f4lego, Gabriel anunciou Jesus ao p\u00fablico.<\/span><\/p>\n<p><span>\u201cPorque Ele enviou seu filho unig\u00eanito para que todo aquele que Nele cr\u00ea, n\u00e3o pere\u00e7a, mas tenha a vida eterna. Vamos olhar para Jesus! S\u00f3 Ele \u00e9 a salva\u00e7\u00e3o, s\u00f3 Ele \u00e9 a vida eterna, am\u00e9m. Deus aben\u00e7oe!\u201d, pregou, apontando para o c\u00e9u.<\/span><\/p>\n<blockquote data-instgrm-captioned data-instgrm-permalink=\"https:\/\/www.instagram.com\/reel\/DV8zgiCCZ3F\/?utm_source=ig_embed&#038;utm_campaign=loading\" data-instgrm-version=\"14\"><\/blockquote>\n<p><span>O p\u00fablico que assistia a luta aplaudiu Gabriel ap\u00f3s seu discurso. No v\u00eddeo do momento, compartilhado nas redes sociais, Gabriel falou da salva\u00e7\u00e3o em Cristo ao citar a passagem b\u00edblica de Ef\u00e9sios 2:8-9, que diz:\u00a0<\/span><\/p>\n<p><span>\u201cPorque pela gra\u00e7a voc\u00eas s\u00e3o salvos, mediante a f\u00e9; e isto n\u00e3o vem de voc\u00eas, \u00e9 dom de Deus; n\u00e3o de obras, para que ningu\u00e9m se glorie\u201d.<\/span><\/p>\n<p><span>Durante a entrega de medalhas, antes de subir ao p\u00f3dio, o lutador dobrou seus joelhos e orou.<\/span><\/p>\n<blockquote data-instgrm-captioned data-instgrm-permalink=\"https:\/\/www.instagram.com\/p\/DVlwp3XDkbV\/?utm_source=ig_embed&#038;utm_campaign=loading\" data-instgrm-version=\"14\"><\/blockquote>\n<p><span>O atleta, que possui t\u00edtulos nacionais e mundiais no jiu-jitsu, costuma glorificar a Deus ap\u00f3s as vit\u00f3rias e compartilhar sua f\u00e9 no Instagram.<\/span><\/p>\n<p><span>\u201cQue fique bem claro quem eu sigo: Quem \u00e9 nosso Salvador, Jesus Cristo de Nazar\u00e9, filho unig\u00eanito de Deus Pai, concebido pelo Esp\u00edrito Santo. O Cordeiro, ungido, que foi dado em sacrif\u00edcio para nos lavar de nossos pecados. Hoje, a mensagem \u00e9 uma s\u00f3: Ele vive e est\u00e1 voltando. Por isso, corra pra Ele. Fa\u00e7a Dele sua fortaleza\u201d, declarou Gabriel Grij\u00f3, em uma postagem anterior.<\/span><\/p>\n<\/div>\n","protected":false},"excerpt":{"rendered":"<p>Um lutador pregou o Evangelho ap\u00f3s vencer um campeonato de Jiu-jitsu em Salvador, na Bahia. O faixa preta Gabriel Grij\u00f3 se tornou campe\u00e3o na categoria peso leve do Salvador Fall International Open 2026, uma importante competi\u00e7\u00e3o organizada pela International Brazilian Jiu-Jitsu Federation (IBJJF) em parceria com a Confedera\u00e7\u00e3o Brasileira de Jiu-Jits (CBJJ), no in\u00edcio de mar\u00e7o. Gabriel venceu o lutador Neto Cardoso no tatame. Logo ap\u00f3s a luta, ainda recuperando o f\u00f4lego, Gabriel anunciou Jesus ao p\u00fablico. \u201cPorque Ele enviou seu filho unig\u00eanito para que todo aquele que Nele cr\u00ea, n\u00e3o pere\u00e7a, mas tenha a vida eterna. Vamos olhar para Jesus! S\u00f3 Ele \u00e9 a salva\u00e7\u00e3o, s\u00f3 Ele \u00e9 a vida eterna, am\u00e9m. Deus aben\u00e7oe!\u201d, pregou, apontando para o c\u00e9u. O p\u00fablico que assistia a luta aplaudiu Gabriel ap\u00f3s seu discurso. No v\u00eddeo do momento, compartilhado nas redes sociais, Gabriel falou da salva\u00e7\u00e3o em Cristo ao citar a passagem b\u00edblica de Ef\u00e9sios 2:8-9, que diz:\u00a0 \u201cPorque pela gra\u00e7a voc\u00eas s\u00e3o salvos, mediante a f\u00e9; e isto n\u00e3o vem de voc\u00eas, \u00e9 dom de Deus; n\u00e3o de obras, para que ningu\u00e9m se glorie\u201d. Durante a entrega de medalhas, antes de subir ao p\u00f3dio, o lutador dobrou seus joelhos e orou. O atleta, que possui t\u00edtulos nacionais e mundiais no jiu-jitsu, costuma glorificar a Deus ap\u00f3s as vit\u00f3rias e compartilhar sua f\u00e9 no Instagram. \u201cQue fique bem claro quem eu sigo: Quem \u00e9 nosso Salvador, Jesus Cristo de Nazar\u00e9, filho unig\u00eanito de Deus Pai, concebido pelo Esp\u00edrito Santo. O Cordeiro, ungido, que foi dado em sacrif\u00edcio para nos lavar de nossos pecados. Hoje, a mensagem \u00e9 uma s\u00f3: Ele vive e est\u00e1 voltando. Por isso, corra pra Ele. Fa\u00e7a Dele sua fortaleza\u201d, declarou Gabriel Grij\u00f3, em uma postagem anterior.<\/p>\n","protected":false},"author":1,"featured_media":11487,"comment_status":"closed","ping_status":"closed","sticky":false,"template":"","format":"standard","meta":{"footnotes":""},"categories":[12],"tags":[],"class_list":["post-11486","post","type-post","status-publish","format-standard","has-post-thumbnail","hentry","category-mundo-cristao"],"acf":[],"_links":{"self":[{"href":"https:\/\/fabricadescripts.com.br\/igrejas\/IGRE3535\/wp-json\/wp\/v2\/posts\/11486","targetHints":{"allow":["GET"]}}],"collection":[{"href":"https:\/\/fabricadescripts.com.br\/igrejas\/IGRE3535\/wp-json\/wp\/v2\/posts"}],"about":[{"href":"https:\/\/fabricadescripts.com.br\/igrejas\/IGRE3535\/wp-json\/wp\/v2\/types\/post"}],"author":[{"embeddable":true,"href":"https:\/\/fabricadescripts.com.br\/igrejas\/IGRE3535\/wp-json\/wp\/v2\/users\/1"}],"replies":[{"embeddable":true,"href":"https:\/\/fabricadescripts.com.br\/igrejas\/IGRE3535\/wp-json\/wp\/v2\/comments?post=11486"}],"version-history":[{"count":0,"href":"https:\/\/fabricadescripts.com.br\/igrejas\/IGRE3535\/wp-json\/wp\/v2\/posts\/11486\/revisions"}],"wp:featuredmedia":[{"embeddable":true,"href":"https:\/\/fabricadescripts.com.br\/igrejas\/IGRE3535\/wp-json\/wp\/v2\/media\/11487"}],"wp:attachment":[{"href":"https:\/\/fabricadescripts.com.br\/igrejas\/IGRE3535\/wp-json\/wp\/v2\/media?parent=11486"}],"wp:term":[{"taxonomy":"category","embeddable":true,"href":"https:\/\/fabricadescripts.com.br\/igrejas\/IGRE3535\/wp-json\/wp\/v2\/categories?post=11486"},{"taxonomy":"post_tag","embeddable":true,"href":"https:\/\/fabricadescripts.com.br\/igrejas\/IGRE3535\/wp-json\/wp\/v2\/tags?post=11486"}],"curies":[{"name":"wp","href":"https:\/\/api.w.org\/{rel}","templated":true}]}}