{"id":11480,"date":"2026-03-20T18:29:13","date_gmt":"2026-03-20T21:29:13","guid":{"rendered":"https:\/\/fabricadescripts.com.br\/igrejas\/IGRE3535\/adolescente-filho-de-pastor-e-preso-em-meio-a-repressao-contra-cristaos-em-cuba\/"},"modified":"2026-03-20T18:29:13","modified_gmt":"2026-03-20T21:29:13","slug":"adolescente-filho-de-pastor-e-preso-em-meio-a-repressao-contra-cristaos-em-cuba","status":"publish","type":"post","link":"https:\/\/fabricadescripts.com.br\/igrejas\/IGRE3535\/adolescente-filho-de-pastor-e-preso-em-meio-a-repressao-contra-cristaos-em-cuba\/","title":{"rendered":"Adolescente filho de pastor \u00e9 preso em meio \u00e0 repress\u00e3o contra crist\u00e3os em Cuba"},"content":{"rendered":"<div>\n<p><span>Um adolescente de 16 anos, filho de um pastor, foi preso em<\/span><span><strong> Cuba<\/strong><\/span><span>, em meio \u00e0 repress\u00e3o do governo comunista contra crist\u00e3os.<\/span><\/p>\n<p><span>Segundo a Christian Solidarity Worldwide, organiza\u00e7\u00e3o que apoia crist\u00e3os perseguidos, Jonathan Muir Burgos e seu pai Elier Muir \u00c1vila foram intimados pela pol\u00edcia e presos, na cidade de Mor\u00f3n, na prov\u00edncia de Ciego de \u00c1vila, na segunda-feira (16).<\/span><\/p>\n<p><span>O pastor Elier foi libertado no mesmo dia, por\u00e9m Jonathan permanece detido no Departamento de Investiga\u00e7\u00e3o T\u00e9cnica ap\u00f3s ser acusado de participar dos protestos que aconteceram em Mor\u00f3n, na sexta-feira (13) e no s\u00e1bado (14).<\/span><\/p>\n<p><span>Mesmo sendo menor de idade, o adolescente passou por interrogat\u00f3rio sobre sua presen\u00e7a no protesto e sobre o que ele falou na manifesta\u00e7\u00e3o, incluindo se ele pediu por liberdade.\u00a0<\/span><\/p>\n<p><span>Jonathan ainda n\u00e3o foi acusado formalmente, mas as autoridades informaram que ele pode enfrentar processos nos pr\u00f3ximos dias.<\/span><\/p>\n<p><span>Familiares e ativistas de direitos humanos expressaram preocupa\u00e7\u00e3o com o adolescente, que possui um problema de sa\u00fade grave.<\/span><\/p>\n<p><span>A deten\u00e7\u00e3o do filho do pastor ocorre em meio ao aumento da agita\u00e7\u00e3o social em Cuba ap\u00f3s quedas de energia constantes, e <\/span><span><strong>escassez de alimentos<\/strong><\/span><span> e rem\u00e9dios.<\/span><\/p>\n<p><span>Moradores protestaram em diversas \u00e1reas do pa\u00eds, incluindo Mor\u00f3n. Durante os protestos, manifestantes saquearam e incendiaram escrit\u00f3rios do Partido Comunista Cubano na cidade. Em meio a agita\u00e7\u00e3o, o governo bloqueou o acesso \u00e0 internet em Mor\u00f3n e \u00e1reas vizinhas.\u00a0<\/span><\/p>\n<p><span>De acordo com o jornal cubano Ciber Cuba, policiais realizaram intima\u00e7\u00f5es, batidas e pris\u00f5es contra muitos jovens e menores de idade depois dos protestos.<\/span><\/p>\n<p><strong>Fam\u00edlia perseguida<\/strong><\/p>\n<p><span>Ativistas pela liberdade religiosa relataram que a fam\u00edlia do pastor Elier \u00c1vila j\u00e1 tem enfrentado press\u00e3o do governo por suas atividades religiosas. Ele lidera a igreja Tiempo de Cosecha, uma congrega\u00e7\u00e3o independente n\u00e3o registrada.<\/span><\/p>\n<p><span>Em 2024, o pastor recebeu diversas visitas de autoridades locais, enviados pelo Escrit\u00f3rio de Assuntos Religiosos do Comit\u00ea Central do Partido Comunista Cubano, que o alertaram que somente igrejas autorizadas pelo governo podiam funcionar e apenas l\u00edderes reconhecidos pelo Estado poderiam ministrar.<\/span><\/p>\n<p><span>O Reverendo Mario Felix Lleonart Barroso, ativista cubano pela liberdade religiosa, afirmou que o caso recente se assemelha com a pris\u00e3o do pastor <\/span><span><strong>Lorenzo Rosales<\/strong><\/span><span> Fajardo e seu filho adolescente ap\u00f3s protestos em julho de 2021, em Cuba.<\/span><\/p>\n<p><span>\u201cO governo cubano tem um longo hist\u00f3rico de mirar os filhos de l\u00edderes da igreja como uma t\u00e1tica de press\u00e3o\u201d, afirmou a Christian Solidarity Worldwide (CSW).<\/span><\/p>\n<p><span>A Diretora de Advocacia da CSW, Anna Lee Stangl, declarou: \u201cExigimos que o governo cubano libere imediatamente Jonathan Muir Burgos sob a cust\u00f3dia de seus pais. A deten\u00e7\u00e3o de uma crian\u00e7a de 16 anos, com uma condi\u00e7\u00e3o m\u00e9dica grave, simplesmente porque tentou exercer sua liberdade de express\u00e3o, \u00e9 inconceb\u00edvel\u201d.\u00a0<\/span><\/p>\n<p><span>\u201cApesar da gravidade da situa\u00e7\u00e3o na ilha \u2013 com fome desenfreada, escassez de medicamentos, surtos de doen\u00e7as e a falha da rede el\u00e9trica \u2013, a resposta do presidente Miguel Canel D\u00edaz e do Partido Comunista Cubano \u00e9 prender aqueles que ousam clamar por mudan\u00e7as\u201d.<\/span><\/p>\n<p><span>Igrejas independentes e l\u00edderes crist\u00e3os que usam plataformas digitais para compartilhar o Evangelho t\u00eam enfrentado repress\u00e3o do governo cubano.<\/span><\/p>\n<p><span>Na \u00faltima sexta-feira (13), o <\/span><span><strong>pastor Rolando P\u00e9rez Lora foi detido<\/strong><\/span><span> ap\u00f3s pregar em uma live no YouTube no pa\u00eds.<\/span><\/p>\n<p><strong>Persegui\u00e7\u00e3o em Cuba<\/strong><\/p>\n<p><span>Segundo o Banco de Dados Crist\u00e3o Mundial, cerca de 85% dos cubanos se identificam como crist\u00e3os. A maioria \u00e9 cat\u00f3lica e cerca de 11% s\u00e3o evang\u00e9licos.<\/span><\/p>\n<p><span>No pa\u00eds, os crist\u00e3os enfrentam deten\u00e7\u00f5es arbitr\u00e1rias, amea\u00e7as e ass\u00e9dio. Participar de cultos \u00e9 permitido, mas novas igrejas n\u00e3o podem ser abertas.<\/span><\/p>\n<p><span>Diante da repress\u00e3o, milhares de seguidores de Jesus t\u00eam encontrado abrigo espiritual nas chamadas igrejas dom\u00e9sticas.<\/span><\/p>\n<p><span>Mesmo sob vigil\u00e2ncia constante, essas pequenas comunidades continuam a se multiplicar e se tornam fundamentais para manter viva a f\u00e9 na ilha.<\/span><\/p>\n<p><span>As igrejas dom\u00e9sticas s\u00e3o grupos crist\u00e3os que se re\u00fanem para realizar cultos dentro das casas de pastores ou de membros da comunidade.<\/span><\/p>\n<p><span>De acordo com dados da associa\u00e7\u00e3o ASCE Cuba, h\u00e1 entre 20 mil e 30 mil dessas igrejas ativas no pa\u00eds. Elas funcionam sem placas, sem autoriza\u00e7\u00e3o oficial e, muitas vezes, enfrentam o constante risco de repress\u00e3o governamental.<\/span><\/p>\n<p><span>Cuba ocupa o 24\u00b0 lugar da Lista Mundial da Persegui\u00e7\u00e3o 2026 da Miss\u00e3o Portas Abertas.<\/span><\/p>\n<\/div>\n","protected":false},"excerpt":{"rendered":"<p>Um adolescente de 16 anos, filho de um pastor, foi preso em Cuba, em meio \u00e0 repress\u00e3o do governo comunista contra crist\u00e3os. Segundo a Christian Solidarity Worldwide, organiza\u00e7\u00e3o que apoia crist\u00e3os perseguidos, Jonathan Muir Burgos e seu pai Elier Muir \u00c1vila foram intimados pela pol\u00edcia e presos, na cidade de Mor\u00f3n, na prov\u00edncia de Ciego de \u00c1vila, na segunda-feira (16). O pastor Elier foi libertado no mesmo dia, por\u00e9m Jonathan permanece detido no Departamento de Investiga\u00e7\u00e3o T\u00e9cnica ap\u00f3s ser acusado de participar dos protestos que aconteceram em Mor\u00f3n, na sexta-feira (13) e no s\u00e1bado (14). Mesmo sendo menor de idade, o adolescente passou por interrogat\u00f3rio sobre sua presen\u00e7a no protesto e sobre o que ele falou na manifesta\u00e7\u00e3o, incluindo se ele pediu por liberdade.\u00a0 Jonathan ainda n\u00e3o foi acusado formalmente, mas as autoridades informaram que ele pode enfrentar processos nos pr\u00f3ximos dias. Familiares e ativistas de direitos humanos expressaram preocupa\u00e7\u00e3o com o adolescente, que possui um problema de sa\u00fade grave. A deten\u00e7\u00e3o do filho do pastor ocorre em meio ao aumento da agita\u00e7\u00e3o social em Cuba ap\u00f3s quedas de energia constantes, e escassez de alimentos e rem\u00e9dios. Moradores protestaram em diversas \u00e1reas do pa\u00eds, incluindo Mor\u00f3n. Durante os protestos, manifestantes saquearam e incendiaram escrit\u00f3rios do Partido Comunista Cubano na cidade. Em meio a agita\u00e7\u00e3o, o governo bloqueou o acesso \u00e0 internet em Mor\u00f3n e \u00e1reas vizinhas.\u00a0 De acordo com o jornal cubano Ciber Cuba, policiais realizaram intima\u00e7\u00f5es, batidas e pris\u00f5es contra muitos jovens e menores de idade depois dos protestos. Fam\u00edlia perseguida Ativistas pela liberdade religiosa relataram que a fam\u00edlia do pastor Elier \u00c1vila j\u00e1 tem enfrentado press\u00e3o do governo por suas atividades religiosas. Ele lidera a igreja Tiempo de Cosecha, uma congrega\u00e7\u00e3o independente n\u00e3o registrada. Em 2024, o pastor recebeu diversas visitas de autoridades locais, enviados pelo Escrit\u00f3rio de Assuntos Religiosos do Comit\u00ea Central do Partido Comunista Cubano, que o alertaram que somente igrejas autorizadas pelo governo podiam funcionar e apenas l\u00edderes reconhecidos pelo Estado poderiam ministrar. O Reverendo Mario Felix Lleonart Barroso, ativista cubano pela liberdade religiosa, afirmou que o caso recente se assemelha com a pris\u00e3o do pastor Lorenzo Rosales Fajardo e seu filho adolescente ap\u00f3s protestos em julho de 2021, em Cuba. \u201cO governo cubano tem um longo hist\u00f3rico de mirar os filhos de l\u00edderes da igreja como uma t\u00e1tica de press\u00e3o\u201d, afirmou a Christian Solidarity Worldwide (CSW). A Diretora de Advocacia da CSW, Anna Lee Stangl, declarou: \u201cExigimos que o governo cubano libere imediatamente Jonathan Muir Burgos sob a cust\u00f3dia de seus pais. A deten\u00e7\u00e3o de uma crian\u00e7a de 16 anos, com uma condi\u00e7\u00e3o m\u00e9dica grave, simplesmente porque tentou exercer sua liberdade de express\u00e3o, \u00e9 inconceb\u00edvel\u201d.\u00a0 \u201cApesar da gravidade da situa\u00e7\u00e3o na ilha \u2013 com fome desenfreada, escassez de medicamentos, surtos de doen\u00e7as e a falha da rede el\u00e9trica \u2013, a resposta do presidente Miguel Canel D\u00edaz e do Partido Comunista Cubano \u00e9 prender aqueles que ousam clamar por mudan\u00e7as\u201d. Igrejas independentes e l\u00edderes crist\u00e3os que usam plataformas digitais para compartilhar o Evangelho t\u00eam enfrentado repress\u00e3o do governo cubano. Na \u00faltima sexta-feira (13), o pastor Rolando P\u00e9rez Lora foi detido ap\u00f3s pregar em uma live no YouTube no pa\u00eds. Persegui\u00e7\u00e3o em Cuba Segundo o Banco de Dados Crist\u00e3o Mundial, cerca de 85% dos cubanos se identificam como crist\u00e3os. A maioria \u00e9 cat\u00f3lica e cerca de 11% s\u00e3o evang\u00e9licos. No pa\u00eds, os crist\u00e3os enfrentam deten\u00e7\u00f5es arbitr\u00e1rias, amea\u00e7as e ass\u00e9dio. Participar de cultos \u00e9 permitido, mas novas igrejas n\u00e3o podem ser abertas. Diante da repress\u00e3o, milhares de seguidores de Jesus t\u00eam encontrado abrigo espiritual nas chamadas igrejas dom\u00e9sticas. Mesmo sob vigil\u00e2ncia constante, essas pequenas comunidades continuam a se multiplicar e se tornam fundamentais para manter viva a f\u00e9 na ilha. As igrejas dom\u00e9sticas s\u00e3o grupos crist\u00e3os que se re\u00fanem para realizar cultos dentro das casas de pastores ou de membros da comunidade. De acordo com dados da associa\u00e7\u00e3o ASCE Cuba, h\u00e1 entre 20 mil e 30 mil dessas igrejas ativas no pa\u00eds. Elas funcionam sem placas, sem autoriza\u00e7\u00e3o oficial e, muitas vezes, enfrentam o constante risco de repress\u00e3o governamental. Cuba ocupa o 24\u00b0 lugar da Lista Mundial da Persegui\u00e7\u00e3o 2026 da Miss\u00e3o Portas Abertas.<\/p>\n","protected":false},"author":1,"featured_media":11481,"comment_status":"closed","ping_status":"closed","sticky":false,"template":"","format":"standard","meta":{"footnotes":""},"categories":[11],"tags":[],"class_list":["post-11480","post","type-post","status-publish","format-standard","has-post-thumbnail","hentry","category-brasil"],"acf":[],"_links":{"self":[{"href":"https:\/\/fabricadescripts.com.br\/igrejas\/IGRE3535\/wp-json\/wp\/v2\/posts\/11480","targetHints":{"allow":["GET"]}}],"collection":[{"href":"https:\/\/fabricadescripts.com.br\/igrejas\/IGRE3535\/wp-json\/wp\/v2\/posts"}],"about":[{"href":"https:\/\/fabricadescripts.com.br\/igrejas\/IGRE3535\/wp-json\/wp\/v2\/types\/post"}],"author":[{"embeddable":true,"href":"https:\/\/fabricadescripts.com.br\/igrejas\/IGRE3535\/wp-json\/wp\/v2\/users\/1"}],"replies":[{"embeddable":true,"href":"https:\/\/fabricadescripts.com.br\/igrejas\/IGRE3535\/wp-json\/wp\/v2\/comments?post=11480"}],"version-history":[{"count":0,"href":"https:\/\/fabricadescripts.com.br\/igrejas\/IGRE3535\/wp-json\/wp\/v2\/posts\/11480\/revisions"}],"wp:featuredmedia":[{"embeddable":true,"href":"https:\/\/fabricadescripts.com.br\/igrejas\/IGRE3535\/wp-json\/wp\/v2\/media\/11481"}],"wp:attachment":[{"href":"https:\/\/fabricadescripts.com.br\/igrejas\/IGRE3535\/wp-json\/wp\/v2\/media?parent=11480"}],"wp:term":[{"taxonomy":"category","embeddable":true,"href":"https:\/\/fabricadescripts.com.br\/igrejas\/IGRE3535\/wp-json\/wp\/v2\/categories?post=11480"},{"taxonomy":"post_tag","embeddable":true,"href":"https:\/\/fabricadescripts.com.br\/igrejas\/IGRE3535\/wp-json\/wp\/v2\/tags?post=11480"}],"curies":[{"name":"wp","href":"https:\/\/api.w.org\/{rel}","templated":true}]}}