{"id":11472,"date":"2026-03-19T18:24:02","date_gmt":"2026-03-19T21:24:02","guid":{"rendered":"https:\/\/fabricadescripts.com.br\/igrejas\/IGRE3535\/autista-emociona-igreja-ao-festejar-seu-batismo-o-amor-de-cristo-inclui-todos\/"},"modified":"2026-03-19T18:24:02","modified_gmt":"2026-03-19T21:24:02","slug":"autista-emociona-igreja-ao-festejar-seu-batismo-o-amor-de-cristo-inclui-todos","status":"publish","type":"post","link":"https:\/\/fabricadescripts.com.br\/igrejas\/IGRE3535\/autista-emociona-igreja-ao-festejar-seu-batismo-o-amor-de-cristo-inclui-todos\/","title":{"rendered":"Autista emociona igreja ao festejar seu batismo: &#8216;O amor de Cristo inclui todos&#8217;"},"content":{"rendered":"<div>\n<p><span>No \u00faltimo domingo (15), uma igreja celebrou a nova vida em Cristo de muitos novos convertidos no Rio de Janeiro. Entre os que desceram \u00e0s \u00e1guas, um adolescente <\/span><strong><span>autista<\/span> <\/strong><span>chamou aten\u00e7\u00e3o e emocionou toda a congrega\u00e7\u00e3o ao testemunhar sua f\u00e9 em Jesus.<\/span><\/p>\n<p><span>Com festa, Calebe entrou pelo corredor da Assembleia de Deus Vit\u00f3ria em Cristo, em Jardim Bangu, enquanto os crist\u00e3os louvavam a Deus. O pastor da igreja, Wallace Silva, liderou o batismo e conduziu o menino na ocasi\u00e3o.\u00a0<\/span><\/p>\n<p><span>Antes de mergulh\u00e1-lo na \u00e1gua, o pastor molhou a cabe\u00e7a dele e outros l\u00edderes tamb\u00e9m ajudaram a tornar o momento inclusivo e especial para Calebe.<\/span><\/p>\n<p><span>Ap\u00f3s confirmar que estava pronto, ele desceu \u00e0s \u00e1guas e emocionou a todos ao levantar, pulando e se alegrando na presen\u00e7a do Senhor.<\/span><\/p>\n<blockquote data-instgrm-permalink=\"https:\/\/www.instagram.com\/reel\/DV6vv-6jxlR\/?utm_source=ig_embed&#038;utm_campaign=loading\" data-instgrm-version=\"14\"><\/blockquote>\n<p><span>\u201cO amor de Cristo n\u00e3o tem barreiras: acolhe, inclui e transforma\u201d, afirmou a congrega\u00e7\u00e3o no Instagram.<\/span><\/p>\n<p><strong>\u2018A inclus\u00e3o faz parte do cora\u00e7\u00e3o de Deus\u2019<\/strong><\/p>\n<p><span>Em seu perfil no Instagram, o pastor destacou a<\/span><span><strong> import\u00e2ncia da inclus\u00e3o na igreja<\/strong><\/span><span> ao falar sobre o batismo:\u00a0<\/span><\/p>\n<p><span>\u201cCelebramos um amor que alcan\u00e7a, abra\u00e7a e escreve novas hist\u00f3rias. Porque, para Deus, cada vida \u00e9 \u00fanica, amada e cheia de prop\u00f3sito\u201d.<\/span><\/p>\n<p><span>\u201cHoje celebramos algo muito especial: o batismo de algu\u00e9m amado por Deus. Este momento tamb\u00e9m nos lembra de uma verdade profunda sobre o Reino de Deus \u2014 no Reino de Deus h\u00e1 lugar para todos. A inclus\u00e3o n\u00e3o \u00e9 apenas um gesto de bondade humana; ela faz parte do pr\u00f3prio cora\u00e7\u00e3o de Deus\u201d, acrescentou.<\/span><\/p>\n<blockquote data-instgrm-permalink=\"https:\/\/www.instagram.com\/reel\/DV8SPjeEosp\/?utm_source=ig_embed&#038;utm_campaign=loading\" data-instgrm-version=\"14\"><\/blockquote>\n<p><span>Wallace refletiu sobre o exemplo de Jesus, que acolhia \u201caqueles que muitas vezes eram deixados de lado pela sociedade\u201d.<\/span><\/p>\n<p><span>\u201cPara Deus, cada pessoa tem valor, dignidade e prop\u00f3sito\u201d, concluiu o pastor.<\/span><\/p>\n<p><span>Milhares de pessoas tamb\u00e9m foram impactadas pelo v\u00eddeo do batismo de Calebe e comentaram: \u201cInclus\u00e3o \u00e9 um ato de amor. A igreja tem um papel fundamental. Parab\u00e9ns\u201d.<\/span><\/p>\n<p><span>\u201cEsse menino \u00e9 a express\u00e3o mais genu\u00edna do que devemos buscar e sentir, na presen\u00e7a desse Deus maravilhoso\u201d, disse uma internauta.<\/span><\/p>\n<\/div>\n","protected":false},"excerpt":{"rendered":"<p>No \u00faltimo domingo (15), uma igreja celebrou a nova vida em Cristo de muitos novos convertidos no Rio de Janeiro. Entre os que desceram \u00e0s \u00e1guas, um adolescente autista chamou aten\u00e7\u00e3o e emocionou toda a congrega\u00e7\u00e3o ao testemunhar sua f\u00e9 em Jesus. Com festa, Calebe entrou pelo corredor da Assembleia de Deus Vit\u00f3ria em Cristo, em Jardim Bangu, enquanto os crist\u00e3os louvavam a Deus. O pastor da igreja, Wallace Silva, liderou o batismo e conduziu o menino na ocasi\u00e3o.\u00a0 Antes de mergulh\u00e1-lo na \u00e1gua, o pastor molhou a cabe\u00e7a dele e outros l\u00edderes tamb\u00e9m ajudaram a tornar o momento inclusivo e especial para Calebe. Ap\u00f3s confirmar que estava pronto, ele desceu \u00e0s \u00e1guas e emocionou a todos ao levantar, pulando e se alegrando na presen\u00e7a do Senhor. \u201cO amor de Cristo n\u00e3o tem barreiras: acolhe, inclui e transforma\u201d, afirmou a congrega\u00e7\u00e3o no Instagram. \u2018A inclus\u00e3o faz parte do cora\u00e7\u00e3o de Deus\u2019 Em seu perfil no Instagram, o pastor destacou a import\u00e2ncia da inclus\u00e3o na igreja ao falar sobre o batismo:\u00a0 \u201cCelebramos um amor que alcan\u00e7a, abra\u00e7a e escreve novas hist\u00f3rias. Porque, para Deus, cada vida \u00e9 \u00fanica, amada e cheia de prop\u00f3sito\u201d. \u201cHoje celebramos algo muito especial: o batismo de algu\u00e9m amado por Deus. Este momento tamb\u00e9m nos lembra de uma verdade profunda sobre o Reino de Deus \u2014 no Reino de Deus h\u00e1 lugar para todos. A inclus\u00e3o n\u00e3o \u00e9 apenas um gesto de bondade humana; ela faz parte do pr\u00f3prio cora\u00e7\u00e3o de Deus\u201d, acrescentou. Wallace refletiu sobre o exemplo de Jesus, que acolhia \u201caqueles que muitas vezes eram deixados de lado pela sociedade\u201d. \u201cPara Deus, cada pessoa tem valor, dignidade e prop\u00f3sito\u201d, concluiu o pastor. Milhares de pessoas tamb\u00e9m foram impactadas pelo v\u00eddeo do batismo de Calebe e comentaram: \u201cInclus\u00e3o \u00e9 um ato de amor. A igreja tem um papel fundamental. Parab\u00e9ns\u201d. \u201cEsse menino \u00e9 a express\u00e3o mais genu\u00edna do que devemos buscar e sentir, na presen\u00e7a desse Deus maravilhoso\u201d, disse uma internauta.<\/p>\n","protected":false},"author":1,"featured_media":11473,"comment_status":"closed","ping_status":"closed","sticky":false,"template":"","format":"standard","meta":{"footnotes":""},"categories":[12],"tags":[],"class_list":["post-11472","post","type-post","status-publish","format-standard","has-post-thumbnail","hentry","category-mundo-cristao"],"acf":[],"_links":{"self":[{"href":"https:\/\/fabricadescripts.com.br\/igrejas\/IGRE3535\/wp-json\/wp\/v2\/posts\/11472","targetHints":{"allow":["GET"]}}],"collection":[{"href":"https:\/\/fabricadescripts.com.br\/igrejas\/IGRE3535\/wp-json\/wp\/v2\/posts"}],"about":[{"href":"https:\/\/fabricadescripts.com.br\/igrejas\/IGRE3535\/wp-json\/wp\/v2\/types\/post"}],"author":[{"embeddable":true,"href":"https:\/\/fabricadescripts.com.br\/igrejas\/IGRE3535\/wp-json\/wp\/v2\/users\/1"}],"replies":[{"embeddable":true,"href":"https:\/\/fabricadescripts.com.br\/igrejas\/IGRE3535\/wp-json\/wp\/v2\/comments?post=11472"}],"version-history":[{"count":0,"href":"https:\/\/fabricadescripts.com.br\/igrejas\/IGRE3535\/wp-json\/wp\/v2\/posts\/11472\/revisions"}],"wp:featuredmedia":[{"embeddable":true,"href":"https:\/\/fabricadescripts.com.br\/igrejas\/IGRE3535\/wp-json\/wp\/v2\/media\/11473"}],"wp:attachment":[{"href":"https:\/\/fabricadescripts.com.br\/igrejas\/IGRE3535\/wp-json\/wp\/v2\/media?parent=11472"}],"wp:term":[{"taxonomy":"category","embeddable":true,"href":"https:\/\/fabricadescripts.com.br\/igrejas\/IGRE3535\/wp-json\/wp\/v2\/categories?post=11472"},{"taxonomy":"post_tag","embeddable":true,"href":"https:\/\/fabricadescripts.com.br\/igrejas\/IGRE3535\/wp-json\/wp\/v2\/tags?post=11472"}],"curies":[{"name":"wp","href":"https:\/\/api.w.org\/{rel}","templated":true}]}}